{"id":12997,"date":"2013-09-08T11:51:39","date_gmt":"2013-09-08T14:51:39","guid":{"rendered":"http:\/\/fachodeluz.blog.br\/wp\/?p=12997"},"modified":"2013-09-08T12:04:36","modified_gmt":"2013-09-08T15:04:36","slug":"eu-sou-aquele-que-sou","status":"publish","type":"post","link":"https:\/\/www.fachodeluz.blog.br\/wp\/2013\/09\/08\/eu-sou-aquele-que-sou\/","title":{"rendered":"&#8220;Eu Sou Aquele Que Sou!&#8221;"},"content":{"rendered":"<h3 align=\"center\"><a href=\"https:\/\/i0.wp.com\/fachodeluz.blog.br\/wp\/wp-content\/uploads\/2013\/09\/2735.gif\"><img data-recalc-dims=\"1\" loading=\"lazy\" decoding=\"async\" loading=\"lazy\" class=\"aligncenter size-full wp-image-12998\" alt=\"2735\" src=\"https:\/\/i0.wp.com\/fachodeluz.blog.br\/wp\/wp-content\/uploads\/2013\/09\/2735.gif?resize=450%2C753\" width=\"450\" height=\"753\" \/><\/a><\/h3>\n<h3 align=\"center\"><span><em><span style=\"color: #993300; font-family: Times New Roman;\">\u201cE disse Deus a Mois\u00e9s: Eu Sou o que sou\u201d.<\/span><\/em><\/span><\/h3>\n<h3 align=\"center\"><span><span style=\"color: #993300; font-family: Times New Roman;\">\u00caxodo 3: 14<\/span><\/span><\/h3>\n<h2 align=\"center\"><span><span style=\"color: #993300; font-family: Times New Roman;\"><span style=\"font-weight: normal;\">Quando a revela\u00e7\u00e3o divina recebida por Mois\u00e9s for espiritualmente entendida, <\/span><em><span style=\"font-weight: normal;\">\u201cEu Sou o que sou\u201d,<\/span><\/em><span style=\"font-weight: normal;\"> a Verdade estar\u00e1 conhecida e a Vida \u00fanica e perfeita em exist\u00eancia, que \u00e9 Deus vivendo, ser\u00e1 conhecida como onipresente. Que havia entendido Mois\u00e9s? Que \u201cDeus estava falando com ele\u201d, ou seja, que Deus n\u00e3o era TUDO e, portanto, que \u201cn\u00e3o era ele pr\u00f3prio\u201d. Isto porque ainda se identificava com a mente humana, sem poder entender que era uma Autorrevela\u00e7\u00e3o. <\/span><em><span style=\"font-weight: normal;\">\u201cEu estarei contigo\u201d<\/span><\/em><span style=\"font-weight: normal;\"> (Ex 3, 12)! Eis outra Autorrevela\u00e7\u00e3o que, para quem estiver ilusoriamente se identificando com \u201cmente humana\u201d, parecer\u00e1 ser \u201cDeus estando ao lado de um ser humano\u201d.<\/span><\/span><\/span><\/h2>\n<h2 align=\"center\"><span><span style=\"color: #993300; font-family: Times New Roman;\"><span style=\"font-weight: normal;\">A vis\u00e3o dualista das revela\u00e7\u00f5es divinas acompanhou a humanidade no decorrer das \u00e9pocas! Sempre um \u201cser humano\u201d se via presente, se sentindo ou julgando mais afastado ou mais pr\u00f3ximo de Deus, em fun\u00e7\u00e3o do tipo de \u201cvida terrena\u201d que supostamente vinha levando! O chamado \u201cAntigo Testamento\u201d foi, portanto, todo ele fundamentalmente pautado neste dualismo aceito pelo mundo, ou seja, a presen\u00e7a de um \u201cDeus perfeito\u201d, separado de todos, e sempre dispon\u00edvel para julgar ou salvar \u201cseres humanos imperfeitos\u201d.<\/span><\/span><\/span><\/h2>\n<h2 align=\"center\"><span><span style=\"font-family: Times New Roman;\"><span style=\"color: #993300;\"><em><span style=\"font-weight: normal;\">\u201cEu sou o Deus de teus pais, o Deus de Abra\u00e3o, o Deus de Isaac e o Deus de Jac\u00f3\u201d<\/span><\/em><span style=\"font-weight: normal;\"> (Ex 3,6). Novamente era passado e entendido um Deus sendo adorado pelos \u201cpais\u201d, por \u201cAbra\u00e3o\u201d, \u201cIsaac\u201d e \u201cJac\u00f3\u201d, ou seja, novamente era entendido que havia um Deus \u00daNICO diante de \u201cdiversas criaturas\u201d, separadas dEle, para serem salvas, receberem Sua miseric\u00f3rdia ou Sua ira, <\/span><em><span style=\"font-weight: normal;\">como se DEUS N\u00c3O FOSSE TUDO!<\/span><\/em><\/span><\/span><\/span><\/h2>\n<h2 align=\"center\"><span><span style=\"color: #993300; font-family: Times New Roman;\"><span style=\"font-weight: normal;\">Com o \u201cNovo Testamento\u201d, a vis\u00e3o de DUALIDADE foi alterada pela de UNIDADE. O Deus de Jesus n\u00e3o era passado como separado dele, mas sendo UM COM ELE! A revela\u00e7\u00e3o do Cristo tinha sentido universal; entretanto, pelo v\u00edcio dos tempos, uma vez mais, a vis\u00e3o dualista predominava, e o mundo n\u00e3o conseguia aceitar que JESUS ERA O PR\u00d3PRIO ESP\u00cdRITO DE DEUS, e n\u00e3o mera \u201ccriatura imperfeita de Deus\u201d, como era coletivamente aceito. Pedras lhe eram atiradas, e por este motivo:<\/span><em><span style=\"font-weight: normal;\"> \u201cTu, sendo homem, te fazes Deus!\u201d.<\/span><\/em><span style=\"font-weight: normal;\"> Mas Jesus n\u00e3o se fazia Deus sozinho, de modo pessoal, e sim universal! <\/span><em><span style=\"font-weight: normal;\">\u201cN\u00e3o revelam as Escrituras: Eu disse: sois deuses?\u201d<\/span><\/em><span style=\"font-weight: normal;\"> \u2013 respondia ele aos judeus. Sempre se referia a Deus como <\/span><em><span style=\"font-weight: normal;\">\u201cmeu Pai e vosso Pai\u201d,<\/span><\/em><span style=\"font-weight: normal;\"> no intuito de anunciar a UNIDADE que somos em Deus!<\/span><\/span><\/span><\/h2>\n<h2 align=\"center\"><span><span style=\"color: #993300; font-family: Times New Roman;\"><span style=\"font-weight: normal;\">Com o passar dos s\u00e9culos, a divindade de Jesus foi sendo difundida pelos seus seguidores, mas n\u00e3o claramente como VERDADE UNIVERSAL! Jesus foi endeusado sozinho, aceito como \u201cum com o Pai\u201d, enquanto o grosso da humanidade continuou vivendo e se vendo na mesma mentira dos antigos, ou seja, de que DEUS N\u00c3O \u00c9 TUDO, e que s\u00f3 JESUS \u00c9 FILHO PERFEITO DE DEUS, SENDO, TODOS OS DEMAIS, M\u00cdSERAS CRIATURAS FORA DOS PADR\u00d5ES DA QUALIDADE DIVINA, SERES PECAMINOSOS E DEFEITUOSOS QUE, SOMENTE GRA\u00c7AS A JESUS, OBTIVERAM A OPORTUNIDADE DE SE SALVAR! Entretanto, esta aceita\u00e7\u00e3o coletiva jamais foi condizente com as palavras de Jesus, que disse: <\/span><em><span style=\"font-weight: normal;\">\u201cVim ao mundo dar testemunho da Verdade\u201d, \u201cSois a Luz do mundo\u201d, \u201cV\u00f3s, deste mundo, n\u00e3o sois\u201d, \u201cEstivestes COMIGO desde o princ\u00edpio\u201d, \u201cDei-lhes a gl\u00f3ria para serem um, perfeitos em unidade\u201d, etc..<\/span><\/em><span style=\"font-weight: normal;\"> Em outras palavras, Jesus sabia e sabe que DEUS \u00c9 TUDO! E, tamb\u00e9m, que CADA UM TERIA DE TER ESTA MESMA <\/span><em><span style=\"font-weight: normal;\">AUTORREVELA\u00c7\u00c3O<\/span><\/em><span style=\"font-weight: normal;\"> TIDA POR ELE, chamada, nas Escrituras, de PENTECOSTES: a \u201cDESCIDA DO ESPIRITO SANTO\u201d, que nada mais \u00e9, que CADA UM ACORDAR DO SONHO DE VIDA HUMANA, EM QUE FAZ O PAPEL ILUS\u00d3RIO DE MORTAL NASCIDO NO \u201cMUNDO DO PAI DA MENTIRA\u201d, E SE DISCERNIR <\/span><em><span style=\"font-weight: normal;\">SENDO O CRISTO<\/span><\/em><span style=\"font-weight: normal;\"> QUE, COMO DISSE PAULO, <\/span><em><span style=\"font-weight: normal;\">\u00c9 TUDO EM TODOS!<\/span><\/em><\/span><\/span><\/h2>\n<h2 align=\"center\"><span><span style=\"color: #993300; font-family: Times New Roman;\"><span style=\"font-weight: normal;\">Os ensinamentos absolutistas revelam DIRETAMENTE a Verdade tal como A VERDADE \u00c9: DEUS \u00c9 TUDO! Mesmo que mil mentiras sejam criadas sobre um fato verdadeiro, unicamente a VERDADE sobre o fato estaria manifestada e sozinha! Nunca existiram Abra\u00e3o, Isaac, Jac\u00f3 ou Jesus, como criaturas separadas de Deus! <\/span><em><span style=\"font-weight: normal;\">\u201cAquele que me v\u00ea a MIM, v\u00ea o Pai\u201d,<\/span><\/em><span style=\"font-weight: normal;\"> disse Jesus! Disse tamb\u00e9m:<\/span><em><span style=\"font-weight: normal;\"> \u201cVosso mestre Abra\u00e3o exultou ao ver o MEU DIA\u201d,<\/span><\/em><span style=\"font-weight: normal;\"> ou seja, explicava aos fariseus que <\/span><span style=\"font-weight: normal;\">Abra\u00e3o tamb\u00e9m havia se descoberto sendo DEUS! <\/span><span style=\"font-weight: normal;\">IGUALMENTE, NUNCA EXISTIU VOC\u00ca SEPARADO DE DEUS!<\/span><\/span><\/span><\/h2>\n<h2 align=\"center\"><span><span style=\"color: #993300; font-family: Times New Roman;\"><span style=\"font-weight: normal;\">A VERDADE \u00c9 QUE DEUS \u00c9 TUDO, VERDADE, PORTANTO, UNIVERSAL E NUNCA PESSOAL! Assim, diante da revela\u00e7\u00e3o: \u201cEU SOU AQUELE QUE SOU\u201d, o que VOC\u00ca tem a fazer, \u00e9 simplesmente se identificar com este \u201cSEU NOME ESCRITO NOS C\u00c9US\u201d, como disse Jesus, ou seja, IDENTIFICAR-SE COM SUA DIVINA IDENTIDADE: \u201cEU SOU AQUELE QUE SOU\u201d! \u00c9 ESTE O SEU NOME! AGORA, ETERNA E PERMANENTEMENTE!<\/span><\/span><\/span><\/h2>\n<h2 align=\"center\"><span><em><span style=\"color: #993300; font-family: Times New Roman;\">CONTEMPLO A VERDADE DE QUE DEUS \u00c9 TUDO, TUDO \u00c9 DEUS! CONTEMPLO MEU NOME SENDO O NOME DE DEUS, POIS \u201cMEU NOME EST\u00c1 ESCRITO NOS C\u00c9US\u201d. CONTEMPLO,EM QUIETUDE E SIL\u00caNCIO, DEUS SENDO O EU QUE \u201cEU SOU\u201d, OU SEJA, CONTEMPLO A DEUS SE MANIFESTANDO LIVREMENTE COMO O CRISTO QUE EU SOU!<\/span><\/em><\/span><\/h2>\n<h2 align=\"center\"><span><em><span style=\"color: #993300; font-family: Times New Roman;\">*<\/span><\/em><\/span><\/h2>\n","protected":false},"excerpt":{"rendered":"<p>\u201cE disse Deus a Mois\u00e9s: Eu Sou o que sou\u201d. \u00caxodo 3: 14 Quando a revela\u00e7\u00e3o divina recebida por Mois\u00e9s for espiritualmente entendida, \u201cEu Sou o que sou\u201d, a Verdade estar\u00e1 conhecida e a Vida \u00fanica e perfeita em exist\u00eancia, que \u00e9 Deus vivendo, ser\u00e1 conhecida como onipresente. Que havia entendido Mois\u00e9s? Que \u201cDeus estava &hellip; <\/p>\n<p class=\"link-more\"><a href=\"https:\/\/www.fachodeluz.blog.br\/wp\/2013\/09\/08\/eu-sou-aquele-que-sou\/\" class=\"more-link\">Leia mais<span class=\"screen-reader-text\"> &#8220;&#8220;Eu Sou Aquele Que Sou!&#8221;&#8221;<\/span><\/a><\/p>\n","protected":false},"author":2,"featured_media":0,"comment_status":"open","ping_status":"closed","sticky":false,"template":"","format":"standard","meta":{"nf_dc_page":"","_crdt_document":"","footnotes":""},"categories":[10],"tags":[],"class_list":["post-12997","post","type-post","status-publish","format-standard","hentry","category-darcio-dezolt"],"featured_media_urls":[],"_links":{"self":[{"href":"https:\/\/www.fachodeluz.blog.br\/wp\/wp-json\/wp\/v2\/posts\/12997","targetHints":{"allow":["GET"]}}],"collection":[{"href":"https:\/\/www.fachodeluz.blog.br\/wp\/wp-json\/wp\/v2\/posts"}],"about":[{"href":"https:\/\/www.fachodeluz.blog.br\/wp\/wp-json\/wp\/v2\/types\/post"}],"author":[{"embeddable":true,"href":"https:\/\/www.fachodeluz.blog.br\/wp\/wp-json\/wp\/v2\/users\/2"}],"replies":[{"embeddable":true,"href":"https:\/\/www.fachodeluz.blog.br\/wp\/wp-json\/wp\/v2\/comments?post=12997"}],"version-history":[{"count":0,"href":"https:\/\/www.fachodeluz.blog.br\/wp\/wp-json\/wp\/v2\/posts\/12997\/revisions"}],"wp:attachment":[{"href":"https:\/\/www.fachodeluz.blog.br\/wp\/wp-json\/wp\/v2\/media?parent=12997"}],"wp:term":[{"taxonomy":"category","embeddable":true,"href":"https:\/\/www.fachodeluz.blog.br\/wp\/wp-json\/wp\/v2\/categories?post=12997"},{"taxonomy":"post_tag","embeddable":true,"href":"https:\/\/www.fachodeluz.blog.br\/wp\/wp-json\/wp\/v2\/tags?post=12997"}],"curies":[{"name":"wp","href":"https:\/\/api.w.org\/{rel}","templated":true}]}}