{"id":13011,"date":"2013-09-11T11:01:09","date_gmt":"2013-09-11T14:01:09","guid":{"rendered":"http:\/\/fachodeluz.blog.br\/wp\/?p=13011"},"modified":"2013-09-11T11:01:09","modified_gmt":"2013-09-11T14:01:09","slug":"aparencias-reconhecidas-como-aparencias-nao-iludem","status":"publish","type":"post","link":"https:\/\/www.fachodeluz.blog.br\/wp\/2013\/09\/11\/aparencias-reconhecidas-como-aparencias-nao-iludem\/","title":{"rendered":"Apar\u00eancias Reconhecidas Como Apar\u00eancias N\u00e3o Iludem!"},"content":{"rendered":"<h2 align=\"center\"><\/h2>\n<h2 align=\"center\">\u00a0<a href=\"https:\/\/i0.wp.com\/fachodeluz.blog.br\/wp\/wp-content\/uploads\/2013\/09\/AP5.gif\"><img data-recalc-dims=\"1\" loading=\"lazy\" decoding=\"async\" loading=\"lazy\" class=\"aligncenter size-full wp-image-13012\" alt=\"AP5\" src=\"https:\/\/i0.wp.com\/fachodeluz.blog.br\/wp\/wp-content\/uploads\/2013\/09\/AP5.gif?resize=450%2C225\" width=\"450\" height=\"225\" \/><\/a><\/h2>\n<h2 align=\"center\"><span style=\"color: #7a0000;\">Quando partimos da Presen\u00e7a de Deus como TUDO, podemos estar diante das \u201capar\u00eancias\u201d sem sermos iludidos por elas. A ILUS\u00c3O s\u00f3 ilude aquele que desconhece que <em>\u201capar\u00eancias s\u00e3o unicamente apar\u00eancias\u201d.<\/em><\/span><\/h2>\n<h2 align=\"center\"><span style=\"color: #7a0000;\">H\u00e1 tempos, nas marginais de S\u00e3o Paulo, foram colocadas diversas guaritas onde os guardas permaneciam o dia todo para coibir o abuso dos motoristas, tanto em termos de velocidade dos ve\u00edculos como em formas \u00a0de dirigir. Desse modo, vistas de longe, todas as guaritas aparentavam ser iguais; por\u00e9m, quando pass\u00e1vamos bem perto delas, era poss\u00edvel perceber que em muitas, em vez de guardas, havia unicamente bonecos com fardas! Desse modo, quando a \u201cilus\u00e3o\u201d era descoberta, n\u00e3o mais fazia algu\u00e9m se preocupar com ela. <strong>\u201cN\u00e3o havia guarda nenhum! Era <em>apar\u00eancia<\/em>: um boneco sem intelig\u00eancia e sem vida!\u201d<\/strong> <\/span><\/h2>\n<h2 align=\"center\"><span style=\"color: #7a0000;\">Se o motorista tivesse de passar novamente pelo local, de longe SABERIA QUE ALI N\u00c3O HAVIA GUARDA, MESMO CONSTATANDO A \u201cAPAR\u00caNCIA\u201d GERADA PARA ILUDI-LO! E caso ele visse, em seu retrovisor, v\u00e1rios outros motoristas reduzindo drasticamente a velocidade de seus carros, por estarem chegando \u00e0quele ponto, saberia, de imediato, que como ele, em sua primeira passagem, eles\u00a0 igualmente estariam confundindo \u201capar\u00eancia\u201d com \u201crealidade\u201d.<\/span><\/h2>\n<h2 align=\"center\"><span style=\"color: #7a0000;\">A suposta \u201cmente humana\u201d\u00a0 facilmente &#8220;se convence&#8221; de que uma ILUS\u00c3O \u00e9 REALIDADE! No caso, ela estaria convicta de que \u201chavia guarda na guarita\u201d, at\u00e9 \u201cver com os pr\u00f3prios olhos\u201d que o suposto \u201cguarda\u201d jamais existiu no local! Entretanto, no exato instante desta\u00a0 constata\u00e7\u00e3o, veria <strong>A ILUS\u00c3O VIRAR NADA!<\/strong><\/span><\/h2>\n<h2 align=\"center\"><span style=\"color: #7a0000;\">O estudo da Verdade Absoluta \u00e9 um treinamento para DEIXARMOS DE VER APAR\u00caNCIA FALSA COMO REALIDADE PRESENTE! Por isso, o ponto de partida \u00e9 a convic\u00e7\u00e3o de que DEUS \u00c9 TUDO! Se considerarmos o Corpo, por exemplo, em termos do que APARENTA SER , comparando-o com o que as Escrituras revelam que REALMENTE ELE \u00c9, no exato instante em que TROCARMOS DE PONTO DE VISTA, n\u00e3o mais teremos \u201ccorpo nascido\u201d, \u00a0pass\u00edvel de mudar, adoecer ou se curar, e sim a Verdade eterna sobre o Corpo! A B\u00edblia diz que \u201co corpo \u00e9 o Templo de Deus\u201d, que devemos \u201cglorificar a Deus em nosso corpo\u201d, que, visto com o \u201colho simples&#8221;, o corpo \u00e9 LUZ! Estas informa\u00e7\u00f5es seriam compar\u00e1veis \u00e0s dadas pelo<b> motorista que viu &#8220;o boneco em lugar do guarda\u201d,<\/b> ao passar ele a not\u00edcia a outras pessoas que, numa segunda passagem pelo local, porventura estivessem com ele em seu carro. Se os seus acompanhantes lhe dessem cr\u00e9dito, tamb\u00e9m n\u00e3o se deixariam enganar pelo ilus\u00f3rio \u201cguarda\u201d; entretanto, se duvidassem da informa\u00e7\u00e3o, convencidos pela \u201capar\u00eancia\u201d, reagiriam internamente como se \u201ca apar\u00eancia fosse realidade\u201d, \u00a0at\u00e9 \u201cverem com os pr\u00f3prios olhos\u201d a farsa montada para iludir motoristas incautos.<\/span><\/h2>\n<h2 align=\"center\"><span style=\"color: #7a0000;\">Jesus e \u00a0Paulo s\u00e3o duas \u201ctestemunhas\u201d da natureza real do Corpo; \u00a0s\u00e3o dois que viram O SEU CORPO como realmente ELE \u00c9! \u00a0Por isso deram as revela\u00e7\u00f5es a respeito dele! E se elas forem aceitas sem reservas, VOC\u00ca SE LIVRAR\u00c1 DA ILUS\u00c3O! Entretanto, se continuar aceitando \u201ccorpo f\u00edsico\u201d, que pode adoecer ou ser curado, estar\u00e1 vendo \u201cguarda\u201d onde h\u00e1 \u201cboneco\u201d; e ent\u00e3o, n\u00e3o estar\u00e1 CONTEMPLANDO A VERDADE ABSOLUTA, PRESENTE EXATAMENTE NO LUGAR DA APAR\u00caNCIA!<\/span><\/h2>\n<h2 align=\"center\"><em><span style=\"color: #7a0000;\">CONTEMPLO A VERDADE DE QUE DEUS \u00c9 TUDO, TUDO \u00c9 DEUS! CONTEMPLO A VIDA DE DEUS EXATAMENTE NO LUGAR EM QUE \u201cAPAR\u00caNCIAS SEM VIDA\u201d TENTAM SE FAZER PASSAR POR REALIDADES! CONTEMPLO MINHA MENTE SENDO A MENTE DE DEUS, DISCERNINDO AS OBRAS PERMANENTES E PERFEITAS,\u00a0 SUBJACENTES \u00c0S APAR\u00caNCIAS ILUS\u00d3RIAS\u201d.<\/span><\/em><\/h2>\n<h2 align=\"center\"><em><span style=\"color: #7a0000;\">*<\/span><\/em><\/h2>\n","protected":false},"excerpt":{"rendered":"<p>\u00a0 Quando partimos da Presen\u00e7a de Deus como TUDO, podemos estar diante das \u201capar\u00eancias\u201d sem sermos iludidos por elas. A ILUS\u00c3O s\u00f3 ilude aquele que desconhece que \u201capar\u00eancias s\u00e3o unicamente apar\u00eancias\u201d. H\u00e1 tempos, nas marginais de S\u00e3o Paulo, foram colocadas diversas guaritas onde os guardas permaneciam o dia todo para coibir o abuso dos motoristas, &hellip; <\/p>\n<p class=\"link-more\"><a href=\"https:\/\/www.fachodeluz.blog.br\/wp\/2013\/09\/11\/aparencias-reconhecidas-como-aparencias-nao-iludem\/\" class=\"more-link\">Leia mais<span class=\"screen-reader-text\"> &#8220;Apar\u00eancias Reconhecidas Como Apar\u00eancias N\u00e3o Iludem!&#8221;<\/span><\/a><\/p>\n","protected":false},"author":2,"featured_media":0,"comment_status":"open","ping_status":"closed","sticky":false,"template":"","format":"standard","meta":{"nf_dc_page":"","_crdt_document":"","footnotes":""},"categories":[10],"tags":[],"class_list":["post-13011","post","type-post","status-publish","format-standard","hentry","category-darcio-dezolt"],"featured_media_urls":[],"_links":{"self":[{"href":"https:\/\/www.fachodeluz.blog.br\/wp\/wp-json\/wp\/v2\/posts\/13011","targetHints":{"allow":["GET"]}}],"collection":[{"href":"https:\/\/www.fachodeluz.blog.br\/wp\/wp-json\/wp\/v2\/posts"}],"about":[{"href":"https:\/\/www.fachodeluz.blog.br\/wp\/wp-json\/wp\/v2\/types\/post"}],"author":[{"embeddable":true,"href":"https:\/\/www.fachodeluz.blog.br\/wp\/wp-json\/wp\/v2\/users\/2"}],"replies":[{"embeddable":true,"href":"https:\/\/www.fachodeluz.blog.br\/wp\/wp-json\/wp\/v2\/comments?post=13011"}],"version-history":[{"count":0,"href":"https:\/\/www.fachodeluz.blog.br\/wp\/wp-json\/wp\/v2\/posts\/13011\/revisions"}],"wp:attachment":[{"href":"https:\/\/www.fachodeluz.blog.br\/wp\/wp-json\/wp\/v2\/media?parent=13011"}],"wp:term":[{"taxonomy":"category","embeddable":true,"href":"https:\/\/www.fachodeluz.blog.br\/wp\/wp-json\/wp\/v2\/categories?post=13011"},{"taxonomy":"post_tag","embeddable":true,"href":"https:\/\/www.fachodeluz.blog.br\/wp\/wp-json\/wp\/v2\/tags?post=13011"}],"curies":[{"name":"wp","href":"https:\/\/api.w.org\/{rel}","templated":true}]}}