{"id":13165,"date":"2013-10-09T11:16:04","date_gmt":"2013-10-09T14:16:04","guid":{"rendered":"http:\/\/fachodeluz.blog.br\/wp\/?p=13165"},"modified":"2013-10-09T11:24:24","modified_gmt":"2013-10-09T14:24:24","slug":"veja-algo-mais-alem-das-aparencias","status":"publish","type":"post","link":"https:\/\/www.fachodeluz.blog.br\/wp\/2013\/10\/09\/veja-algo-mais-alem-das-aparencias\/","title":{"rendered":"Veja &#8220;Algo Mais&#8221; Al\u00e9m Das Apar\u00eancias!"},"content":{"rendered":"<h2 style=\"text-align: center;\"><a href=\"https:\/\/i0.wp.com\/fachodeluz.blog.br\/wp\/wp-content\/uploads\/2013\/10\/hands.gif\"><img data-recalc-dims=\"1\" loading=\"lazy\" decoding=\"async\" loading=\"lazy\" class=\"aligncenter size-full wp-image-13166\" alt=\"hands\" src=\"https:\/\/i0.wp.com\/fachodeluz.blog.br\/wp\/wp-content\/uploads\/2013\/10\/hands.gif?resize=450%2C259\" width=\"450\" height=\"259\" \/><\/a><\/h2>\n<h2 align=\"center\"><span><span style=\"color: #000066; font-family: Times New Roman;\">O verdadeiro amor a Deus, o verdadeiro respeito \u00e0 Sua Onipresen\u00e7a, s\u00e3o revelados por voc\u00ea a partir do instante em que Deus for glorificado na condi\u00e7\u00e3o de SER VOC\u00ca! Louvar a Deus, mas se posicionando como \u201cum ser inferior \u201c, que supostamente seria \u201ctemente a Deus\u201d, \u00e9 justamente a CREN\u00c7A FALSA que, por figurar em antigas escrituras, a revela\u00e7\u00e3o de Cristo Jesus veio erradicar por completo. Em outras palavras, n\u00e3o existe NINGU\u00c9M para \u201cser temente a Deus\u201d, uma vez que tal aceita\u00e7\u00e3o seria <span>negar <\/span>a Onipresen\u00e7a, e n\u00e3o honr\u00e1-la!<\/span><\/span><\/h2>\n<h2 align=\"center\"><span><span style=\"color: #000066; font-family: Times New Roman;\">Este \u201cser inferior\u201d que, infelizmente, at\u00e9 hoje \u00e9 divulgado por diversos ensinamentos, \u00e9 uma IRREALIDADE aceita como REALIDADE. Por isso, quando \u00e9 aceita a Verdade de que DEUS \u00c9 TUDO, n\u00e3o h\u00e1 como \u201calgo ou algu\u00e9m\u201d, inferior a Deus, poder aparentar existir ou ter realidade!<\/span><\/span><\/h2>\n<h2 align=\"center\"><span><span style=\"color: #000066; font-family: Times New Roman;\">O desconhecimento da NATUREZA ILUS\u00d3RIA do chamado \u201cmundo material\u201d, que n\u00e3o passa de FALTA DE RECONHECIMENTO de que O REINO ESPIRITUAL DE DEUS \u00c9 TUDO, leva a humanidade \u00e0 CREN\u00c7A de que haja ESP\u00cdRITO <em>E<\/em> MAT\u00c9RIA! Uma vez aceita esta CREN\u00c7A FALSA, todos se veem habitantes dela, com \u201ccorpos de sua natureza\u201d, ou seja, \u201dfeitos de mat\u00e9ria\u201d, e n\u00e3o do ESP\u00cdRITO DIVINO ONIPRESENTE! <\/span><\/span><\/h2>\n<h2 align=\"center\"><span><span style=\"font-family: Times New Roman;\"><span style=\"color: #000066;\">Quem \u00e9 que, aparentemente, pede curas, melhorias, salva\u00e7\u00e3o e reden\u00e7\u00e3o a Deus? S\u00e3o estes \u201cseres formados de cren\u00e7as materiais\u201d, e que, portanto, s\u00e3o DESCONHECIDOS DE DEUS. Poderia haver \u201calgo ou algu\u00e9m\u201d, desconhecido da ONISCI\u00caNCIA, em exist\u00eancia? N\u00e3o. TUDO QUE \u00c9 REAL, \u00c9 CONHECIDO DE DEUS, POR SER O PR\u00d3PRIO DEUS, QUE \u00c9 TUDO, EM <em>AUTOMANIFESTA\u00c7\u00c3O!<\/em> Que s\u00e3o os chamados \u201cseres\u201d pecadores, doentes, carentes e tementes a Deus? <em>S\u00c3O A ILUS\u00c3O! O NADA APARENTANDO SER \u201cALGU\u00c9M\u201d ONDE \u201cO CRISTO \u00c9 TUDO EM TODOS\u201d!<\/em><\/span><\/span><\/span><\/h2>\n<h2 align=\"center\"><span><span style=\"color: #000066; font-family: Times New Roman;\">A chamada \u201ccura metaf\u00edsica\u201d \u00e9 uma forma de se demonstrar estes princ\u00edpios da Verdade, por revelarem \u201csinais\u201d de que h\u00e1 \u201cALGO MAIS\u201d no exato lugar em que a humanidade diz \u201cexistir vida terrena\u201d. Jesus veio nos revelar este \u201cALGO MAIS\u201d, chamado por ele de \u201cREINO DE DEUS\u201d. Quando algu\u00e9m busca ver unicamente O QUE A MENTE ILUDIDA DA HUMANIDADE N\u00c3O CONSEGUE VER, dizemos que \u201cBUSCA VER A DEUS NO LUGAR DAS APAR\u00caNCIAS\u201d. \u00c9 de vital import\u00e2ncia entender este \u201cprocesso\u201d, uma vez que ele anula a \u201cexist\u00eancia material\u201d, anula a CREN\u00c7A no bem e no mal, anula \u201cseres humanos\u201d, tementes ou n\u00e3o tementes a Deus, e O FOCO PERMANENTE se mostra sendo a GLORIFICA\u00c7\u00c3O A DEUS, pelo reconhecimento de Sua Onipresen\u00e7a onipotente em que o suposto \u201cbuscador\u201d \u00e9 o \u201cprimeiro a sumir\u201d, gra\u00e7as ao DESPERTAR PARA A VERDADE de que sempre esteve ali vivo, n\u00e3o como \u201chomem natural\u201d, mas como o CRISTO, na ONIPRESEN\u00c7A radicalmente reconhecida! Ningu\u00e9m seria capaz de \u201creconhecer a Deus como TUDO\u201d e, ao mesmo tempo, fazer este \u201creconhecimento\u201d se achando \u201cOUTRO\u201d, que n\u00e3o DEUS!<\/span><\/span><\/h2>\n<h2 align=\"center\"><span><span style=\"font-family: Times New Roman;\"><span style=\"color: #000066;\">Joel S. Goldsmith disse o seguinte: <b><i>A atividade de Deus \u00e9 como luz tocando escurid\u00e3o. N\u00e3o faz absolutamente nada com ela: n\u00e3o a cura, n\u00e3o a muda nem a remove. Revela somente que era aus\u00eancia. Eis com que se assemelha a atividade de Deus. Na cura, ela n\u00e3o sana uma doen\u00e7a: apenas revela que n\u00e3o havia nenhuma ali. Ela n\u00e3o reforma um pecador: apenas revela o homem de Deus, que jamais pecou.<\/i><\/b><\/span><\/span><\/span><\/h2>\n<h2 align=\"center\"><em><span><b><span style=\"color: #000066; font-family: Times New Roman;\">CONTEMPLO A ONIA\u00c7\u00c3O ILUMINADA DE DEUS SENDO A ATIVIDADE UNIVERSAL QUE INCLUI A A\u00c7\u00c3O DE MINHA CONSCI\u00caNCIA ILUMINADA. CONTEMPLO UNICAMENTE A REALIDADE DIVINA ONIPRESENTE, QUE \u00c9 A \u00daNICA EXIST\u00caNCIA REAL E PERMANENTE RECONHECIDA PELA VERDADE. CONTEMPLO A A\u00c7\u00c3O ILUMINADA ONIPRESENTE QUE, AOS OLHOS DO MUNDO, APARENTA SER \u201cELIMINADORA\u201d DE PROBLEMAS E MALES, MAS QUE ERAM UNICAMENTE AUS\u00caNCIAS, A FALTA DE RECONHECIMENTO DA VERDADE DE QUE A LUZ, QUE SOMOS, \u00c9 TUDO!<\/span><\/b><\/span><\/em><\/h2>\n<h2 align=\"center\"><em><span><b><span style=\"color: #000066; font-family: Times New Roman;\">*<\/span><\/b><\/span><\/em><\/h2>\n","protected":false},"excerpt":{"rendered":"<p>O verdadeiro amor a Deus, o verdadeiro respeito \u00e0 Sua Onipresen\u00e7a, s\u00e3o revelados por voc\u00ea a partir do instante em que Deus for glorificado na condi\u00e7\u00e3o de SER VOC\u00ca! Louvar a Deus, mas se posicionando como \u201cum ser inferior \u201c, que supostamente seria \u201ctemente a Deus\u201d, \u00e9 justamente a CREN\u00c7A FALSA que, por figurar em &hellip; <\/p>\n<p class=\"link-more\"><a href=\"https:\/\/www.fachodeluz.blog.br\/wp\/2013\/10\/09\/veja-algo-mais-alem-das-aparencias\/\" class=\"more-link\">Leia mais<span class=\"screen-reader-text\"> &#8220;Veja &#8220;Algo Mais&#8221; Al\u00e9m Das Apar\u00eancias!&#8221;<\/span><\/a><\/p>\n","protected":false},"author":2,"featured_media":0,"comment_status":"open","ping_status":"closed","sticky":false,"template":"","format":"standard","meta":{"nf_dc_page":"","_crdt_document":"","footnotes":""},"categories":[10],"tags":[],"class_list":["post-13165","post","type-post","status-publish","format-standard","hentry","category-darcio-dezolt"],"featured_media_urls":[],"_links":{"self":[{"href":"https:\/\/www.fachodeluz.blog.br\/wp\/wp-json\/wp\/v2\/posts\/13165","targetHints":{"allow":["GET"]}}],"collection":[{"href":"https:\/\/www.fachodeluz.blog.br\/wp\/wp-json\/wp\/v2\/posts"}],"about":[{"href":"https:\/\/www.fachodeluz.blog.br\/wp\/wp-json\/wp\/v2\/types\/post"}],"author":[{"embeddable":true,"href":"https:\/\/www.fachodeluz.blog.br\/wp\/wp-json\/wp\/v2\/users\/2"}],"replies":[{"embeddable":true,"href":"https:\/\/www.fachodeluz.blog.br\/wp\/wp-json\/wp\/v2\/comments?post=13165"}],"version-history":[{"count":0,"href":"https:\/\/www.fachodeluz.blog.br\/wp\/wp-json\/wp\/v2\/posts\/13165\/revisions"}],"wp:attachment":[{"href":"https:\/\/www.fachodeluz.blog.br\/wp\/wp-json\/wp\/v2\/media?parent=13165"}],"wp:term":[{"taxonomy":"category","embeddable":true,"href":"https:\/\/www.fachodeluz.blog.br\/wp\/wp-json\/wp\/v2\/categories?post=13165"},{"taxonomy":"post_tag","embeddable":true,"href":"https:\/\/www.fachodeluz.blog.br\/wp\/wp-json\/wp\/v2\/tags?post=13165"}],"curies":[{"name":"wp","href":"https:\/\/api.w.org\/{rel}","templated":true}]}}