{"id":13176,"date":"2013-10-11T12:25:45","date_gmt":"2013-10-11T15:25:45","guid":{"rendered":"http:\/\/fachodeluz.blog.br\/wp\/?p=13176"},"modified":"2013-10-11T14:11:35","modified_gmt":"2013-10-11T17:11:35","slug":"a-verdade-subjacente-as-profissoes","status":"publish","type":"post","link":"https:\/\/www.fachodeluz.blog.br\/wp\/2013\/10\/11\/a-verdade-subjacente-as-profissoes\/","title":{"rendered":"A Verdade Subjacente \u00c0s Profiss\u00f5es"},"content":{"rendered":"<h3 align=\"center\"><a href=\"https:\/\/i0.wp.com\/fachodeluz.blog.br\/wp\/wp-content\/uploads\/2013\/10\/cpt1.gif\"><img data-recalc-dims=\"1\" loading=\"lazy\" decoding=\"async\" loading=\"lazy\" class=\"aligncenter size-full wp-image-13177\" alt=\"cpt1\" src=\"https:\/\/i0.wp.com\/fachodeluz.blog.br\/wp\/wp-content\/uploads\/2013\/10\/cpt1.gif?resize=450%2C337\" width=\"450\" height=\"337\" \/><\/a><\/h3>\n<h3 align=\"center\"><span><em><span style=\"color: #612000; font-family: Times New Roman;\">\u201cN\u00e3o sab\u00edeis que devo cuidar dos neg\u00f3cios de meu Pai?\u201d<\/span><\/em><\/span><\/h3>\n<h3 align=\"center\"><span><span style=\"color: #612000; font-family: Times New Roman;\">Lucas 11: 49.<\/span><\/span><\/h3>\n<h2 align=\"center\"><span><span style=\"font-family: Times New Roman;\"><span style=\"color: #612000;\">Enquanto identificados com o \u201cmundo de apar\u00eancias\u201d, cada um se imagina dotado de uma voca\u00e7\u00e3o natural e profissional, e de enorme desejo de realiza\u00e7\u00e3o pessoal pelo seu desempenho em dedica\u00e7\u00e3o a ela. Isto perdura at\u00e9 que, em cada um, a verdadeira voca\u00e7\u00e3o comece a se anunciar e a falar mais alto; e ent\u00e3o, assim como Jesus relegou a segundo plano sua ocupa\u00e7\u00e3o como carpinteiro, cada um far\u00e1 a mesm\u00edssima coisa, esteja na atua\u00e7\u00e3o profissional que estiver, para, como ele, <em>\u201ctratar dos neg\u00f3cios do Pai\u201d.<\/em><\/span><\/span><\/span><\/h2>\n<h2 align=\"center\"><span><span style=\"color: #612000; font-family: Times New Roman;\">Este processo revela o \u201cdespertar espiritual\u201d de cada ser, a \u201cvinda do Cristo\u201d nele pr\u00f3prio. A partir de ent\u00e3o, as cren\u00e7as do mundo, inclusive as religiosas, s\u00e3o deixadas de lado, e a Presen\u00e7a de Deus, em SI mesmo, passa a merecer aten\u00e7\u00e3o maior, a cada dia que passa.<\/span><\/span><\/h2>\n<h2 align=\"center\"><span><span style=\"color: #612000; font-family: Times New Roman;\">Assim como algu\u00e9m, ao tirar o p\u00e9 de um lama\u00e7al, sente ser puxado de volta e preso por ele, igualmente este \u201cmundo de apar\u00eancias\u201d querer\u00e1 prend\u00ea-lo a ele, com suas \u201ccren\u00e7as falsas\u201d. Conseguir\u00e1? N\u00e3o. A vida real est\u00e1 fora das apar\u00eancias ou do lama\u00e7al, e este \u201calgu\u00e9m\u201d j\u00e1 estar\u00e1 ciente de que, para viv\u00ea-la, ter\u00e1 de se livrar dele, entendendo que, apesar de pegajoso, \u201ceste mundo\u201d n\u00e3o tem poder real para ret\u00ea-lo, det\u00ea-lo ou iludi-lo!<\/span><br \/>\n<\/span><\/h2>\n<h2 align=\"center\"><span><span style=\"font-family: Times New Roman;\"><span style=\"color: #612000;\"><em>\u201cSe algu\u00e9m quiser vir ap\u00f3s mim, negue-se a si mesmo, tome a sua cruz e siga-me. Pois quem quiser salvar a sua vida, a perder\u00e1, mas quem perder a vida por minha causa e pelo evangelho a salvar\u00e1\u201d<\/em> (Mc 8: 34-35). A Verdade \u00e9 que \u201cn\u00e3o somos deste mundo\u201d; assim, \u201cnegar-se a si mesmo\u201d, como algu\u00e9m nele nascido, constitui a pr\u00f3pria \u201ccrucifica\u00e7\u00e3o di\u00e1ria\u201d reveladora do Cristo como nossa Vida eterna. Quer isto dizer que todos deixar\u00e3o suas profiss\u00f5es para viverem reclusos? N\u00e3o. Significa que o \u201ccumprimento de objetivo espiritual\u201d ocupar\u00e1 o ilus\u00f3rio objetivo anterior, de puras realiza\u00e7\u00f5es humanas de natureza pessoal. Esta troca de interesses ocorrer\u00e1 naturalmente, quando os \u201cacontecimentos humanos\u201d passam a ser vistos como \u201ccamuflagens\u201d para que \u201cos neg\u00f3cios do Pai\u201d sejam cuidados! Seja a pessoa um profissional de qualquer \u00e1rea, sua atividade real, e assim por ele reconhecida, ser\u00e1 a <em>Onia\u00e7\u00e3o,<\/em> invis\u00edvel para a suposta\u201dmente humana\u201d; assim, como \u201csombra\u201d, a a\u00e7\u00e3o vis\u00edvel se mostrar\u00e1 <em>incluindo<\/em> o \u201cefeito espiritual\u201d na cren\u00e7a.<\/span><\/span><\/span><\/h2>\n<h2 align=\"center\"><span><span style=\"color: #612000; font-family: Times New Roman;\">Certa vez, tendo de participar de uma Feira Industrial, quando me dirigia ao local, o meu carro falhou e eu tive de encost\u00e1-lo pr\u00f3ximo \u00e0 guia para decidir o que fazer. Olhando ao lado oposto da rua, vi que ali havia uma oficina. Chamando o mec\u00e2nico, ele se aproximou e me disse que desse a partida. O carro voltou a funcionar normalmente. Mas antes, eu j\u00e1 havia feito aquilo e tentado sair com o carro, sem que o conseguisse! <em>\u201cPode ir embora, n\u00e3o h\u00e1 nada de errado com o seu carro!\u201d,<\/em> disse-me ele. E eu lhe perguntei:<em> \u201cE com voc\u00ea, h\u00e1 algo de errado?\u201d<\/em> Ele me disse:<em> \u201cBem, eu estou passando por uns probleminhas; por que me pergunta?\u201d<\/em> Respondi a ele:<em> \u201cPorque nada acontece por acaso\u201d<\/em>. O meu carro n\u00e3o havia parado ali por acaso! Deixei com ele alguns artigos sobre a Verdade, que sempre levo comigo, e fui embora. <\/span><\/span><\/h2>\n<h2 align=\"center\"><span><span style=\"font-family: Times New Roman;\"><span style=\"color: #612000;\">Coisas desse tipo, j\u00e1 perdi a conta de quantas vezes aconteceram comigo! Mas, n\u00e3o \u00e9 s\u00f3 comigo!Acontece com todos, mas a maioria n\u00e3o sabe disso! N\u00e3o h\u00e1 bem nem mal nas apar\u00eancias! <em>\u201cO pensar o torna assim\u201d,<\/em> disse Shakespeare. Se for entendido que a atividade real \u00e9 a <em>Onia\u00e7\u00e3o,<\/em> o desdobramento das atividades vis\u00edveis n\u00e3o mais ser\u00e3o rotuladas de boas ou de mas! Ser\u00e3o entendidas como \u201csombra da Onia\u00e7\u00e3o\u201d e, desse modo, em vez de as ficarmos rotulando segundo as cren\u00e7as do mundo, ficaremos atentos ao SIGNIFICADO ESPIRITUAL embutido nelas! Esta \u00e9 a metodologia de vivermos segundo o \u201cagir pelo n\u00e3o agir\u201d: <em>nada acontece por acaso, e h\u00e1, subjacente \u00e0s apar\u00eancias, o \u201ccumprimento de objetivo espiritual\u201d, que n\u00e3o foi e nem poderia ter sido gerado pela suposta mente humana.<\/em><\/span><\/span><\/span><\/h2>\n<h2 align=\"center\"><span><span style=\"color: #612000; font-family: Times New Roman;\">\u00c9 desta forma que \u201clidamos com as apar\u00eancias\u201d pelo \u201ctomar de nossa cruz\u201d, ou seja, n\u00e3o mais nos avaliamos como \u201chumanos agindo\u201d, mas sim como Filhos de Deus \u201ccuidando dos neg\u00f3cios do Pai\u201d; desse modo, o \u201cnada acontece por acaso\u201d ser\u00e1 o substituto do \u201cjulgamento segundo as apar\u00eancias\u201d. Assim como a \u201ccarpintaria\u201d deixou de ser o foco, para Jesus, a sua profiss\u00e3o deixar\u00e1 de ser o foco para VOC\u00ca! O FOCO SER\u00c1 O ABSOLUTO: <strong><em>\u201cDEUS SENDO VOC\u00ca\u201d,<\/em><\/strong> e a sua \u201cprofiss\u00e3o\u201d ser\u00e1 meramente APAR\u00caNCIA: a forma com que a suposta mente humana consegue\u201cenxergar\u201d a Realidade dos fatos, que, verdadeiramente, se d\u00e3o acima do seu limitado entendimento.<\/span><\/span><\/h2>\n<h2 align=\"center\"><em><span><span style=\"color: #612000; font-family: Times New Roman;\">CONTEMPLO EM MIM A VIDA ETERNA, QUE \u00c9 O CRISTO SENDO O EU QUE EU SOU. CONTEMPLO MINHAS ATIVIDADES COMO ESPIRITUAIS E PERFEITAS! CONTEMPLO QUE \u201cCUIDAR DOS NEG\u00d3CIOS DE MEU PAI\u201d SIGNIFICA ESTAR EM UNIDADE COM DEUS E AGINDO COMO DEUS. CONTEMPLO QUE ESTA UNIDADE \u00c9 O FATO REAL E PERMANENTE:&#8221;EU E O PAI SOMOS UM\u201d. <\/span><\/span><\/em><\/h2>\n<h2 align=\"center\"><span><span style=\"color: #612000; font-family: Times New Roman;\">*<\/span><\/span><\/h2>\n","protected":false},"excerpt":{"rendered":"<p>\u201cN\u00e3o sab\u00edeis que devo cuidar dos neg\u00f3cios de meu Pai?\u201d Lucas 11: 49. Enquanto identificados com o \u201cmundo de apar\u00eancias\u201d, cada um se imagina dotado de uma voca\u00e7\u00e3o natural e profissional, e de enorme desejo de realiza\u00e7\u00e3o pessoal pelo seu desempenho em dedica\u00e7\u00e3o a ela. Isto perdura at\u00e9 que, em cada um, a verdadeira voca\u00e7\u00e3o &hellip; <\/p>\n<p class=\"link-more\"><a href=\"https:\/\/www.fachodeluz.blog.br\/wp\/2013\/10\/11\/a-verdade-subjacente-as-profissoes\/\" class=\"more-link\">Leia mais<span class=\"screen-reader-text\"> &#8220;A Verdade Subjacente \u00c0s Profiss\u00f5es&#8221;<\/span><\/a><\/p>\n","protected":false},"author":2,"featured_media":0,"comment_status":"open","ping_status":"closed","sticky":false,"template":"","format":"standard","meta":{"nf_dc_page":"","_crdt_document":"","footnotes":""},"categories":[10],"tags":[],"class_list":["post-13176","post","type-post","status-publish","format-standard","hentry","category-darcio-dezolt"],"featured_media_urls":[],"_links":{"self":[{"href":"https:\/\/www.fachodeluz.blog.br\/wp\/wp-json\/wp\/v2\/posts\/13176","targetHints":{"allow":["GET"]}}],"collection":[{"href":"https:\/\/www.fachodeluz.blog.br\/wp\/wp-json\/wp\/v2\/posts"}],"about":[{"href":"https:\/\/www.fachodeluz.blog.br\/wp\/wp-json\/wp\/v2\/types\/post"}],"author":[{"embeddable":true,"href":"https:\/\/www.fachodeluz.blog.br\/wp\/wp-json\/wp\/v2\/users\/2"}],"replies":[{"embeddable":true,"href":"https:\/\/www.fachodeluz.blog.br\/wp\/wp-json\/wp\/v2\/comments?post=13176"}],"version-history":[{"count":0,"href":"https:\/\/www.fachodeluz.blog.br\/wp\/wp-json\/wp\/v2\/posts\/13176\/revisions"}],"wp:attachment":[{"href":"https:\/\/www.fachodeluz.blog.br\/wp\/wp-json\/wp\/v2\/media?parent=13176"}],"wp:term":[{"taxonomy":"category","embeddable":true,"href":"https:\/\/www.fachodeluz.blog.br\/wp\/wp-json\/wp\/v2\/categories?post=13176"},{"taxonomy":"post_tag","embeddable":true,"href":"https:\/\/www.fachodeluz.blog.br\/wp\/wp-json\/wp\/v2\/tags?post=13176"}],"curies":[{"name":"wp","href":"https:\/\/api.w.org\/{rel}","templated":true}]}}