{"id":1323,"date":"2009-02-16T14:48:11","date_gmt":"2009-02-16T14:48:11","guid":{"rendered":"http:\/\/fachodeluz.hostmach.com.br\/wp\/?p=1323"},"modified":"2009-02-16T14:48:11","modified_gmt":"2009-02-16T14:48:11","slug":"entregue-se-a-verdade-1","status":"publish","type":"post","link":"https:\/\/www.fachodeluz.blog.br\/wp\/2009\/02\/16\/entregue-se-a-verdade-1\/","title":{"rendered":"ENTREGUE-SE \u00c0 VERDADE &#8211; 1"},"content":{"rendered":"<p><!--[if gte mso 9]&gt;  Normal 0 21       MicrosoftInternetExplorer4  &lt;![endif]--><\/p>\n<div style=\"border: 1pt solid windowtext; padding: 1pt 4pt; background: #ccecff none repeat scroll 0% 0%;\">\n<p class=\"MsoNormal\" style=\"border: medium none; padding: 0cm; background: #ccecff none repeat scroll 0% 0%; text-align: center;\" align=\"center\"><strong><span style=\"font-size: 26pt; font-family: Verdana; color: maroon;\">ENTREGUE-SE \u00c0 <\/span><\/strong><\/p>\n<p class=\"MsoNormal\" style=\"border: medium none; padding: 0cm; background: #ccecff none repeat scroll 0% 0%; text-align: center;\" align=\"center\"><strong><span style=\"font-size: 26pt; font-family: Verdana; color: maroon;\">VERDADE<\/span><\/strong><\/p>\n<p class=\"MsoNormal\" style=\"border: medium none; padding: 0cm; background: #ccecff none repeat scroll 0% 0%; text-align: center;\" align=\"center\"><strong><em><span style=\"font-family: Tahoma; color: maroon;\">D\u00e1rcio<\/span><\/em><\/strong><\/p>\n<p class=\"MsoNormal\" style=\"border: medium none; padding: 0cm; background: #ccecff none repeat scroll 0% 0%; text-align: center;\" align=\"center\"><strong><em><span style=\"font-family: Tahoma; color: maroon;\"> <\/span><\/em><\/strong><\/p>\n<p class=\"MsoNormal\" style=\"border: medium none; padding: 0cm; background: #ccecff none repeat scroll 0% 0%; text-align: center;\" align=\"center\"><strong><em><span style=\"font-size: 22pt; font-family: Tahoma; color: maroon;\">1<\/span><\/em><\/strong><\/p>\n<p class=\"MsoNormal\" style=\"border: medium none; padding: 0cm; background: #ccecff none repeat scroll 0% 0%; text-align: center;\" align=\"center\"><strong><em><span style=\"font-size: 14pt; font-family: Tahoma; color: maroon;\">\u201cPai, nas tuas m\u00e3os entrego o meu esp\u00edrito.\u201d<\/span><\/em><\/strong><\/p>\n<p class=\"MsoNormal\" style=\"border: medium none; padding: 0cm; background: #ccecff none repeat scroll 0% 0%; text-align: center;\" align=\"center\"><strong><em><span style=\"font-size: 11pt; font-family: Tahoma; color: maroon;\">LUCAS 23: 46<\/span><\/em><\/strong><\/p>\n<p class=\"MsoNormal\" style=\"border: medium none; padding: 0cm; background: #ccecff none repeat scroll 0% 0%; text-align: center;\" align=\"center\"><strong><em><span style=\"font-size: 14pt; font-family: Tahoma; color: maroon;\"> <\/span><\/em><\/strong><\/p>\n<p class=\"MsoNormal\" style=\"border: medium none; padding: 0cm; background: #ccecff none repeat scroll 0% 0%; text-align: justify;\"><strong><em><span style=\"font-size: 14pt; font-family: &quot;Lucida Sans&quot;; color: maroon;\">Quantos est\u00e3o dispostos a se entregar \u00e0 Verdade? Quantos se dizem estudantes da Verdade, sempre conservando a ideia de que um \u201coutro\u201d \u00e9 seu mestre, sem notar que esta cren\u00e7a lhes v\u00eam da mente humana justamente para acobertar esta falta de entrega?<\/span><\/em><\/strong><\/p>\n<p class=\"MsoNormal\" style=\"border: medium none; padding: 0cm; background: #ccecff none repeat scroll 0% 0%; text-align: justify;\"><strong><em><span style=\"font-size: 14pt; font-family: &quot;Lucida Sans&quot;; color: maroon;\"> <\/span><\/em><\/strong><\/p>\n<p class=\"MsoNormal\" style=\"border: medium none; padding: 0cm; background: #ccecff none repeat scroll 0% 0%; text-align: justify;\"><strong><em><span style=\"font-size: 14pt; font-family: &quot;Lucida Sans&quot;; color: maroon;\">O mundo vive a sua mentira: uma suposta cria\u00e7\u00e3o material. Contudo, temos a Verdade revelada: DEUS \u00c9 ESP\u00cdRITO! DEUS \u00c9 TUDO! Desse modo, adiar a entrega da vida a essa totalidade, \u00e9 o mesmo que renunciar \u00e0 gl\u00f3ria.<\/span><\/em><\/strong><\/p>\n<p class=\"MsoNormal\" style=\"border: medium none; padding: 0cm; background: #ccecff none repeat scroll 0% 0%; text-align: justify;\"><strong><em><span style=\"font-size: 14pt; font-family: &quot;Lucida Sans&quot;; color: maroon;\"> <\/span><\/em><\/strong><\/p>\n<p class=\"MsoNormal\" style=\"border: medium none; padding: 0cm; background: #ccecff none repeat scroll 0% 0%; text-align: justify;\"><strong><em><span style=\"font-size: 14pt; font-family: &quot;Lucida Sans&quot;; color: maroon;\">As pessoas desejam uma vida perfeita, sem problemas, mas veem a si mesmas, e \u00e0s demais, como seres imperfeitos, dotados de um suposto \u201clivre-arb\u00edtrio\u201d que os capacita a serem bons e maus, conforme as circunst\u00e2ncias. Livre-arb\u00edtrio n\u00e3o passa de outra fantasia do dualismo ilus\u00f3rio! Como haver \u201clivre-arb\u00edtrio\u201d, se a Mente, Deus, \u00e9 TUDO? Mas o mundo continua vivendo suas cren\u00e7as em pecados e pecadores, em bem e mal. A passagem b\u00edblica da ad\u00faltera, em que a multid\u00e3o procurava apedrej\u00e1-la por julg\u00e1-la pecadora, e que deixou de faz\u00ea-lo diante da coloca\u00e7\u00e3o feita por Cristo: \u201cQuem de v\u00f3s estiver sem pecado, atire a primeira pedra\u201d, continua se aplicando \u00e0 vida atual do mundo das apar\u00eancias. Quase ningu\u00e9m analisa a si mesmo para se descobrir sendo o ser criado \u201c\u00e0 imagem e semelhan\u00e7a de Deus\u201d. <span style=\"text-decoration: underline;\">Quase ningu\u00e9m se identifica por inteiro com o Deus que constitui sua pr\u00f3pria Vida!<\/span> Desse modo, como \u00e9 mais f\u00e1cil julgar pelas \u201capar\u00eancias, e buscar defeitos\u201cnos outros\u201d, do que refletir sobre si mesma, a ra\u00e7a humana prossegue em seu \u201ccurso de ilus\u00e3o\u201d, como se nenhuma Verdade Absoluta lhe tivesse sido revelada!<\/span><\/em><\/strong><\/p>\n<p class=\"MsoNormal\" style=\"border: medium none; padding: 0cm; background: #ccecff none repeat scroll 0% 0%; text-align: justify;\"><strong><em><span style=\"font-size: 14pt; font-family: &quot;Lucida Sans&quot;; color: maroon;\"> <\/span><\/em><\/strong><\/p>\n<p class=\"MsoNormal\" style=\"border: medium none; padding: 0cm; background: #ccecff none repeat scroll 0% 0%; text-align: justify;\"><strong><em><span style=\"font-size: 14pt; font-family: &quot;Lucida Sans&quot;; color: maroon;\">\u201cPai, nas tuas m\u00e3os entrego o meu esp\u00edrito\u201d. Eis o modelo a ser seguido. Algu\u00e9m disposto a faz\u00ea-lo? Que sentido tem esta frase? Um sofredor na cruz entregando a sua alma a um Deus superior, fora dele mesmo? N\u00e3o. Esta frase retrata o fim da mente humana. O fim da \u201ccren\u00e7a\u201d em vida pessoal. Sem mente humana, inexiste instrumento capaz de registrar uma falsidade, um \u201cquadro hipn\u00f3tico\u201d, em que um filho de Deus esteja existindo como um sofredor colocado numa cruz! Sem mente humana, surge a Verdade revelada de que a Mente infinita \u00c9 \u00daNICA e \u00c9 TUDO! O mundo, em sequ\u00eancia \u00e0 sua ILUS\u00c3O, pode ter retirado da cruz ilus\u00f3ria um tamb\u00e9m inconsistente\u201ccorpo f\u00edsico\u201d de sua inven\u00e7\u00e3o. Contudo, o Cristo sempre esteve, e est\u00e1, completamente alheio a todo esse \u201cteatro\u201d da mente humana.<\/span><\/em><\/strong><\/p>\n<p class=\"MsoNormal\" style=\"border: medium none; padding: 0cm; background: #ccecff none repeat scroll 0% 0%; text-align: justify;\"><strong><em><span style=\"font-size: 14pt; font-family: &quot;Lucida Sans&quot;; color: maroon;\"> <\/span><\/em><\/strong><\/p>\n<p class=\"MsoNormal\" style=\"border: medium none; padding: 0cm; background: #ccecff none repeat scroll 0% 0%; text-align: justify;\"><strong><em><span style=\"font-size: 14pt; font-family: &quot;Lucida Sans&quot;; color: maroon;\">\u201cEu e o Pai somos um\u201d, disse Jesus, antes mesmo que a mente humana criasse a falsa imagem de crucifica\u00e7\u00e3o. Esta \u00e9 a li\u00e7\u00e3o para todos n\u00f3s! N\u00e3o h\u00e1 sentido em estudarmos que DEUS, ESP\u00cdRITO, \u00c9 TUDO, e continuarmos acreditando em \u201cexist\u00eancia humana\u201d, onde \u201cenviados de Deus\u201d s\u00e3o torturados, crucificados, etc. Deus, sendo TUDO, enviaria enviados para onde? Existe \u201clocal\u201d fora da Onipresen\u00e7a? N\u00e3o! <span> <\/span>Existe\u201cvida pessoal\u201d? N\u00e3o! <span> <\/span>Da\u00ed a gloriosa Revela\u00e7\u00e3o: \u201cEu e o Pai somos um\u201d. DEUS \u00c9 VIDA \u00daNICA! DEUS \u00c9 ONIPRESEN\u00c7A! Muitos aguardam a gl\u00f3ria divina em \u201c\u00e9poca futura\u201d; h\u00e1 inclusive aqueles que chegam a duvidar que chegar\u00e3o a vivenci\u00e1-la! Quem pensa desse modo? A suposta \u201cmente humana\u201d. E, enquanto perdurar a aceita\u00e7\u00e3o desta mente falsa, aparentar\u00e1 existir o \u201ccen\u00e1rio\u201d por ela visto, com sua seq\u00fc\u00eancia de quadros de imperfei\u00e7\u00f5es e sua vis\u00e3o finita, limitada e ilus\u00f3ria do homem e do Universo, ou seja, de Deus.<\/span><\/em><\/strong><\/p>\n<p class=\"MsoNormal\" style=\"border: medium none; padding: 0cm; background: #ccecff none repeat scroll 0% 0%; text-align: right;\" align=\"right\"><strong><em><span style=\"font-size: 11pt; font-family: &quot;Lucida Sans&quot;; color: maroon;\">Continua&#8230;&gt;<\/span><\/em><\/strong><\/p>\n<\/div>\n","protected":false},"excerpt":{"rendered":"<p>ENTREGUE-SE \u00c0 VERDADE D\u00e1rcio 1 \u201cPai, nas tuas m\u00e3os entrego o meu esp\u00edrito.\u201d LUCAS 23: 46 Quantos est\u00e3o dispostos a se entregar \u00e0 Verdade? Quantos se dizem estudantes da Verdade, sempre conservando a ideia de que um \u201coutro\u201d \u00e9 seu mestre, sem notar que esta cren\u00e7a lhes v\u00eam da mente humana justamente para acobertar esta &hellip; <\/p>\n<p class=\"link-more\"><a href=\"https:\/\/www.fachodeluz.blog.br\/wp\/2009\/02\/16\/entregue-se-a-verdade-1\/\" class=\"more-link\">Leia mais<span class=\"screen-reader-text\"> &#8220;ENTREGUE-SE \u00c0 VERDADE &#8211; 1&#8221;<\/span><\/a><\/p>\n","protected":false},"author":2,"featured_media":0,"comment_status":"open","ping_status":"open","sticky":false,"template":"","format":"standard","meta":{"nf_dc_page":"","_crdt_document":"","footnotes":""},"categories":[10],"tags":[],"class_list":["post-1323","post","type-post","status-publish","format-standard","hentry","category-darcio-dezolt"],"featured_media_urls":[],"_links":{"self":[{"href":"https:\/\/www.fachodeluz.blog.br\/wp\/wp-json\/wp\/v2\/posts\/1323","targetHints":{"allow":["GET"]}}],"collection":[{"href":"https:\/\/www.fachodeluz.blog.br\/wp\/wp-json\/wp\/v2\/posts"}],"about":[{"href":"https:\/\/www.fachodeluz.blog.br\/wp\/wp-json\/wp\/v2\/types\/post"}],"author":[{"embeddable":true,"href":"https:\/\/www.fachodeluz.blog.br\/wp\/wp-json\/wp\/v2\/users\/2"}],"replies":[{"embeddable":true,"href":"https:\/\/www.fachodeluz.blog.br\/wp\/wp-json\/wp\/v2\/comments?post=1323"}],"version-history":[{"count":0,"href":"https:\/\/www.fachodeluz.blog.br\/wp\/wp-json\/wp\/v2\/posts\/1323\/revisions"}],"wp:attachment":[{"href":"https:\/\/www.fachodeluz.blog.br\/wp\/wp-json\/wp\/v2\/media?parent=1323"}],"wp:term":[{"taxonomy":"category","embeddable":true,"href":"https:\/\/www.fachodeluz.blog.br\/wp\/wp-json\/wp\/v2\/categories?post=1323"},{"taxonomy":"post_tag","embeddable":true,"href":"https:\/\/www.fachodeluz.blog.br\/wp\/wp-json\/wp\/v2\/tags?post=1323"}],"curies":[{"name":"wp","href":"https:\/\/api.w.org\/{rel}","templated":true}]}}