{"id":13270,"date":"2013-10-26T10:57:41","date_gmt":"2013-10-26T12:57:41","guid":{"rendered":"http:\/\/fachodeluz.blog.br\/wp\/?p=13270"},"modified":"2013-10-26T13:05:06","modified_gmt":"2013-10-26T15:05:06","slug":"a-nao-resistencia-segundo-o-enfoque-absoluto","status":"publish","type":"post","link":"https:\/\/www.fachodeluz.blog.br\/wp\/2013\/10\/26\/a-nao-resistencia-segundo-o-enfoque-absoluto\/","title":{"rendered":"A N\u00e3o Resist\u00eancia Sob O Foco Absoluto"},"content":{"rendered":"<h2 align=\"center\"><a href=\"https:\/\/i0.wp.com\/fachodeluz.blog.br\/wp\/wp-content\/uploads\/2013\/10\/NR11.gif\"><img data-recalc-dims=\"1\" loading=\"lazy\" decoding=\"async\" loading=\"lazy\" class=\"aligncenter size-full wp-image-13271\" alt=\"NR11\" src=\"https:\/\/i0.wp.com\/fachodeluz.blog.br\/wp\/wp-content\/uploads\/2013\/10\/NR11.gif?resize=450%2C332\" width=\"450\" height=\"332\" \/><\/a><\/h2>\n<h2 align=\"center\"><span style=\"color: #800000;\">Nossos momentos destinados \u00e0s \u201ccontempla\u00e7\u00f5es da Verdade\u201d devem ser aqueles em que deixamos de \u201cver\u201d \u00a0algo necessitado de cura, mudan\u00e7a ou melhoria para, decididamente, fazermos com que a suposta mente humana se renda ao que J\u00c1 \u00c9! AO FATO ABSOLUTO! \u00c0 PERFEI\u00c7\u00c3O ILUMINADA QUE \u00c9 TUDO!<\/span><\/h2>\n<h2 align=\"center\"><span style=\"color: #800000;\">Sem partirmos da Verdade, ficaremos marcando passo em cont\u00ednuas lutas com puras cren\u00e7as coletivas! <em>\u201cN\u00e3o resistais ao maligno\u201d,<\/em> disse Jesus. Entretanto, isto n\u00e3o significa nos resignarmos diante de \u201capar\u00eancias do mal\u201d. Aos olhos dos sentidos humanos, o mal \u00e9 mal e o bem \u00e9 bem! ; por isso, as medita\u00e7\u00f5es absolutas devem partir de Deus e da Mente de Deus sendo reconhecida como a nossa Mente individual,<\/span><\/h2>\n<h2 align=\"center\"><span style=\"color: #800000;\"><em>\u201c\u00c9 assim que Deus v\u00ea a Exist\u00eancia?\u201d<\/em>\u00a0 Eis um artif\u00edcio ensinado por Marie S. Watts para \u201cnos abrir\u201d a Vis\u00e3o ao Fato real sempre\u00a0 presente. A \u201cn\u00e3o resist\u00eancia ao mal\u201d, na vis\u00e3o absoluta, \u00e9 nossa consciente \u201ctroca de aceita\u00e7\u00e3o&#8221; da Exist\u00eancia! Enquanto aos sentidos humanos o &#8220;mal&#8221; pare\u00e7a afirmar sua presen\u00e7a, ao Sentido espiritual, ele n\u00e3o existe nem como hip\u00f3tese! Mas sem esta \u201ctroca essencial\u201d, diante das apar\u00eancias malignas, seremos tentados a acreditar nelas e tamb\u00e9m a lutar contra elas! Mas as &#8220;apar\u00eancias&#8221;\u00a0 s\u00e3o MIRAGENS! Enquanto n\u00e3o nos convencermos disto, deveremos continuar a indagar se \u201cDeus estaria vendo e dando cr\u00e9dito \u00e0quilo&#8221;, at\u00e9\u00a0 que nos sintamos &#8220;um com a Vis\u00e3o de Deus&#8221;.<\/span><\/h2>\n<h2 align=\"center\"><span style=\"color: #800000;\">Se um filme de terror estiver sendo exibido numa tela de cinema, caso algu\u00e9m chegue atrasado, mesmo vendo as cenas que estariam assustando a todos\u00a0 naquele instante, n\u00e3o ir\u00e1 se assustar! Estaria mais voltado a encontrar um assento livre para ocup\u00e1-lo, sem se permitir envolver com o filme! Mas t\u00e3o logo comece a se envolver, tamb\u00e9m passar\u00e1 a se assustar juntamente com os demais! <strong><em>O filme, sem o envolvimento de quem o v\u00ea, n\u00e3o tem poder para alarmar a ningu\u00e9m!<\/em> <\/strong>O mesmo se d\u00e1 com as \u201capar\u00eancias deste mundo\u201d, que apenas s\u00e3o \u201capar\u00eancias\u201d, para quem j\u00e1 sabe disso e n\u00e3o mais\u00a0 se permita enredar por suas <strong>sugest\u00f5es hipn\u00f3ticas.<\/strong><\/span><\/h2>\n<h2 align=\"center\"><span style=\"color: #800000;\">Jamais, em tempo algum, o chamado &#8220;mal&#8221;, sob qualquer aspecto ou forma, esteve presente! Isto porque jamais DEUS DEIXOU DE SER TUDO! Por\u00e9m, enquanto a TOTALIDADE DE DEUS n\u00e3o for reconhecida,\u00a0\u00a0 esta <em>suposta<\/em> \u201caus\u00eancia de reconhecimento\u201d , que pareceria ser\u00a0 \u201caus\u00eancia de Deus\u201d, ilusoriamente estar\u00e1\u00a0 se mostrando como \u201cmal\u201d, como \u201ctreva\u201d, como \u201caus\u00eancia da Luz\u201d.<\/span><\/h2>\n<h2 align=\"center\"><span style=\"color: #800000;\">Por que foi dito <em>\u201csuposta aus\u00eancia de reconhecimento\u201d?<\/em> Porque n\u00e3o \u00e9 real! \u00c9 esta a ILUS\u00c3O! A mente humana estar sendo aceita! E, desse modo, aceita como &#8220;instrumento&#8221; capaz de estar presente <strong><em>sem reconhecer<\/em><\/strong> a totalidade de Deus! ESTA MENTE N\u00c3O EXISTE! Enquanto esta mente falsa parecer atuar, a LUZ ONIPRESENTE aparentar\u00e1 n\u00e3o estar sendo reconhecida! Mas, quando a Mente\u00a0 que \u00e9 Luz for reconhecida como Mente \u00fanica e onipresente, com nossa total<strong> identifica\u00e7\u00e3o<\/strong> com ela, esta Mente, sempre em Autocontempla\u00e7\u00e3o infinita, estar\u00e1 discernindo unicamente a PERFEI\u00c7\u00c3O! E \u00e9 esta a vis\u00e3o absoluta da \u201dn\u00e3o resist\u00eancia ao mal\u201d.<\/span><\/h2>\n<h2 align=\"center\"><em><span style=\"color: #800000;\">CONTEMPLO A ONIPRESEN\u00c7A DA MENTE DIVINA SENDO A MINHA MENTE INDIVIDUAL. CONTEMPLO O QUE DEUS CONTEMPLA: SEU UNIVERSO DO BEM PERMANENTE\u00a0 E ABSOLUTO. A PERFEI\u00c7\u00c3O \u00c9 O FATO IMUT\u00c1VEL DA REALIDADE DIVINA, E \u00c9, AQUI E AGORA, ASSIM RECONHECIDA PELA MINHA MENTE, QUE \u00c9 A MENTE DE DEUS.<\/span><\/em><\/h2>\n<h2 align=\"center\"><em><span style=\"color: #800000;\">*<\/span><\/em><\/h2>\n","protected":false},"excerpt":{"rendered":"<p>Nossos momentos destinados \u00e0s \u201ccontempla\u00e7\u00f5es da Verdade\u201d devem ser aqueles em que deixamos de \u201cver\u201d \u00a0algo necessitado de cura, mudan\u00e7a ou melhoria para, decididamente, fazermos com que a suposta mente humana se renda ao que J\u00c1 \u00c9! AO FATO ABSOLUTO! \u00c0 PERFEI\u00c7\u00c3O ILUMINADA QUE \u00c9 TUDO! Sem partirmos da Verdade, ficaremos marcando passo em cont\u00ednuas &hellip; <\/p>\n<p class=\"link-more\"><a href=\"https:\/\/www.fachodeluz.blog.br\/wp\/2013\/10\/26\/a-nao-resistencia-segundo-o-enfoque-absoluto\/\" class=\"more-link\">Leia mais<span class=\"screen-reader-text\"> &#8220;A N\u00e3o Resist\u00eancia Sob O Foco Absoluto&#8221;<\/span><\/a><\/p>\n","protected":false},"author":2,"featured_media":0,"comment_status":"open","ping_status":"closed","sticky":false,"template":"","format":"standard","meta":{"nf_dc_page":"","_crdt_document":"","footnotes":""},"categories":[10],"tags":[],"class_list":["post-13270","post","type-post","status-publish","format-standard","hentry","category-darcio-dezolt"],"featured_media_urls":[],"_links":{"self":[{"href":"https:\/\/www.fachodeluz.blog.br\/wp\/wp-json\/wp\/v2\/posts\/13270","targetHints":{"allow":["GET"]}}],"collection":[{"href":"https:\/\/www.fachodeluz.blog.br\/wp\/wp-json\/wp\/v2\/posts"}],"about":[{"href":"https:\/\/www.fachodeluz.blog.br\/wp\/wp-json\/wp\/v2\/types\/post"}],"author":[{"embeddable":true,"href":"https:\/\/www.fachodeluz.blog.br\/wp\/wp-json\/wp\/v2\/users\/2"}],"replies":[{"embeddable":true,"href":"https:\/\/www.fachodeluz.blog.br\/wp\/wp-json\/wp\/v2\/comments?post=13270"}],"version-history":[{"count":0,"href":"https:\/\/www.fachodeluz.blog.br\/wp\/wp-json\/wp\/v2\/posts\/13270\/revisions"}],"wp:attachment":[{"href":"https:\/\/www.fachodeluz.blog.br\/wp\/wp-json\/wp\/v2\/media?parent=13270"}],"wp:term":[{"taxonomy":"category","embeddable":true,"href":"https:\/\/www.fachodeluz.blog.br\/wp\/wp-json\/wp\/v2\/categories?post=13270"},{"taxonomy":"post_tag","embeddable":true,"href":"https:\/\/www.fachodeluz.blog.br\/wp\/wp-json\/wp\/v2\/tags?post=13270"}],"curies":[{"name":"wp","href":"https:\/\/api.w.org\/{rel}","templated":true}]}}