{"id":13364,"date":"2013-11-08T11:40:54","date_gmt":"2013-11-08T13:40:54","guid":{"rendered":"http:\/\/fachodeluz.blog.br\/wp\/?p=13364"},"modified":"2013-11-10T23:01:28","modified_gmt":"2013-11-11T01:01:28","slug":"deus-mais-aparencia-falsa-e-igual-a-deus","status":"publish","type":"post","link":"https:\/\/www.fachodeluz.blog.br\/wp\/2013\/11\/08\/deus-mais-aparencia-falsa-e-igual-a-deus\/","title":{"rendered":"Deus Mais &#8220;Apar\u00eancia Falsa&#8221; \u00c9 Igual A Deus!"},"content":{"rendered":"<h2 align=\"center\"><\/h2>\n<h2 align=\"center\"><a href=\"https:\/\/i0.wp.com\/fachodeluz.blog.br\/wp\/wp-content\/uploads\/2013\/11\/biblia41.gif\"><img data-recalc-dims=\"1\" loading=\"lazy\" decoding=\"async\" loading=\"lazy\" class=\"aligncenter size-full wp-image-13382\" alt=\"biblia4\" src=\"https:\/\/i0.wp.com\/fachodeluz.blog.br\/wp\/wp-content\/uploads\/2013\/11\/biblia41.gif?resize=450%2C322\" width=\"450\" height=\"322\" \/><\/a><\/h2>\n<h2 align=\"center\"><span style=\"color: #5c0000;\">Normalmente, decorrente da vis\u00e3o segundo as \u201capar\u00eancias\u201d, os acontecimentos s\u00e3o reconhecidos apenas materialmente, como se, ao lado da Realidade espiritual, de fato houvesse um \u201cmundo paralelo\u201d. N\u00e3o h\u00e1! O Mundo Real \u00e9 espiritual e onipresente, de harmonia e <em>\u201ccompleteza\u201d<\/em> plenas e permanentes! Por isso, quem estuda a Verdade deve se habituar com a Vis\u00e3o do <em>\u201cOlho Simples\u201d,<\/em> o que significa estarmos nos discernindo <em>desvinculados<\/em> da \u201ccegueira humana\u201d.<\/span><\/h2>\n<h2 align=\"center\"><span style=\"color: #5c0000;\">Com \u201colhos nas apar\u00eancias\u201d, vemos as \u201csugest\u00f5es hipn\u00f3ticas\u201d em forma de imagens, boas e m\u00e1s! N\u00e3o h\u00e1 realidade em quaisquer delas,\u00a0 verdade que somente poder\u00e1 ser constatada por experi\u00eancia pr\u00f3pria de cada um, pela pr\u00e1tica dos princ\u00edpios absolutos.<\/span><\/h2>\n<h2 align=\"center\"><span style=\"color: #5c0000;\">H\u00e1 muitos anos, numa empresa em que eu trabalhava, estava havendo muita confus\u00e3o e insatisfa\u00e7\u00e3o entre funcion\u00e1rios e dirigentes. Numa tarde, chegando em casa com aquelas imagens desarm\u00f4nicas gravadas na mente,\u00a0 estando a meditar, novamente enxerguei aquelas imagens na mente, como as estava vendo quando ainda na empresa. De repente, as imagens foram se desmanchando, as cores se esvaindo, ficando tudo branco; em seguida, as cores foram reaparecendo, se movendo e novamente formando o cen\u00e1rio da sala da empresa, mas com tudo se mostrando em harmonia. No dia seguinte, l\u00e1 chegando, tudo estava conforme a imagem harm\u00f4nica vista anteriormente por mim na mente.<\/span><\/h2>\n<h2 align=\"center\"><span style=\"color: #5c0000;\">Esta experi\u00eancia revela o motivo pelo qual os textos dizem que \u201cas apar\u00eancias\u201d nunca s\u00e3o <strong><em>realidades exteriorizadas,<\/em> <\/strong>mas s\u00e3o meramente<strong><em> \u201csugest\u00f5es mentais\u201d aparecendo como imagens<\/em> <em>na suposta mente humana!<\/em> <\/strong>Imagens mentais n\u00e3o t\u00eam subst\u00e2ncia! S\u00e3o \u201capar\u00eancias\u201d, e n\u00e3o fatos reais ou substanciais! Assim, se durante as medita\u00e7\u00f5es formos nos interiorizando,<strong><em> isolando quem somos e onde estamos<\/em><\/strong> do \u201ccen\u00e1rio ilus\u00f3rio\u201d, ele perder\u00e1 sua aparente <strong>sustenta\u00e7\u00e3o hipn\u00f3tica,<\/strong> desaparecendo em seu \u201cnada origin\u00e1rio\u201d, exatamente como se deu comigo nesta experi\u00eancia citada! N\u00e3o estava mentalizando para que \u201cvoltasse a harmonia\u201d ao ambiente de trabalho! Estava apenas \u201cdeixando\u201d a serenidade divina ser sentida internamente!<\/span><\/h2>\n<h2 align=\"center\"><span style=\"color: #5c0000;\">Nas \u201c<em>Sabedorias de O Caminho Infinito\u201d,<\/em> Joel S. Goldsmith diz: <em>\u201cN\u00e3o busque o contato com Deus para que Ele ajuste, mude ou sane o sonho. A conscientiza\u00e7\u00e3o ou compreens\u00e3o de Deus desfaz o sonho\u201d.<\/em> Ele est\u00e1 explicando o processo que me aconteceu espontaneamente! As &#8220;imagens&#8221; deste mundo s\u00e3o &#8220;sonhos&#8221; e n\u00e3o realidades exteriorizadas! DEUS \u00c9 TUDO! Unicamente o REINO DE DEUS est\u00e1 exteriorizado e permanentemente perfeito! Enquanto estas &#8220;imagens mentais&#8221; forem aceitas como verdadeiras, VOC\u00ca ficar\u00e1 &#8220;lutando contra nadas&#8221;, quando, em vez disso, poderia estar se voltando <strong><em>&#8220;a Mim&#8221;,<\/em> <\/strong>a Deus <em>sendo<\/em> VOC\u00ca, para reconhec\u00ea-Lo <em>como<\/em> TUDO!<\/span><\/h2>\n<h2 style=\"text-align: center;\"><span style=\"color: #5c0000;\">Assim como 1000 mais zero \u00e9 igual a 1000, Deus mais &#8220;apar\u00eancia falsa&#8221; \u00e9 igual a Deus!<\/span><\/h2>\n<h2 align=\"center\"><span style=\"color: #5c0000;\">*<\/span><\/h2>\n<p>&nbsp;<\/p>\n<p>&nbsp;<\/p>\n","protected":false},"excerpt":{"rendered":"<p>Normalmente, decorrente da vis\u00e3o segundo as \u201capar\u00eancias\u201d, os acontecimentos s\u00e3o reconhecidos apenas materialmente, como se, ao lado da Realidade espiritual, de fato houvesse um \u201cmundo paralelo\u201d. N\u00e3o h\u00e1! O Mundo Real \u00e9 espiritual e onipresente, de harmonia e \u201ccompleteza\u201d plenas e permanentes! Por isso, quem estuda a Verdade deve se habituar com a Vis\u00e3o do &hellip; <\/p>\n<p class=\"link-more\"><a href=\"https:\/\/www.fachodeluz.blog.br\/wp\/2013\/11\/08\/deus-mais-aparencia-falsa-e-igual-a-deus\/\" class=\"more-link\">Leia mais<span class=\"screen-reader-text\"> &#8220;Deus Mais &#8220;Apar\u00eancia Falsa&#8221; \u00c9 Igual A Deus!&#8221;<\/span><\/a><\/p>\n","protected":false},"author":2,"featured_media":0,"comment_status":"open","ping_status":"closed","sticky":false,"template":"","format":"standard","meta":{"nf_dc_page":"","_crdt_document":"","footnotes":""},"categories":[10],"tags":[],"class_list":["post-13364","post","type-post","status-publish","format-standard","hentry","category-darcio-dezolt"],"featured_media_urls":[],"_links":{"self":[{"href":"https:\/\/www.fachodeluz.blog.br\/wp\/wp-json\/wp\/v2\/posts\/13364","targetHints":{"allow":["GET"]}}],"collection":[{"href":"https:\/\/www.fachodeluz.blog.br\/wp\/wp-json\/wp\/v2\/posts"}],"about":[{"href":"https:\/\/www.fachodeluz.blog.br\/wp\/wp-json\/wp\/v2\/types\/post"}],"author":[{"embeddable":true,"href":"https:\/\/www.fachodeluz.blog.br\/wp\/wp-json\/wp\/v2\/users\/2"}],"replies":[{"embeddable":true,"href":"https:\/\/www.fachodeluz.blog.br\/wp\/wp-json\/wp\/v2\/comments?post=13364"}],"version-history":[{"count":0,"href":"https:\/\/www.fachodeluz.blog.br\/wp\/wp-json\/wp\/v2\/posts\/13364\/revisions"}],"wp:attachment":[{"href":"https:\/\/www.fachodeluz.blog.br\/wp\/wp-json\/wp\/v2\/media?parent=13364"}],"wp:term":[{"taxonomy":"category","embeddable":true,"href":"https:\/\/www.fachodeluz.blog.br\/wp\/wp-json\/wp\/v2\/categories?post=13364"},{"taxonomy":"post_tag","embeddable":true,"href":"https:\/\/www.fachodeluz.blog.br\/wp\/wp-json\/wp\/v2\/tags?post=13364"}],"curies":[{"name":"wp","href":"https:\/\/api.w.org\/{rel}","templated":true}]}}