{"id":13398,"date":"2013-11-13T11:38:35","date_gmt":"2013-11-13T13:38:35","guid":{"rendered":"http:\/\/fachodeluz.blog.br\/wp\/?p=13398"},"modified":"2013-11-13T17:27:29","modified_gmt":"2013-11-13T19:27:29","slug":"confiai-na-verdade-mesmo-sem-compreende-la","status":"publish","type":"post","link":"https:\/\/www.fachodeluz.blog.br\/wp\/2013\/11\/13\/confiai-na-verdade-mesmo-sem-compreende-la\/","title":{"rendered":"&#8220;Confiai Na Verdade, Mesmo Sem Compreend\u00ea-La!&#8221;"},"content":{"rendered":"<p><a href=\"https:\/\/i0.wp.com\/fachodeluz.blog.br\/wp\/wp-content\/uploads\/2013\/11\/BUDDHA1A.gif\"><img data-recalc-dims=\"1\" loading=\"lazy\" decoding=\"async\" loading=\"lazy\" class=\"aligncenter size-full wp-image-13399\" alt=\"BUDDHA1A\" src=\"https:\/\/i0.wp.com\/fachodeluz.blog.br\/wp\/wp-content\/uploads\/2013\/11\/BUDDHA1A.gif?resize=458%2C395\" width=\"458\" height=\"395\" \/><\/a><\/p>\n<h2 style=\"text-align: center;\"><span style=\"color: #647c31;\">O fato de a Metaf\u00edsica chamar o suposto mundo material de \u201cmundo de apar\u00eancias\u201d, deve-se ao seguinte: <em>\u00a0unicamente o Universo do Esp\u00edrito divino \u00e9 realidade!<\/em> Al\u00e9m disso, \u00e9 realidade perfeita e permanente! Aquele que pautar sua vida procurando se manter neste foco absoluto, ir\u00e1 comprovar a vida harmoniosa tamb\u00e9m se projetando visivelmente \u00a0como \u201csombra\u201d desta Verdade.<\/span><\/h2>\n<h2 style=\"text-align: center;\"><span style=\"color: #647c31;\">Buda disse: <em>\u201cConfiai na Verdade, mesmo que n\u00e3o sejais capazes de compreend\u00ea-La, mesmo que no come\u00e7o vos pare\u00e7a amarga a sua do\u00e7ura\u201d.<\/em> Quis dizer que a Verdade n\u00e3o precisa ser entendida pelo intelecto, para se mostrar verdadeira em sua vida, <em><strong>desde que voc\u00ea nela confie e pratique os seus princ\u00edpios,<\/strong><\/em> muitas vezes completamente \u00a0destoantes da l\u00f3gica comum.<\/span><\/h2>\n<h2 style=\"text-align: center;\"><span style=\"color: #647c31;\">Se algu\u00e9m quiser ir ao sul, bastar\u00e1 ter uma b\u00fassola e se guiar pela suas orienta\u00e7\u00f5es! Precisaria estudar e compreender a fundo\u00a0 o que est\u00e1 por tr\u00e1s desta a\u00e7\u00e3o precisa, dada pela agulha da b\u00fassola? N\u00e3o! Bastaria que ele nela confiasse, e a seguisse!<\/span><\/h2>\n<h2 style=\"text-align: center;\"><span style=\"color: #647c31;\">Baseado nisso, eu sempre digo o seguinte: resolva logo o seu suposto problema com os princ\u00edpios da Verdade, em vez de acreditar que s\u00f3 conseguir\u00e1 faz\u00ea-lo depois que \u201centender a Verdade\u201d. Por qual raz\u00e3o? \u00a0Porque \u00e9 o <strong><em>\u201cPai em mim\u201d<\/em><\/strong> quem \u00a0faz as obras, e n\u00e3o um \u201cintelecto\u201d e seu suposto conhecimento! \u00a0O que \u00e9 verdadeiro d\u00e1 sempre mostras de sua veracidade pela ado\u00e7\u00e3o com confian\u00e7a por parte de algu\u00e9m.<\/span><\/h2>\n<h2 style=\"text-align: center;\"><span style=\"color: #647c31;\">Os princ\u00edpios absolutos s\u00e3o-lhe apresentados! Por exemplo: <strong><em>\u201cS\u00f3 existe o Universo Espiritual\u201d.<\/em> <\/strong>\u00a0Aceite com \u201ccora\u00e7\u00e3o de crian\u00e7a\u201d esta Verdade; e desvincule o pensamento da \u201ccren\u00e7a\u201d em \u201cmundo material\u201d, que \u00e9 cren\u00e7a falsa! N\u00e3o importa que pare\u00e7a absurdo ao intelecto fazer esse tipo de admiss\u00e3o! E v\u00e1 estendendo esta mesma linha de focaliza\u00e7\u00e3o ao corpo, que \u00e9 unicamente espiritual, aos neg\u00f3cios, que s\u00e3o puramente a <em>Onia\u00e7\u00e3o,<\/em> etc.. \u00a0Quem assim fizer, entender\u00e1 \u00a0o real valor da frase de Buda:<em> \u201cConfiai na Verdade, mesmo que n\u00e3o sejais capazes de compreend\u00ea-la!\u201d <\/em><\/span><\/h2>\n<h2 style=\"text-align: center;\"><span style=\"color: #647c31;\"><em>*<\/em><\/span><\/h2>\n","protected":false},"excerpt":{"rendered":"<p>O fato de a Metaf\u00edsica chamar o suposto mundo material de \u201cmundo de apar\u00eancias\u201d, deve-se ao seguinte: \u00a0unicamente o Universo do Esp\u00edrito divino \u00e9 realidade! Al\u00e9m disso, \u00e9 realidade perfeita e permanente! Aquele que pautar sua vida procurando se manter neste foco absoluto, ir\u00e1 comprovar a vida harmoniosa tamb\u00e9m se projetando visivelmente \u00a0como \u201csombra\u201d desta &hellip; <\/p>\n<p class=\"link-more\"><a href=\"https:\/\/www.fachodeluz.blog.br\/wp\/2013\/11\/13\/confiai-na-verdade-mesmo-sem-compreende-la\/\" class=\"more-link\">Leia mais<span class=\"screen-reader-text\"> &#8220;&#8220;Confiai Na Verdade, Mesmo Sem Compreend\u00ea-La!&#8221;&#8221;<\/span><\/a><\/p>\n","protected":false},"author":2,"featured_media":0,"comment_status":"open","ping_status":"closed","sticky":false,"template":"","format":"standard","meta":{"nf_dc_page":"","_crdt_document":"","footnotes":""},"categories":[10],"tags":[],"class_list":["post-13398","post","type-post","status-publish","format-standard","hentry","category-darcio-dezolt"],"featured_media_urls":[],"_links":{"self":[{"href":"https:\/\/www.fachodeluz.blog.br\/wp\/wp-json\/wp\/v2\/posts\/13398","targetHints":{"allow":["GET"]}}],"collection":[{"href":"https:\/\/www.fachodeluz.blog.br\/wp\/wp-json\/wp\/v2\/posts"}],"about":[{"href":"https:\/\/www.fachodeluz.blog.br\/wp\/wp-json\/wp\/v2\/types\/post"}],"author":[{"embeddable":true,"href":"https:\/\/www.fachodeluz.blog.br\/wp\/wp-json\/wp\/v2\/users\/2"}],"replies":[{"embeddable":true,"href":"https:\/\/www.fachodeluz.blog.br\/wp\/wp-json\/wp\/v2\/comments?post=13398"}],"version-history":[{"count":0,"href":"https:\/\/www.fachodeluz.blog.br\/wp\/wp-json\/wp\/v2\/posts\/13398\/revisions"}],"wp:attachment":[{"href":"https:\/\/www.fachodeluz.blog.br\/wp\/wp-json\/wp\/v2\/media?parent=13398"}],"wp:term":[{"taxonomy":"category","embeddable":true,"href":"https:\/\/www.fachodeluz.blog.br\/wp\/wp-json\/wp\/v2\/categories?post=13398"},{"taxonomy":"post_tag","embeddable":true,"href":"https:\/\/www.fachodeluz.blog.br\/wp\/wp-json\/wp\/v2\/tags?post=13398"}],"curies":[{"name":"wp","href":"https:\/\/api.w.org\/{rel}","templated":true}]}}