{"id":13406,"date":"2013-11-15T11:19:31","date_gmt":"2013-11-15T13:19:31","guid":{"rendered":"http:\/\/fachodeluz.blog.br\/wp\/?p=13406"},"modified":"2013-11-15T11:19:31","modified_gmt":"2013-11-15T13:19:31","slug":"cristo-a-luz-oniativa-brilhando-como-voce","status":"publish","type":"post","link":"https:\/\/www.fachodeluz.blog.br\/wp\/2013\/11\/15\/cristo-a-luz-oniativa-brilhando-como-voce\/","title":{"rendered":"Cristo: A Luz Oniativa Brilhando Como Voc\u00ea!"},"content":{"rendered":"<p align=\"center\"><a href=\"https:\/\/i0.wp.com\/fachodeluz.blog.br\/wp\/wp-content\/uploads\/2013\/11\/cosmos.gif\"><img data-recalc-dims=\"1\" loading=\"lazy\" decoding=\"async\" loading=\"lazy\" class=\"aligncenter size-full wp-image-13407\" alt=\"cosmos\" src=\"https:\/\/i0.wp.com\/fachodeluz.blog.br\/wp\/wp-content\/uploads\/2013\/11\/cosmos.gif?resize=450%2C296\" width=\"450\" height=\"296\" \/><\/a><\/p>\n<h2 align=\"center\"><span style=\"color: #000051;\">Apesar de aparentemente convincentes, as formas materiais captadas pela suposta mente humana s\u00e3o <em><strong>todas irreais,<\/strong><\/em> existindo sempre, em seu lugar, as<strong><em> Formas permanentes de Deus em Onia\u00e7\u00e3o.<\/em><\/strong> O Universo \u00e9 Onipresen\u00e7a <em>espiritual<\/em> ativa! N\u00e3o h\u00e1 espa\u00e7o para \u201coutra exist\u00eancia\u201d! Portanto, quando entendemos que Deus, sendo Esp\u00edrito, Se manifesta <em>como<\/em> o Ser que somos, este \u00e9 o Cristo,<strong> a Luz divina <em>oniativa,<\/em><\/strong> brilhando <em>como<\/em> Ser individual.<\/span><\/h2>\n<h2 align=\"center\"><span style=\"color: #000051;\">Esta \u00e9 a Vis\u00e3o de Deus sobre n\u00f3s, revelada no<strong><em> G\u00eanesis,<\/em> <\/strong>onde \u00e9 dito que<em> \u201csomos seres \u00e0 Sua imagem e semelhan\u00e7a\u201d.<\/em> Em vista disso, \u201ccontemplamos a Verdade\u201d vendo-nos brilhando com a NOSSA LUZ, INCLUSOS na <em>Onipresen\u00e7a<\/em> de Perfei\u00e7\u00e3o imut\u00e1vel.<\/span><\/h2>\n<h2 align=\"center\"><span style=\"color: #000051;\">Para o Universo ser Oniativo e harm\u00f4nico, \u00e9 necess\u00e1rio estar inteiro sendo regido pela mesma Mente. S\u00f3 a Mente divina est\u00e1, de fato, em atividade universal infinita e perfeita! Por isso, jamais partimos de \u201coutra mente\u201d, quando \u201ccontemplamos a Verdade\u201d. N\u00e3o existe \u201coutra mente\u201d! Nem poderia existir! O que existe, \u00e9 a Mente \u00daNICA, em infinitas ramifica\u00e7\u00f5es distintas, sem, contudo, deixar de ser a <em>Unidade Perfeita<\/em> que Deus \u00c9!<\/span><\/h2>\n<h2 align=\"center\"><span style=\"color: #000051;\">Que \u00e9 \u201ccontemplar a Verdade\u201d? \u00c9 partirmos desta Verdade Absoluta, da Mente \u00fanica sendo a nossa, e da \u201cmanifesta\u00e7\u00e3o gloriosa\u201d de Deus como o Cristo que somos!<\/span><\/h2>\n<h2 align=\"center\"><span style=\"color: #000051;\"><em>\u201cQuando Cristo, que \u00e9 a nossa vida, se manifestar, ent\u00e3o tamb\u00e9m v\u00f3s vos manifestareis com ele em gl\u00f3ria\u201d<\/em> (Col. 3: 4). Esta revela\u00e7\u00e3o de Paulo\u00a0 nos traz \u00e0 lembran\u00e7a o <em>AGORA ETERNO,<\/em> em que \u201cCRISTO \u00c9 A NOSSA VIDA\u201d, e traz a \u201crendi\u00e7\u00e3o do homem natural\u201d, em nossa ren\u00fancia \u00e0 ilus\u00f3ria \u201cmente carnal\u201d pela<em> IDENTIFICA\u00c7\u00c3O<\/em> com a \u201cMente de Cristo\u201d que temos. Por isso h\u00e1 a palavra \u201cQUANDO\u201d! Ela s\u00f3 tem sentido para a \u201cmente carnal\u201d, uma vez que, para a Mente divina, \u00c9 SEMPRE <em>AGORA!<\/em><\/span><\/h2>\n<h2 align=\"center\"><span style=\"color: #000051;\">Quem parte da <em>ILUS\u00c3O,<\/em> do \u201creferencial das trevas\u201d, acredita erroneamente que<em> \u201cn\u00f3s nos manifestaremos com o Cristo em gl\u00f3ria\u201d\u00a0 em &#8220;algum dia&#8221;, nesta APAR\u00caNCIA de mundo!<\/em> Por\u00e9m, nada de Deus se manifesta em \u201cmundo do pai da mentira\u201d. Enquanto este \u201creferencial materialista\u201d n\u00e3o for banido, para o real sentido das palavras de Paulo ser entendido, o mundo ficar\u00e1 vendo \u201cJesus manifestando o Cristo\u201d, <em>na mat\u00e9ria,<\/em> se julgando e se comparando &#8220;carnalmente&#8221; com ele, e se diminuindo, ficando na<em> ILUS\u00c3O DE VIDA TERRENA<\/em> que ele veio destruir!<\/span><\/h2>\n<h2 align=\"center\"><span style=\"color: #000051;\">A pessoa somente entender\u00e1 o Cristianismo adotando o &#8220;Referencial de Cristo\u201d, e n\u00e3o o \u201creferencial de carnais\u201d. Desse modo, o CRISTO, que <em>\u00c9,<\/em>\u00a0 e n\u00e3o que<em> SER\u00c1,<\/em> a NOSSA VIDA, poder\u00e1 ser reconhecido &#8220;j\u00e1&#8221; e sem o \u201cquando\u201d,\u00a0 NO AGORA ABSOLUTO, onde realmente vive<em> como<\/em> a <em>NOSSA VIDA,\u00a0<\/em> COMO O CRISTO QUE SOMOS,<em> OCULTO<\/em> EM DEUS!<\/span><\/h2>\n<h2 align=\"center\"><span style=\"color: #000051;\"><em>\u201cPorque j\u00e1 estais mortos; e VOSSA VIDA est\u00e1 escondida com Cristo &#8211; EM DEUS\u201d.<\/em><\/span><\/h2>\n<h2 align=\"center\"><span style=\"color: #000051;\"> (Col. 3: 3).<\/span><\/h2>\n<h2 style=\"text-align: center;\"><span style=\"color: #000051;\">*<\/span><\/h2>\n<h2 align=\"center\"><\/h2>\n","protected":false},"excerpt":{"rendered":"<p>Apesar de aparentemente convincentes, as formas materiais captadas pela suposta mente humana s\u00e3o todas irreais, existindo sempre, em seu lugar, as Formas permanentes de Deus em Onia\u00e7\u00e3o. O Universo \u00e9 Onipresen\u00e7a espiritual ativa! N\u00e3o h\u00e1 espa\u00e7o para \u201coutra exist\u00eancia\u201d! Portanto, quando entendemos que Deus, sendo Esp\u00edrito, Se manifesta como o Ser que somos, este \u00e9 &hellip; <\/p>\n<p class=\"link-more\"><a href=\"https:\/\/www.fachodeluz.blog.br\/wp\/2013\/11\/15\/cristo-a-luz-oniativa-brilhando-como-voce\/\" class=\"more-link\">Leia mais<span class=\"screen-reader-text\"> &#8220;Cristo: A Luz Oniativa Brilhando Como Voc\u00ea!&#8221;<\/span><\/a><\/p>\n","protected":false},"author":2,"featured_media":0,"comment_status":"open","ping_status":"closed","sticky":false,"template":"","format":"standard","meta":{"nf_dc_page":"","_crdt_document":"","footnotes":""},"categories":[10],"tags":[],"class_list":["post-13406","post","type-post","status-publish","format-standard","hentry","category-darcio-dezolt"],"featured_media_urls":[],"_links":{"self":[{"href":"https:\/\/www.fachodeluz.blog.br\/wp\/wp-json\/wp\/v2\/posts\/13406","targetHints":{"allow":["GET"]}}],"collection":[{"href":"https:\/\/www.fachodeluz.blog.br\/wp\/wp-json\/wp\/v2\/posts"}],"about":[{"href":"https:\/\/www.fachodeluz.blog.br\/wp\/wp-json\/wp\/v2\/types\/post"}],"author":[{"embeddable":true,"href":"https:\/\/www.fachodeluz.blog.br\/wp\/wp-json\/wp\/v2\/users\/2"}],"replies":[{"embeddable":true,"href":"https:\/\/www.fachodeluz.blog.br\/wp\/wp-json\/wp\/v2\/comments?post=13406"}],"version-history":[{"count":0,"href":"https:\/\/www.fachodeluz.blog.br\/wp\/wp-json\/wp\/v2\/posts\/13406\/revisions"}],"wp:attachment":[{"href":"https:\/\/www.fachodeluz.blog.br\/wp\/wp-json\/wp\/v2\/media?parent=13406"}],"wp:term":[{"taxonomy":"category","embeddable":true,"href":"https:\/\/www.fachodeluz.blog.br\/wp\/wp-json\/wp\/v2\/categories?post=13406"},{"taxonomy":"post_tag","embeddable":true,"href":"https:\/\/www.fachodeluz.blog.br\/wp\/wp-json\/wp\/v2\/tags?post=13406"}],"curies":[{"name":"wp","href":"https:\/\/api.w.org\/{rel}","templated":true}]}}