{"id":13442,"date":"2013-11-23T11:03:15","date_gmt":"2013-11-23T13:03:15","guid":{"rendered":"http:\/\/fachodeluz.blog.br\/wp\/?p=13442"},"modified":"2013-11-23T13:14:49","modified_gmt":"2013-11-23T15:14:49","slug":"a-mente-divina-como-a-sua-mente-individual","status":"publish","type":"post","link":"https:\/\/www.fachodeluz.blog.br\/wp\/2013\/11\/23\/a-mente-divina-como-a-sua-mente-individual\/","title":{"rendered":"A Mente Divina Como A Sua Mente Individual"},"content":{"rendered":"<h2 align=\"center\"><a href=\"https:\/\/i0.wp.com\/fachodeluz.blog.br\/wp\/wp-content\/uploads\/2013\/11\/GL1A.gif\"><img data-recalc-dims=\"1\" loading=\"lazy\" decoding=\"async\" loading=\"lazy\" class=\"aligncenter size-full wp-image-13443\" alt=\"GL1A\" src=\"https:\/\/i0.wp.com\/fachodeluz.blog.br\/wp\/wp-content\/uploads\/2013\/11\/GL1A.gif?resize=450%2C338\" width=\"450\" height=\"338\" \/><\/a><\/h2>\n<h2 align=\"center\"><span style=\"color: #003d00;\">Toda err\u00f4nea \u00a0identifica\u00e7\u00e3o geradora do suposto \u201cmundo dos fen\u00f4menos\u201d tem seu final decretado pela nossa identifica\u00e7\u00e3o com a Verdade de que Deus, sendo a Mente \u00fanica, \u00e9 a Mente de que dispomos, aqui e agora.<\/span><\/h2>\n<h2 align=\"center\"><span style=\"color: #003d00;\">Se durante nosso dia a dia este reconhecimento se mostra dificultado, por estarmos envolvidos pelas atividades comuns, caso desejemos realmente permanecer na Verdade de nossa real identidade, teremos de nos dedicar \u00e0s contempla\u00e7\u00f5es absolutas, atrav\u00e9s da Pr\u00e1tica do Sil\u00eancio.<\/span><\/h2>\n<h2 align=\"center\"><span style=\"color: #003d00;\"><em>Vivian May Willians<\/em> disse o seguinte<i>: \u201cO \u00fanico trabalho mental a ser-lhe requerido, para que se mantenha em absoluta harmonia e paz, \u00e9 reconhecer a natureza de sua pr\u00f3pria Mente real, Deus. Assim procedendo, estar\u00e1 &#8216;<strong>reconhecendo-O<\/strong> em todos os teus caminhos&#8217;, e como em Deus, o Bem, voc\u00ea \u00e9 naturalmente sustentado e mantido em paz, esta prote\u00e7\u00e3o e demonstra\u00e7\u00e3o se tornam uma natural e constante express\u00e3o de sua pr\u00f3pria Natureza, que \u00e9 divina.&#8221;. Desse modo, deu ela a \u201cchave do tesouro\u201d, escondido em n\u00f3s mesmos, que \u00e9 simplesmente este reconhecimento.<\/i><\/span><\/h2>\n<h2 align=\"center\"><span style=\"color: #003d00;\"><i>O estudo, em sua parte funcional, se reduz a aceitarmos a Deus como TUDO e como \u00daNICO, para, dessa forma, contemplarmos esta Presen\u00e7a eterna sendo o Cristo que somos. Esta \u00e9 a chamada \u201csegunda vinda de Cristo\u201d, que, para o ap\u00f3stolo Paulo, por exemplo, se deu quando ele percebeu a aus\u00eancia de \u201cser humano\u201d \u00a0pela percep\u00e7\u00e3o de que o Cristo estava sendo sua real identidade! \u201cN\u00e3o sou mais eu que vivo \u2013 o Cristo vive em mim\u201d (G\u00e1latas, 2: 20). Esta Verdade \u00e9 v\u00e1lida universalmente, e, cada um que se identificar com ela, estar\u00e1 cumprindo o que disse Jesus: \u201cNaquele dia conhecereis, eu estou no Pai, v\u00f3s em mim e eu em v\u00f3s\u201d.<\/i><\/span><\/h2>\n<h2 align=\"center\"><i><span style=\"color: #003d00;\"> *<\/span> <\/i><\/h2>\n","protected":false},"excerpt":{"rendered":"<p>Toda err\u00f4nea \u00a0identifica\u00e7\u00e3o geradora do suposto \u201cmundo dos fen\u00f4menos\u201d tem seu final decretado pela nossa identifica\u00e7\u00e3o com a Verdade de que Deus, sendo a Mente \u00fanica, \u00e9 a Mente de que dispomos, aqui e agora. Se durante nosso dia a dia este reconhecimento se mostra dificultado, por estarmos envolvidos pelas atividades comuns, caso desejemos realmente &hellip; <\/p>\n<p class=\"link-more\"><a href=\"https:\/\/www.fachodeluz.blog.br\/wp\/2013\/11\/23\/a-mente-divina-como-a-sua-mente-individual\/\" class=\"more-link\">Leia mais<span class=\"screen-reader-text\"> &#8220;A Mente Divina Como A Sua Mente Individual&#8221;<\/span><\/a><\/p>\n","protected":false},"author":2,"featured_media":0,"comment_status":"open","ping_status":"closed","sticky":false,"template":"","format":"standard","meta":{"nf_dc_page":"","_crdt_document":"","footnotes":""},"categories":[10],"tags":[],"class_list":["post-13442","post","type-post","status-publish","format-standard","hentry","category-darcio-dezolt"],"featured_media_urls":[],"_links":{"self":[{"href":"https:\/\/www.fachodeluz.blog.br\/wp\/wp-json\/wp\/v2\/posts\/13442","targetHints":{"allow":["GET"]}}],"collection":[{"href":"https:\/\/www.fachodeluz.blog.br\/wp\/wp-json\/wp\/v2\/posts"}],"about":[{"href":"https:\/\/www.fachodeluz.blog.br\/wp\/wp-json\/wp\/v2\/types\/post"}],"author":[{"embeddable":true,"href":"https:\/\/www.fachodeluz.blog.br\/wp\/wp-json\/wp\/v2\/users\/2"}],"replies":[{"embeddable":true,"href":"https:\/\/www.fachodeluz.blog.br\/wp\/wp-json\/wp\/v2\/comments?post=13442"}],"version-history":[{"count":0,"href":"https:\/\/www.fachodeluz.blog.br\/wp\/wp-json\/wp\/v2\/posts\/13442\/revisions"}],"wp:attachment":[{"href":"https:\/\/www.fachodeluz.blog.br\/wp\/wp-json\/wp\/v2\/media?parent=13442"}],"wp:term":[{"taxonomy":"category","embeddable":true,"href":"https:\/\/www.fachodeluz.blog.br\/wp\/wp-json\/wp\/v2\/categories?post=13442"},{"taxonomy":"post_tag","embeddable":true,"href":"https:\/\/www.fachodeluz.blog.br\/wp\/wp-json\/wp\/v2\/tags?post=13442"}],"curies":[{"name":"wp","href":"https:\/\/api.w.org\/{rel}","templated":true}]}}