{"id":13520,"date":"2013-12-08T10:54:27","date_gmt":"2013-12-08T12:54:27","guid":{"rendered":"http:\/\/fachodeluz.blog.br\/wp\/?p=13520"},"modified":"2013-12-08T17:30:01","modified_gmt":"2013-12-08T19:30:01","slug":"a-ilusao-de-outro-eu","status":"publish","type":"post","link":"https:\/\/www.fachodeluz.blog.br\/wp\/2013\/12\/08\/a-ilusao-de-outro-eu\/","title":{"rendered":"A Ilus\u00e3o De Outro &#8220;Eu&#8221;"},"content":{"rendered":"<h2 align=\"center\"><a href=\"https:\/\/i0.wp.com\/fachodeluz.blog.br\/wp\/wp-content\/uploads\/2013\/12\/kg3.gif\"><img data-recalc-dims=\"1\" loading=\"lazy\" decoding=\"async\" loading=\"lazy\" class=\"aligncenter size-full wp-image-13521\" alt=\"kg3\" src=\"https:\/\/i0.wp.com\/fachodeluz.blog.br\/wp\/wp-content\/uploads\/2013\/12\/kg3.gif?resize=450%2C299\" width=\"450\" height=\"299\" \/><\/a><\/h2>\n<h2 align=\"center\"><span style=\"color: #660000;\">Quando algu\u00e9m realmente parar para reconhecer que \u201cvida humana\u201d, \u201cmundo material\u201d, \u201cnascimentos e mortes\u201d n\u00e3o s\u00e3o parte de sua <em>real<\/em> experi\u00eancia, estar\u00e1, com esta \u201cparada em reconhecimento\u201d, \u201cbuscando o \u201cReino de Deus em primeiro lugar\u201d. Isto porque o Reino de Deus \u00e9 onipresente, nunca sendo realmente \u201cbuscado ou achado\u201d! Apenas uma \u201cneblina de crendices\u201d, que parecia encobri-lo, estar\u00e1 sendo dissipada! <\/span><\/h2>\n<h2 align=\"center\"><span style=\"color: #660000;\">Isa\u00edas disse: <em>&#8220;E ser\u00e1 que, antes que clamem, eu responderei; estando eles ainda falando, eu os ouvirei\u201d<\/em> (Isa\u00edas 65: 24). Estaria afirmando que Deus estivesse escutando lam\u00farias sem fim da suposta mente humana? Quem estuda o enfoque absoluto sabe que o sentido nunca foi este! Qual \u00e9 ele? A revela\u00e7\u00e3o do Universo \u00daNICO j\u00e1 pronto, sem nada a ser melhorado, sem ningu\u00e9m reconhecendo imperfei\u00e7\u00f5es a serem corrigidas, por estar sendo reconhecida e contemplada a Verdade de que DEUS \u00c9 TUDO!<\/span><\/h2>\n<h2 align=\"center\"><span style=\"color: #660000;\">Aquele que \u201cclama\u201d , aquele que \u201cquer falar com Deus\u201d, aquele que \u201cespera que Deus o ou\u00e7a\u201d, \u00e9 unicamente a \u201cmente carnal\u201d se expressando! E ela assim atua, aparentemente, <strong><em>devido \u00e0 relut\u00e2ncia de cada Filho de Deus em VER O PAI EM SI MESMO!<\/em> <\/strong>Como acredita num Deus separado de sua pr\u00f3pria exist\u00eancia, e\u00a0 acredita em \u201cvida na mat\u00e9ria\u201d, \u00e9 levado a crer que seja um \u201cfilho de Deus\u201d sempre carente de algo, ou necessitado de alguma interven\u00e7\u00e3o do Pai no sentido de alivi\u00e1-lo de algum suposto problema!<\/span><\/h2>\n<h2 align=\"center\"><span style=\"color: #660000;\"><em><strong>Unicamente o enfoque absoluto coloca o \u201cmachado \u00e0 raiz da \u00e1rvore\u201d, reduzindo a\u00a0 mente humana a nada e enaltecendo a Mente do Onipotente como \u00fanica e como a Mente individual de todos n\u00f3s!<\/strong><\/em> Quando isto \u00e9 feito, o sentido absoluto da cita\u00e7\u00e3o de Isa\u00edas \u00e9 \u201caflorado\u201d, o homem \u00e9 entendido como sendo Deus, seu Universo \u00e9 entendido como sendo o Reino de Deus, e a Verdade \u00e9 diretamente vivenciada! <\/span><\/h2>\n<h2 align=\"center\"><span style=\"color: #660000;\"><em>\u201cAntes que clamem\u201d, EU RESPONDEREI\u201d,<\/em> ou seja, antes que uma <em>ILUS\u00c3O<\/em> de <em>\u201cOUTRO EU\u201d<\/em> se fizesse passar por VOC\u00ca, a plenitude j\u00e1 estava <em>SENDO.<\/em> Da mesma forma com que ela <em>AGORA \u00c9! <\/em>Identifique-se, portanto, com o seu &#8220;EU \u00daNICO&#8221;, que est\u00e1 sempre atendendo a tudo, porque<strong><em> \u00c9 TUDO!<\/em><\/strong><\/span><\/h2>\n<h2 align=\"center\"><span style=\"color: #660000;\">*<\/span><\/h2>\n","protected":false},"excerpt":{"rendered":"<p>Quando algu\u00e9m realmente parar para reconhecer que \u201cvida humana\u201d, \u201cmundo material\u201d, \u201cnascimentos e mortes\u201d n\u00e3o s\u00e3o parte de sua real experi\u00eancia, estar\u00e1, com esta \u201cparada em reconhecimento\u201d, \u201cbuscando o \u201cReino de Deus em primeiro lugar\u201d. Isto porque o Reino de Deus \u00e9 onipresente, nunca sendo realmente \u201cbuscado ou achado\u201d! Apenas uma \u201cneblina de crendices\u201d, que &hellip; <\/p>\n<p class=\"link-more\"><a href=\"https:\/\/www.fachodeluz.blog.br\/wp\/2013\/12\/08\/a-ilusao-de-outro-eu\/\" class=\"more-link\">Leia mais<span class=\"screen-reader-text\"> &#8220;A Ilus\u00e3o De Outro &#8220;Eu&#8221;&#8221;<\/span><\/a><\/p>\n","protected":false},"author":2,"featured_media":0,"comment_status":"open","ping_status":"closed","sticky":false,"template":"","format":"standard","meta":{"nf_dc_page":"","_crdt_document":"","footnotes":""},"categories":[10],"tags":[],"class_list":["post-13520","post","type-post","status-publish","format-standard","hentry","category-darcio-dezolt"],"featured_media_urls":[],"_links":{"self":[{"href":"https:\/\/www.fachodeluz.blog.br\/wp\/wp-json\/wp\/v2\/posts\/13520","targetHints":{"allow":["GET"]}}],"collection":[{"href":"https:\/\/www.fachodeluz.blog.br\/wp\/wp-json\/wp\/v2\/posts"}],"about":[{"href":"https:\/\/www.fachodeluz.blog.br\/wp\/wp-json\/wp\/v2\/types\/post"}],"author":[{"embeddable":true,"href":"https:\/\/www.fachodeluz.blog.br\/wp\/wp-json\/wp\/v2\/users\/2"}],"replies":[{"embeddable":true,"href":"https:\/\/www.fachodeluz.blog.br\/wp\/wp-json\/wp\/v2\/comments?post=13520"}],"version-history":[{"count":0,"href":"https:\/\/www.fachodeluz.blog.br\/wp\/wp-json\/wp\/v2\/posts\/13520\/revisions"}],"wp:attachment":[{"href":"https:\/\/www.fachodeluz.blog.br\/wp\/wp-json\/wp\/v2\/media?parent=13520"}],"wp:term":[{"taxonomy":"category","embeddable":true,"href":"https:\/\/www.fachodeluz.blog.br\/wp\/wp-json\/wp\/v2\/categories?post=13520"},{"taxonomy":"post_tag","embeddable":true,"href":"https:\/\/www.fachodeluz.blog.br\/wp\/wp-json\/wp\/v2\/tags?post=13520"}],"curies":[{"name":"wp","href":"https:\/\/api.w.org\/{rel}","templated":true}]}}