{"id":13634,"date":"2013-12-30T10:23:03","date_gmt":"2013-12-30T12:23:03","guid":{"rendered":"http:\/\/fachodeluz.blog.br\/wp\/?p=13634"},"modified":"2013-12-31T01:18:39","modified_gmt":"2013-12-31T03:18:39","slug":"a-verdade-impessoal-revelada-como-pessoa","status":"publish","type":"post","link":"https:\/\/www.fachodeluz.blog.br\/wp\/2013\/12\/30\/a-verdade-impessoal-revelada-como-pessoa\/","title":{"rendered":"A Verdade Impessoal Revelada Como Pessoa!"},"content":{"rendered":"<h2 align=\"center\"><a href=\"https:\/\/i0.wp.com\/fachodeluz.blog.br\/wp\/wp-content\/uploads\/2013\/12\/VI1.gif\"><img data-recalc-dims=\"1\" loading=\"lazy\" decoding=\"async\" loading=\"lazy\" class=\"aligncenter size-full wp-image-13635\" alt=\"VI1\" src=\"https:\/\/i0.wp.com\/fachodeluz.blog.br\/wp\/wp-content\/uploads\/2013\/12\/VI1.gif?resize=450%2C338\" width=\"450\" height=\"338\" \/><\/a><\/h2>\n<h3 align=\"center\"><span style=\"color: #00008e;\"><em>&#8220;N\u00e3o est\u00e1 escrito na vossa lei: Eu disse: Sois deuses?&#8221;<\/em><\/span><\/h3>\n<h3 align=\"center\"><span style=\"color: #00008e;\">JO\u00c3O 10: 34<\/span><\/h3>\n<h2 align=\"center\"><span style=\"color: #00008e;\">Cada um que tem a revela\u00e7\u00e3o absoluta, percebe a Verdade impessoal onipresente: <em>Deus \u00e9 Tudo!<\/em> Entretanto, ao transmiti-la aos demais, estes, por se verem como mortais ou humanos, personalizam o que \u00e9 <em>impessoal,<\/em> acreditam serem menores do que o &#8220;mensageiro&#8221;, e prosseguem na mesma vidinha de sempre, alimentando as milenares cren\u00e7as falsas coletivas, deixando de perceber que, se alguma &#8220;pessoa&#8221; revelar qualquer Verdade, Ela j\u00e1 estar\u00e1 sendo v\u00e1lida <em>igualmente<\/em> para todos!<\/span><\/h2>\n<h2 align=\"center\"><span style=\"color: #00008e;\">Jesus Cristo descobriu sua natureza real como sendo divina. Por assumir esta Verdade, foi apedrejado! Mas, ao responder \u00e0queles que lhe atiravam pedras, n\u00e3o disse ser ele, pessoalmente, um Deus! Pelo contr\u00e1rio, usou o plural e confirmou as Escrituras! <em>&#8220;SOIS DEUSES&#8221;!<\/em><\/span><\/h2>\n<h2 align=\"center\"><span style=\"color: #00008e;\">Ainda hoje, h\u00e1 muitos acreditando que Jesus, como Filho de Deus, recebeu do Pai celeste maior aten\u00e7\u00e3o e cuidado do que todos n\u00f3s! \u00c9 por isso que a humanidade n\u00e3o caminha! Continua achando que &#8220;Jesus \u00e9 o Caminho&#8221;, mas como &#8220;pessoa&#8221;. Aquele que puder sair desse hipnotismo religioso, entendendo que todos &#8220;SOMOS DEUSES&#8221;, fato que o pr\u00f3prio Jesus citou aos que se julgavam &#8220;mortais&#8221;, poder\u00e1 ver que o mesmo Pai amoroso e imparcial, que Se revela COMO Jesus Cristo, IGUALMENTE Se exprime como cada um de n\u00f3s! N\u00e3o como seres carnais, evidentemente, mas como os SERES REAIS que espiritualmente somos e sempre estivemos sendo, apesar de &#8220;ocultos&#8221; pelas imagens <em>falsas<\/em> engendradas pela mente humana.<\/span><\/h2>\n<h2 align=\"center\"><span style=\"color: #00008e;\">O mesmo Deus que &#8220;criou Jesus&#8221; \u00e9 tamb\u00e9m o &#8220;nosso Criador&#8221;. <em>&#8220;Subo para meu Pai e vosso Pai, meu Deus e vosso Deus&#8221;,<\/em> disse ele, para p\u00f4r fim \u00e0 cren\u00e7a em Verdade pessoal ou em &#8220;Filho predileto de Deus&#8221;. DEUS \u00c9 TUDO! Cada &#8220;Filho&#8221; \u00e9 Deus expresso! E Deus Se expressa por inteiro COMO cada Filho! <em>&#8220;Se eu n\u00e3o for, o Consolador n\u00e3o vir\u00e1 a v\u00f3s&#8221;,<\/em> disse Jesus, explicando que seu ensinamento n\u00e3o \u00e9 &#8220;perpetuar algum ego fan\u00e1tico a ador\u00e1-lo&#8221;; antes, pelo contr\u00e1rio,\u00a0 ensina cada um a <em>&#8220;negar-se a si mesmo&#8221;,<\/em> nesta cren\u00e7a absurda de que <em>&#8220;temos pai na ILUS\u00c3O&#8221;.<\/em> Voc\u00ea deixou &#8220;Jesus ir?&#8221; <strong><em>Ou se &#8220;algemou&#8221; a Ele de modo a impedir a &#8220;vinda do Consolador&#8221;?\u00a0<\/em><\/strong><\/span><\/h2>\n<h2 align=\"center\"><span style=\"color: #00008e;\">Cada um que deixa de se identificar com o falso ego humano, para se assumir como <strong><em>Deus Se expressando como seu pr\u00f3prio Eu Real,<\/em> <\/strong>entende porque Jesus confirmou que &#8220;somos deuses&#8221;. Esta Verdade, reconhecida, \u00e9 a &#8220;vinda do Consolador&#8221;, \u00e9 o &#8220;Cristo em VOC\u00ca&#8221; sendo &#8220;encontrado&#8221;, e que o faz vivenciar\u00a0 conscientemente o Reino dos C\u00e9us, exatamente aqui e agora.<strong><em> &#8220;N\u00e3o sou mais eu! Cristo vive em mim&#8221;,<\/em><\/strong> disse Paulo, relatando sua experi\u00eancia iluminada!<\/span><\/h2>\n<h2 align=\"center\"><span style=\"color: #00008e;\"><em>&#8220;Os verdadeiros adoradores adoram O PAI&#8221;,<\/em> disse Jesus!\u00a0 Paulo disse tamb\u00e9m: <em>&#8220;Glorificai a Deus no VOSSO CORPO e no VOSSO ESP\u00cdRITO, os quais pertencem a Deus&#8221;.<\/em> Enquanto voc\u00ea <em>PERSONALIZAR A VERDADE,<\/em> em vez de reconhecer sua natureza IMPESSOAL, viver\u00e1 no ensinamento dos &#8220;falsos profetas&#8221;, menosprezando DEUS <em>SENDO<\/em> AGORA O <em>SEU<\/em> EU, preservando a <em>ILUS\u00c3O<\/em> de n\u00e3o ser a Verdade, e, em vista disso, aparentando &#8220;viver a mentira&#8221;. Seguidamente Jesus enaltecia e glorificava a DEUS em SI MESMO! E, quando VOC\u00ca fizer <strong><em>exatamente igual,<\/em><\/strong> ter\u00e1 &#8220;deixado Jesus ir&#8221;, e ter\u00e1 entendido o Evangelho: <em>O MESMO ESP\u00cdRITO, VIVO COMO JESUS, E COMO TODOS, \u00c9 O SEU ESP\u00cdRITO!<\/em> O resto, \u00e9 palha!<\/span><\/h2>\n<h2 align=\"center\"><span style=\"color: #00008e;\"> *<\/span><\/h2>\n","protected":false},"excerpt":{"rendered":"<p>&#8220;N\u00e3o est\u00e1 escrito na vossa lei: Eu disse: Sois deuses?&#8221; JO\u00c3O 10: 34 Cada um que tem a revela\u00e7\u00e3o absoluta, percebe a Verdade impessoal onipresente: Deus \u00e9 Tudo! Entretanto, ao transmiti-la aos demais, estes, por se verem como mortais ou humanos, personalizam o que \u00e9 impessoal, acreditam serem menores do que o &#8220;mensageiro&#8221;, e prosseguem &hellip; <\/p>\n<p class=\"link-more\"><a href=\"https:\/\/www.fachodeluz.blog.br\/wp\/2013\/12\/30\/a-verdade-impessoal-revelada-como-pessoa\/\" class=\"more-link\">Leia mais<span class=\"screen-reader-text\"> &#8220;A Verdade Impessoal Revelada Como Pessoa!&#8221;<\/span><\/a><\/p>\n","protected":false},"author":2,"featured_media":0,"comment_status":"open","ping_status":"closed","sticky":false,"template":"","format":"standard","meta":{"nf_dc_page":"","_crdt_document":"","footnotes":""},"categories":[10],"tags":[],"class_list":["post-13634","post","type-post","status-publish","format-standard","hentry","category-darcio-dezolt"],"featured_media_urls":[],"_links":{"self":[{"href":"https:\/\/www.fachodeluz.blog.br\/wp\/wp-json\/wp\/v2\/posts\/13634","targetHints":{"allow":["GET"]}}],"collection":[{"href":"https:\/\/www.fachodeluz.blog.br\/wp\/wp-json\/wp\/v2\/posts"}],"about":[{"href":"https:\/\/www.fachodeluz.blog.br\/wp\/wp-json\/wp\/v2\/types\/post"}],"author":[{"embeddable":true,"href":"https:\/\/www.fachodeluz.blog.br\/wp\/wp-json\/wp\/v2\/users\/2"}],"replies":[{"embeddable":true,"href":"https:\/\/www.fachodeluz.blog.br\/wp\/wp-json\/wp\/v2\/comments?post=13634"}],"version-history":[{"count":0,"href":"https:\/\/www.fachodeluz.blog.br\/wp\/wp-json\/wp\/v2\/posts\/13634\/revisions"}],"wp:attachment":[{"href":"https:\/\/www.fachodeluz.blog.br\/wp\/wp-json\/wp\/v2\/media?parent=13634"}],"wp:term":[{"taxonomy":"category","embeddable":true,"href":"https:\/\/www.fachodeluz.blog.br\/wp\/wp-json\/wp\/v2\/categories?post=13634"},{"taxonomy":"post_tag","embeddable":true,"href":"https:\/\/www.fachodeluz.blog.br\/wp\/wp-json\/wp\/v2\/tags?post=13634"}],"curies":[{"name":"wp","href":"https:\/\/api.w.org\/{rel}","templated":true}]}}