{"id":13724,"date":"2014-01-16T10:01:54","date_gmt":"2014-01-16T12:01:54","guid":{"rendered":"http:\/\/fachodeluz.blog.br\/wp\/?p=13724"},"modified":"2014-01-16T10:04:18","modified_gmt":"2014-01-16T12:04:18","slug":"intua-deus-sendo-seu-eu","status":"publish","type":"post","link":"https:\/\/www.fachodeluz.blog.br\/wp\/2014\/01\/16\/intua-deus-sendo-seu-eu\/","title":{"rendered":"Intua Deus Sendo Seu &#8220;Eu&#8221;"},"content":{"rendered":"<h2 align=\"center\"><a href=\"https:\/\/i0.wp.com\/fachodeluz.blog.br\/wp\/wp-content\/uploads\/2014\/01\/mudanca-c%C3%B3pia1.gif\"><img data-recalc-dims=\"1\" loading=\"lazy\" decoding=\"async\" loading=\"lazy\" class=\"aligncenter size-full wp-image-13725\" alt=\"mudanca c\u00f3pia1\" src=\"https:\/\/i0.wp.com\/fachodeluz.blog.br\/wp\/wp-content\/uploads\/2014\/01\/mudanca-c%C3%B3pia1.gif?resize=454%2C317\" width=\"454\" height=\"317\" \/><\/a><\/h2>\n<h2 align=\"center\"><span style=\"color: #7a6100;\">O Universo se mant\u00e9m em constante harmonia absoluta, por existir a Mente divina \u00fanica a sustent\u00e1-lo pela <em>Onia\u00e7\u00e3o.<\/em> Assim como n\u00e3o pode haver \u201cdois infinitos\u201d, n\u00e3o poderia tamb\u00e9m haver \u201cduas mentes\u201d, e, menos ainda, uma delas em conflito ou em oposi\u00e7\u00e3o \u00e0 outra. Entretanto, <em>aparenta haver!<\/em> \u00a0Por isso dizemos que o suposto conflito entre \u201cbem e mal\u201d n\u00e3o passa de uma cren\u00e7a fraudulenta! Onde aparenta haver \u201caus\u00eancia de perfei\u00e7\u00e3o\u201d, a PERFEI\u00c7\u00c3O REINA! <em>E esta Perfei\u00e7\u00e3o \u00e9 a Subst\u00e2ncia divina sendo PERMANENTEMENTE TUDO!<\/em><\/span><\/h2>\n<h2 align=\"center\"><span style=\"color: #7a6100;\">Para Deus, a Mente divina \u00e9 a d&#8217;Ele, e \u00e9 igualmente a SUA, bem como a de todos, uma vez que, para Deus, nada h\u00e1, sen\u00e3o ELE PR\u00d3PRIO. Assim, para Deus, a Mente divina <em><strong>j\u00e1 est\u00e1 sendo a SUA!<\/strong> <\/em>N\u00e3o h\u00e1 outra possibilidade! E quando falamos em \u201cmente pessoal\u201d,\u00a0 em \u201cmente humana\u201d ou \u201cmente carnal\u201d, sempre estamos nos referindo a uma INEXIST\u00caNCIA! No Universo infinito, inexiste \u201caus\u00eancia&#8221; da Mente Infinita, para que \u201coutra mente\u201d tivesse qualquer possibilidade de se manifestar! Deste Fato ineg\u00e1vel, conclui-se que O MUNDO DE APAR\u00caNCIAS \u00c9 UMA ILUS\u00c3O! O que h\u00e1, e sempre mantido pela Mente \u00daNICA, \u00e9 DEUS E O REINO DE DEUS! Por isso, parta sempre da Verdade, em suas \u201ccontempla\u00e7\u00f5es da Verdade\u201d, e j\u00e1 ciente de que toda a Verdade j\u00e1 est\u00e1 manifestada, aqui e agora! \u00c9 aqui e agora que \u201ctemos a Mente de Cristo\u201d; \u00e9 aqui e agora que \u201cem Deus vivemos, nos movemos e existimos\u201d; \u00e9 aqui e agora que Deus d\u00e1 o testemunho de que SUA Mente, por ser \u00daNICA, \u00e9 a \u201cminha Mente\u201d , a \u201csua Mente\u201d ou a \u201cMente de todos\u201d.<\/span><\/h2>\n<h2 align=\"center\"><span style=\"color: #7a6100;\">N\u00e3o se prenda a teorias e mais teorias sobre a Verdade dos fatos! V\u00e1 direto ao assunto! Medite e contemple unicamente o que Deus reconhece como real e presente!<em><strong> Fa\u00e7a isso aceitando que Deus d\u00e1 o testemunho de que a \u201cMente d\u2019Ele \u00e9 a SUA\u201d.<\/strong><\/em> Detenha-se nestas \u201ccontempla\u00e7\u00f5es\u201d, entendendo que \u201capar\u00eancias\u201d s\u00e3o irrealidades! Uma ilus\u00f3ria \u201caus\u00eancia&#8221; do Bem permanente. \u00a0Reconhe\u00e7a unicamente o que DEUS \u00c9, como real Evid\u00eancia, e, reconhecendo que DEUS E VOC\u00ca \u00a0S\u00c3O UM, serenamente, \u201cintua\u201d que <em>ELE \u00c9 QUEM EST\u00c1 SENDO O SEU &#8220;EU&#8221;! <\/em><\/span><\/h2>\n<h2 align=\"center\"><span style=\"color: #7a6100;\"><em>*<\/em><\/span><\/h2>\n","protected":false},"excerpt":{"rendered":"<p>O Universo se mant\u00e9m em constante harmonia absoluta, por existir a Mente divina \u00fanica a sustent\u00e1-lo pela Onia\u00e7\u00e3o. Assim como n\u00e3o pode haver \u201cdois infinitos\u201d, n\u00e3o poderia tamb\u00e9m haver \u201cduas mentes\u201d, e, menos ainda, uma delas em conflito ou em oposi\u00e7\u00e3o \u00e0 outra. Entretanto, aparenta haver! \u00a0Por isso dizemos que o suposto conflito entre \u201cbem &hellip; <\/p>\n<p class=\"link-more\"><a href=\"https:\/\/www.fachodeluz.blog.br\/wp\/2014\/01\/16\/intua-deus-sendo-seu-eu\/\" class=\"more-link\">Leia mais<span class=\"screen-reader-text\"> &#8220;Intua Deus Sendo Seu &#8220;Eu&#8221;&#8221;<\/span><\/a><\/p>\n","protected":false},"author":2,"featured_media":0,"comment_status":"open","ping_status":"closed","sticky":false,"template":"","format":"standard","meta":{"nf_dc_page":"","_crdt_document":"","footnotes":""},"categories":[10],"tags":[],"class_list":["post-13724","post","type-post","status-publish","format-standard","hentry","category-darcio-dezolt"],"featured_media_urls":[],"_links":{"self":[{"href":"https:\/\/www.fachodeluz.blog.br\/wp\/wp-json\/wp\/v2\/posts\/13724","targetHints":{"allow":["GET"]}}],"collection":[{"href":"https:\/\/www.fachodeluz.blog.br\/wp\/wp-json\/wp\/v2\/posts"}],"about":[{"href":"https:\/\/www.fachodeluz.blog.br\/wp\/wp-json\/wp\/v2\/types\/post"}],"author":[{"embeddable":true,"href":"https:\/\/www.fachodeluz.blog.br\/wp\/wp-json\/wp\/v2\/users\/2"}],"replies":[{"embeddable":true,"href":"https:\/\/www.fachodeluz.blog.br\/wp\/wp-json\/wp\/v2\/comments?post=13724"}],"version-history":[{"count":0,"href":"https:\/\/www.fachodeluz.blog.br\/wp\/wp-json\/wp\/v2\/posts\/13724\/revisions"}],"wp:attachment":[{"href":"https:\/\/www.fachodeluz.blog.br\/wp\/wp-json\/wp\/v2\/media?parent=13724"}],"wp:term":[{"taxonomy":"category","embeddable":true,"href":"https:\/\/www.fachodeluz.blog.br\/wp\/wp-json\/wp\/v2\/categories?post=13724"},{"taxonomy":"post_tag","embeddable":true,"href":"https:\/\/www.fachodeluz.blog.br\/wp\/wp-json\/wp\/v2\/tags?post=13724"}],"curies":[{"name":"wp","href":"https:\/\/api.w.org\/{rel}","templated":true}]}}