{"id":13734,"date":"2014-01-19T10:17:48","date_gmt":"2014-01-19T12:17:48","guid":{"rendered":"http:\/\/fachodeluz.blog.br\/wp\/?p=13734"},"modified":"2014-01-19T10:22:44","modified_gmt":"2014-01-19T12:22:44","slug":"o-absoluto-como-presenca-infinita-da-perfeicao","status":"publish","type":"post","link":"https:\/\/www.fachodeluz.blog.br\/wp\/2014\/01\/19\/o-absoluto-como-presenca-infinita-da-perfeicao\/","title":{"rendered":"O Absoluto Como Presen\u00e7a Infinita Da Perfei\u00e7\u00e3o"},"content":{"rendered":"<h2 style=\"text-align: center;\" align=\"center\"><a href=\"https:\/\/i0.wp.com\/fachodeluz.blog.br\/wp\/wp-content\/uploads\/2014\/01\/abs4.gif\"><img data-recalc-dims=\"1\" loading=\"lazy\" decoding=\"async\" loading=\"lazy\" class=\"aligncenter size-full wp-image-13735\" alt=\"abs4\" src=\"https:\/\/i0.wp.com\/fachodeluz.blog.br\/wp\/wp-content\/uploads\/2014\/01\/abs4.gif?resize=450%2C361\" width=\"450\" height=\"361\" \/><\/a><\/h2>\n<h2 style=\"text-align: center;\" align=\"center\"><span style=\"color: #570000;\">A suposta mente humana, presa a seus conceitos e imagens finitas, jamais ser\u00e1 apta a discernir o Universo do Absoluto em que<em> estamos vivendo<\/em> aqui e agora. Quando usamos o verbo \u201cintuir\u201d, para \u201ccontemplar a Verdade\u201d, ele \u00e9 usado como rendi\u00e7\u00e3o desta mente falsa, para que ela se torne \u201cnada\u201d e a Mente do Absoluto possa livremente ser percebida como \u00fanica, perfeita e onipresente.<\/span><\/h2>\n<h2 style=\"text-align: center;\" align=\"center\"><span style=\"color: #570000;\"><em><strong>O Absoluto \u00e9 a Presen\u00e7a infinita da Perfei\u00e7\u00e3o permanente! <\/strong><\/em><strong>\u00c9<\/strong> a <em><strong>Evid\u00eancia eterna<\/strong><\/em> das \u201cobras de Deus\u201d, que nos inclui a todos em Sua Perfei\u00e7\u00e3o. <i>\u201cAs coisas espirituais se discernem espiritualmente\u201d,<\/i> disse o ap\u00f3stolo Paulo. De nada adianta a \u201cmente ilus\u00f3ria\u201d ser for\u00e7ada , \u201cquerer ver\u201d a Realidade divina, pretender \u201cevoluir\u201d para tal finalidade! \u00a0NUNCA ISTO OCORRER\u00c1!<strong> J\u00e1 estamos no Absoluto, com a Mente do Absoluto e sendo o \u201cEu Absoluto\u201d.<\/strong> Por isso a suposta \u201cmente humana\u201d\u00a0 s\u00f3 precisa ser descartada como \u201cnada\u201d. A revela\u00e7\u00e3o diz que <b><i>\u201ctemos a Mente de Cristo\u201d;<\/i><\/b> assim, toda associa\u00e7\u00e3o com \u201ceste mundo\u201d deve ser banida, durante as \u201ccontempla\u00e7\u00f5es\u201d. Por qu\u00ea? Porque <em>\u201co Meu Reino N\u00c3O \u00c9 DESTE MUNDO\u201d.<\/em> Enquanto \u201ceste mundo\u201d figurar em suas \u201ccontempla\u00e7\u00f5es\u201d, nelas voc\u00ea dever\u00e1 permanecer at\u00e9 se ver livre dele! N\u00c3O EXISTE MUNDO MATERIAL! <b><i>O ABSOLUTO \u00c9 TUDO!<\/i><\/b><\/span><\/h2>\n<h2 style=\"text-align: center;\" align=\"center\"><span style=\"color: #570000;\">Se algu\u00e9m se v\u00ea numa foto <em>bidimensional<\/em> e, logo depois, tira dela sua aten\u00e7\u00e3o para se olhar estando \u201cneste mundo\u201d, ver\u00e1 a si mesmo <em>tridimensionalmente.<\/em> Assim como a foto o limitava \u00e0s duas dimens\u00f5es, \u201ceste mundo\u201d o limita a tr\u00eas! <strong>Entretanto, o EU vive nas infinitas dimens\u00f5es do Absoluto!<\/strong> Nada tem a ver com a imagem da foto ou com a imagem na suposta \u201cmente humana\u201d. Por isso elas s\u00e3o <em>ILUS\u00c3O!<\/em> Exatamente onde o Ser SUPOSTAMENTE em tr\u00eas dimens\u00f5es foi fotografado e visto em duas dimens\u00f5es, o seu EU ABSOLUTO se fazia presente como o Ser INFINITO, OU CRISTO! Exatamente onde uma foto ou uma imagem na mente mostra \u201calgu\u00e9m doente\u201d, devido as LIMITA\u00c7\u00d5ES DO INSTRUMENTO DE PERCEP\u00c7\u00c3O, EXISTE DEUS SENDO A TOTALIDADE DO SEU SER REAL. Por isso \u00e9 vital que AS APAR\u00caNCIAS SEJAM DESCARTADAS PARA CONTEMPLARMOS O <em>EU ABSOLUTO<\/em> QUE SOMOS! As limita\u00e7\u00f5es mostradas como presentes \u00a0s\u00e3o <b>limita\u00e7\u00f5es dos instrumentos<\/b> de percep\u00e7\u00e3o, <b>e jamais retratam limita\u00e7\u00f5es reais nossas!<\/b><strong><em> VOC\u00ca SOMENTE SABER\u00c1 DE SUA PERFEI\u00c7\u00c3O CONTEMPLANDO-SE A PARTIR DA MENTE PERFEITA DO ABSOLUTO!<\/em><\/strong><\/span><\/h2>\n<h2 style=\"text-align: center;\" align=\"center\"><span style=\"color: #570000;\">Se L\u00e1zaro tivesse sido fotografado morto, a <em>ilus\u00e3o<\/em> mostrada pela \u201cMENTE ILUS\u00d3RIA COLETIVA\u201d ESTARIA SENDO DOCUMENTADA! Para a Mente do ABSOLUTO, nada daquilo poderia estar sendo discernido! <em>O ABSOLUTO DISCERNE ESPIRITUALMENTE OS FATOS ETERNOS, PERFEITOS, SEM COME\u00c7O, MUDAN\u00c7A E FIM! O ABSOLUTO N\u00c3O TEM LIMITA\u00c7\u00d5ES EM SUAS PERCEP\u00c7\u00d5ES, PARA CAPTAR DEFEITOS, IMPERFEI\u00c7\u00d5ES OU MUDAN\u00c7AS EM SI MESMO! \u00a0POR ISSO \u00c9 DITO QUE \u201cO ABSOLUTO \u00c9!<\/em><\/span><\/h2>\n<h2 style=\"text-align: center;\"><span style=\"color: #570000;\">Quando VOC\u00ca partir disso, descartando as IMAGENS FALSAS \u2013 BOAS OU M\u00c1S \u2013 MOSTRADAS PELA CREN\u00c7A ILUS\u00d3RIA COLETIVA, VOC\u00ca ESTAR\u00c1 SENDO ABSOLUTISTA! ESTAR\u00c1 SE VENDO COMO ETERNAMENTE VOC\u00ca \u00c9! EM OUTRAS PALAVRAS, ESTAR\u00c1 SENDO <em>O ABSOLUTO EM AUTOCONTEMPLA\u00c7\u00c3O.<\/em> <\/span><\/h2>\n<h2 style=\"text-align: center;\"><span style=\"color: #570000;\">*<\/span><\/h2>\n","protected":false},"excerpt":{"rendered":"<p>A suposta mente humana, presa a seus conceitos e imagens finitas, jamais ser\u00e1 apta a discernir o Universo do Absoluto em que estamos vivendo aqui e agora. Quando usamos o verbo \u201cintuir\u201d, para \u201ccontemplar a Verdade\u201d, ele \u00e9 usado como rendi\u00e7\u00e3o desta mente falsa, para que ela se torne \u201cnada\u201d e a Mente do Absoluto &hellip; <\/p>\n<p class=\"link-more\"><a href=\"https:\/\/www.fachodeluz.blog.br\/wp\/2014\/01\/19\/o-absoluto-como-presenca-infinita-da-perfeicao\/\" class=\"more-link\">Leia mais<span class=\"screen-reader-text\"> &#8220;O Absoluto Como Presen\u00e7a Infinita Da Perfei\u00e7\u00e3o&#8221;<\/span><\/a><\/p>\n","protected":false},"author":2,"featured_media":0,"comment_status":"open","ping_status":"closed","sticky":false,"template":"","format":"standard","meta":{"nf_dc_page":"","_crdt_document":"","footnotes":""},"categories":[10],"tags":[],"class_list":["post-13734","post","type-post","status-publish","format-standard","hentry","category-darcio-dezolt"],"featured_media_urls":[],"_links":{"self":[{"href":"https:\/\/www.fachodeluz.blog.br\/wp\/wp-json\/wp\/v2\/posts\/13734","targetHints":{"allow":["GET"]}}],"collection":[{"href":"https:\/\/www.fachodeluz.blog.br\/wp\/wp-json\/wp\/v2\/posts"}],"about":[{"href":"https:\/\/www.fachodeluz.blog.br\/wp\/wp-json\/wp\/v2\/types\/post"}],"author":[{"embeddable":true,"href":"https:\/\/www.fachodeluz.blog.br\/wp\/wp-json\/wp\/v2\/users\/2"}],"replies":[{"embeddable":true,"href":"https:\/\/www.fachodeluz.blog.br\/wp\/wp-json\/wp\/v2\/comments?post=13734"}],"version-history":[{"count":0,"href":"https:\/\/www.fachodeluz.blog.br\/wp\/wp-json\/wp\/v2\/posts\/13734\/revisions"}],"wp:attachment":[{"href":"https:\/\/www.fachodeluz.blog.br\/wp\/wp-json\/wp\/v2\/media?parent=13734"}],"wp:term":[{"taxonomy":"category","embeddable":true,"href":"https:\/\/www.fachodeluz.blog.br\/wp\/wp-json\/wp\/v2\/categories?post=13734"},{"taxonomy":"post_tag","embeddable":true,"href":"https:\/\/www.fachodeluz.blog.br\/wp\/wp-json\/wp\/v2\/tags?post=13734"}],"curies":[{"name":"wp","href":"https:\/\/api.w.org\/{rel}","templated":true}]}}