{"id":13837,"date":"2014-02-03T01:17:56","date_gmt":"2014-02-03T03:17:56","guid":{"rendered":"http:\/\/fachodeluz.blog.br\/wp\/?p=13837"},"modified":"2014-02-03T13:54:32","modified_gmt":"2014-02-03T15:54:32","slug":"a-mistica-de-o-caminho-infinito","status":"publish","type":"post","link":"https:\/\/www.fachodeluz.blog.br\/wp\/2014\/02\/03\/a-mistica-de-o-caminho-infinito\/","title":{"rendered":"A M\u00edstica De &#8220;O Caminho Infinito&#8221;"},"content":{"rendered":"<p>&nbsp;<\/p>\n<p align=\"center\">\u00a0<a href=\"https:\/\/i0.wp.com\/fachodeluz.blog.br\/wp\/wp-content\/uploads\/2014\/02\/mistica.gif\"><img data-recalc-dims=\"1\" loading=\"lazy\" decoding=\"async\" loading=\"lazy\" class=\"aligncenter size-full wp-image-13838\" alt=\"mistica\" src=\"https:\/\/i0.wp.com\/fachodeluz.blog.br\/wp\/wp-content\/uploads\/2014\/02\/mistica.gif?resize=450%2C281\" width=\"450\" height=\"281\" \/><\/a><\/p>\n<h2 align=\"center\"><span style=\"color: #000080;\">A ess\u00eancia de <em>O Caminho Infinito,<\/em> seu cora\u00e7\u00e3o e sua alma, est\u00e3o em sua m\u00edstica. Neste caminho n\u00e3o temos de lutar\u00a0 nem mentalizar para obter o que j\u00e1 temos,\u00a0ou para ser o que\u00a0 j\u00e1 somos. Nossa \u00fanica necessidade \u00e9 a de\u00a0arranjarmos per\u00edodos suficientes de sil\u00eancio, de quietude interna, de tal forma que a Consci\u00eancia que constitui a realidade de nosso Ser, possa aflorar em express\u00e3o atrav\u00e9s de nosso consciente contato com Ela. <\/span><\/h2>\n<h2 align=\"center\"><span style=\"color: #000080;\">A consci\u00eancia humana envolve sempre um conceito de separatividade, de dualismo, de muitas mentes, muitas pessoas, muitos poderes. Qu\u00e3o diferente \u00e9 tudo isso\u00a0 da Consci\u00eancia m\u00edstica, que \u00e9 a consci\u00eancia do Um, aquele <em>Um-Eu-Sou!<\/em> Esta \u00e9 a Verdade sobre cada pessoa, e este conhecimento &#8220;nos torna um&#8221; com todos os demais seres.<\/span><\/h2>\n<h2 align=\"center\"><span style=\"color: #000080;\">Transcendendo o vis\u00edvel\u00a0rumo ao invis\u00edvel, ficamos no mundo, mas vendo atrav\u00e9s dele. Sabemos que existe unicamente o <em>Um,<\/em> a despeito das apar\u00eancias; sabemos que unicamente este <em>Um<\/em> est\u00e1 em opera\u00e7\u00e3o. Somente Deus \u00e9, e Deus est\u00e1 sempre sendo, sempre aparecendo como Consci\u00eancia espiritual individual, totalmente pleno e <i>Autocompleto.<\/i> A consci\u00eancia humana est\u00e1 sempre\u00a0 padecendo de um conceito de separatividade, e portanto, o foco est\u00e1 sempre em &#8220;se buscar algo&#8221;. Ela acredita ser dependente de alguma pessoa ou grupo, mesmo de um <i>praticista<\/i> ou mestre espiritual &#8220;exterior&#8221;. Isso n\u00e3o \u00e9 verdade! A plenitude da vida, tudo de que necessitamos, j\u00e1 existe incorporado \u00e0 nossa Consci\u00eancia, e n\u00e3o precisamos de lutar para obt\u00ea-lo. Todas as pessoas que devem fazer parte de nossa experi\u00eancia j\u00e1 est\u00e3o em nossa Consci\u00eancia, onipresentes agora<i><br \/>\n<\/i><\/span><\/h2>\n<h2 align=\"center\"><span style=\"color: #000080;\"><i>&#8220;Eu vim para que todos tenham vida, e que tenham vida com abund\u00e2ncia&#8221;. <\/i>Este <em>&#8220;Eu&#8221;,<\/em> o Esp\u00edrito de Deus, est\u00e1 dentro de n\u00f3s, \u00a0de modo que podemos ser uma luz para aqueles que ainda n\u00e3o tem este conhecimento de que, tamb\u00e9m dentro deles, esta mesma Luz j\u00e1 est\u00e1 brilhando em sua plenitude. Estamos agora nos voltando deste buscar e lutar por conseguir, para podermos somente ser; ser esta Consci\u00eancia divina que\u00a0 j\u00e1 somos. Estamos agora despertando para a Consci\u00eancia m\u00edstica de que <em>&#8220;Eu tenho alimento que o mundo desconhece&#8221;,<\/em> a comida eterna que nos alimenta e\u00a0 sustenta.<\/span><\/h2>\n<h2 align=\"center\"><span style=\"color: #000080;\">Perguntemo-nos: <i>&#8220;O que eu possuo como aquela Consci\u00eancia m\u00edstica?\u201d\u00a0<\/i> Na quietude, escutamos a resposta:<em> &#8220;Eu tenho amor, e eu posso\u00a0irradiar amor\u00a0ao mundo, em quantidades ilimitadas&#8221;.<\/em> A Consci\u00eancia que eu sou, tem o p\u00e3o da vida para compartilhar, a percep\u00e7\u00e3o de que &#8220;nem s\u00f3 de p\u00e3o vive o homem, mas da palavra espiritual da Unicidade.&#8221;A Consci\u00eancia m\u00edstica sabe que eu desconhe\u00e7o qualquer senso material, por ter conhecimento da integralidade do universo espiritual.<\/span><\/h2>\n<h2 align=\"center\"><span style=\"color: #000080;\">O <i>Meu<\/i> Reino \u00e9 o centro da paz eterna, uma paz <em>todo abrangente<\/em>, um amor <em>todo envolvente,<\/em> em que \u00f3dio algum jamais pode penetrar. N\u00e3o vejo nem bem nem mal, por habitar neste Reino interior. N\u00e3o necessito de nada, n\u00e3o tenho desejo algum, porque tudo j\u00e1 me est\u00e1 dispon\u00edvel: como Deus, em Deus e atrav\u00e9s de Deus. Tudo j\u00e1 est\u00e1 cumprido. Nesta paz n\u00e3o h\u00e1 disc\u00f3rdia, n\u00e3o existe desarmonia. O <i>Meu<\/i> Reino \u00e9 um estado de preenchimento divino, em que tudo o necess\u00e1rio \u00e0 plenitude da vida se mostra dispon\u00edvel no exato momento em que\u00a0for\u00a0requerido. <\/span><\/h2>\n<h2 align=\"center\"><span style=\"color: #000080;\">Eu volvo a aten\u00e7\u00e3o &#8220;deste mundo&#8221; \u00e0quele Reino interior.\u00a0 Nada tenho a ver com problemas, pecados, doen\u00e7as, car\u00eancias, \u00f3dios e batalhas deste mundo, exceto n\u00e3o fazer julgamento algum, exceto orar, exceto perdoar e confortar, e deixar que jorre livremente, a este &#8220;vale de l\u00e1grimas&#8221;, o infinito amor e miseric\u00f3rdia de Deus que est\u00e1 dentro de mim. Assim fazendo, eu\u00a0me aproprio de meu divino direito, que \u00e9\u00a0 a b\u00ean\u00e7\u00e3o que o Pai faz jorrar sobre mim. Ele v\u00ea a Si mesmo como o meu ser, e diz<i>: &#8220;Este \u00e9 meu filho amado em quem me comprazo&#8221;.<\/i> E eu, de minha parte, reconhe\u00e7o: <i>&#8220;Eu e meu Pai somos um&#8221;, e &#8220;\u00e9 do agrado do Pai dar-me o Reino&#8221;, <\/i>agora, sempre e eternamente. Se n\u00e3o alcan\u00e7armos esta percep\u00e7\u00e3o, facilmente cairemos na armadilha de acreditar que o mundo conhecido atrav\u00e9s dos cinco sentidos \u00e9 o \u00fanico mundo real.\u00a0Mas pelo contr\u00e1rio, ele \u00e9 um mundo irreal, por estar sempre em muta\u00e7\u00e3o e flutua\u00e7\u00e3o, enquanto o Mundo da Realidade \u00e9 um estado de ser eternamente completo, sempre Se desdobrando e Se revelando \u00e0 nossa percep\u00e7\u00e3o. N\u00f3s temos uma tarefa a cumprir neste mundo, a tarefa de dissolver a consci\u00eancia humana e ascender \u00e0 dimens\u00e3o superior da vida. Todos os problemas\u00a0ficam resolvidos, n\u00e3o por serem\u00a0enfrentados, mas sim, por nos\u00a0deslocarmos dos problemas para viver no referencial da Consci\u00eancia espiritual, que desconhece problemas. Todos os problemas se baseiam na consci\u00eancia humana; contudo, todo assim-chamado poder deste mundo p\u00f4de ser\u00a0desmascarado como sendo <i>n\u00e3o poder,<\/i> por\u00a0aqueles que se elevaram acima da consci\u00eancia humana. Esta \u00e9 a nossa miss\u00e3o final: dissolver a consci\u00eancia humana, primeiro para n\u00f3s mesmos, e depois, para o mundo. <\/span><\/h2>\n<h2 align=\"center\"><span style=\"color: #000080;\">Se\u00a0aprendermos a ir para dentro de n\u00f3s mesmos, sem lutas, sem desejos, tudo que nos for necess\u00e1rio se revelar\u00e1 e aparecer\u00e1 externamente. Qu\u00e3o reconfortante \u00e9 o pensamento: <i>&#8220;Nada pode ser acrescentado e nada pode ser tirado da Consci\u00eancia infinita que Eu Sou, pois, eu j\u00e1 sou realizado e Autocompleto em Deus&#8221;.<\/i> <\/span><\/h2>\n<h2 align=\"center\"><span style=\"color: #000080;\">Repousemos, agora, na percep\u00e7\u00e3o de nossa pr\u00f3pria Consci\u00eancia infinita\u00a0j\u00e1 completa.\u00a0Esta Consci\u00eancia desconhece desapontamentos, sem se importar\u00a0 com o que possa estar acontecendo externamente. N\u00f3s habitamos na Verdade de que <i>&#8220;Eu j\u00e1 sou completo&#8221;.<\/i> Dediquemo-nos a esta conscientiza\u00e7\u00e3o,\u00a0 por nos interiorizarmos, momento a momento, \u00e0quela conscientiza\u00e7\u00e3o para podermos vivenci\u00e1-la e pratic\u00e1-la no mundo. <\/span><\/h2>\n<h2 align=\"center\"><span style=\"color: #000080;\">Conscientize sua Filia\u00e7\u00e3o divina, sua heran\u00e7a divina como um filho de Deus, ame supremamente esta divina Consci\u00eancia; comungue com Ela, habite n\u2019Ela; e ent\u00e3o, deixe Sua luz brilhar atrav\u00e9s de voc\u00ea\u00a0com toda a Sua plenitude e\u00a0com toda a Sua gl\u00f3ria. &#8220;Minha gl\u00f3ria n\u00e3o ser\u00e1 dada a outro&#8221;. Deus\u00a0concede Sua gl\u00f3ria somente a Si mesmo, aparecendo como nossa pr\u00f3pria Consci\u00eancia divina. No Sil\u00eancio e na Quietude, Deus Se glorifica como cada um de n\u00f3s, para que possamos ser instrumentos\u00a0de Sua paz,\u00a0 Seu amor e\u00a0Sua\u00a0vida.\u00a0Se Deus\u00a0 tem\u00a0feito a doa\u00e7\u00e3o de Si mesmo como\u00a0o Ser que cada um de n\u00f3s \u00e9, isto \u00e9 para que possamos elevar a consci\u00eancia de toda a humanidade. Assim,\u00a0 abramos os port\u00f5es do templo de nosso Ser, para que o Rei da Gl\u00f3ria interna possa irradiar todo o Seu esplendor.<\/span><\/h2>\n<h2 align=\"center\"><span style=\"color: #000080;\">*<\/span><\/h2>\n<p>&nbsp;<\/p>\n","protected":false},"excerpt":{"rendered":"<p>&nbsp; \u00a0 A ess\u00eancia de O Caminho Infinito, seu cora\u00e7\u00e3o e sua alma, est\u00e3o em sua m\u00edstica. Neste caminho n\u00e3o temos de lutar\u00a0 nem mentalizar para obter o que j\u00e1 temos,\u00a0ou para ser o que\u00a0 j\u00e1 somos. Nossa \u00fanica necessidade \u00e9 a de\u00a0arranjarmos per\u00edodos suficientes de sil\u00eancio, de quietude interna, de tal forma que a &hellip; <\/p>\n<p class=\"link-more\"><a href=\"https:\/\/www.fachodeluz.blog.br\/wp\/2014\/02\/03\/a-mistica-de-o-caminho-infinito\/\" class=\"more-link\">Leia mais<span class=\"screen-reader-text\"> &#8220;A M\u00edstica De &#8220;O Caminho Infinito&#8221;&#8221;<\/span><\/a><\/p>\n","protected":false},"author":2,"featured_media":0,"comment_status":"open","ping_status":"closed","sticky":false,"template":"","format":"standard","meta":{"nf_dc_page":"","_crdt_document":"","footnotes":""},"categories":[5],"tags":[],"class_list":["post-13837","post","type-post","status-publish","format-standard","hentry","category-dividida-por-autores"],"featured_media_urls":[],"_links":{"self":[{"href":"https:\/\/www.fachodeluz.blog.br\/wp\/wp-json\/wp\/v2\/posts\/13837","targetHints":{"allow":["GET"]}}],"collection":[{"href":"https:\/\/www.fachodeluz.blog.br\/wp\/wp-json\/wp\/v2\/posts"}],"about":[{"href":"https:\/\/www.fachodeluz.blog.br\/wp\/wp-json\/wp\/v2\/types\/post"}],"author":[{"embeddable":true,"href":"https:\/\/www.fachodeluz.blog.br\/wp\/wp-json\/wp\/v2\/users\/2"}],"replies":[{"embeddable":true,"href":"https:\/\/www.fachodeluz.blog.br\/wp\/wp-json\/wp\/v2\/comments?post=13837"}],"version-history":[{"count":0,"href":"https:\/\/www.fachodeluz.blog.br\/wp\/wp-json\/wp\/v2\/posts\/13837\/revisions"}],"wp:attachment":[{"href":"https:\/\/www.fachodeluz.blog.br\/wp\/wp-json\/wp\/v2\/media?parent=13837"}],"wp:term":[{"taxonomy":"category","embeddable":true,"href":"https:\/\/www.fachodeluz.blog.br\/wp\/wp-json\/wp\/v2\/categories?post=13837"},{"taxonomy":"post_tag","embeddable":true,"href":"https:\/\/www.fachodeluz.blog.br\/wp\/wp-json\/wp\/v2\/tags?post=13837"}],"curies":[{"name":"wp","href":"https:\/\/api.w.org\/{rel}","templated":true}]}}