{"id":1399,"date":"2009-02-19T21:01:40","date_gmt":"2009-02-19T21:01:40","guid":{"rendered":"http:\/\/fachodeluz.hostmach.com.br\/wp\/?p=1399"},"modified":"2009-02-19T21:01:40","modified_gmt":"2009-02-19T21:01:40","slug":"eu-vim-nao-para-julgar","status":"publish","type":"post","link":"https:\/\/www.fachodeluz.blog.br\/wp\/2009\/02\/19\/eu-vim-nao-para-julgar\/","title":{"rendered":"&quot;EU VIM, N\u00c3O PARA JULGAR&#8230;&quot;"},"content":{"rendered":"<p><!--[if gte mso 9]&gt;  Normal 0 21       MicrosoftInternetExplorer4  &lt;![endif]--><\/p>\n<div style=\"border: 1pt solid windowtext; padding: 1pt 4pt; background: #f3e7ff none repeat scroll 0% 0%;\">\n<p class=\"MsoNormal\" style=\"border: medium none; padding: 0cm; background: #f3e7ff none repeat scroll 0% 0%; text-align: center;\" align=\"center\"><em><span style=\"font-size: 24pt; font-family: Impact; color: #0000b0;\">\u201cEU VIM, N\u00c3O PARA JULGAR O MUNDO, <\/span><\/em><\/p>\n<p class=\"MsoNormal\" style=\"border: medium none; padding: 0cm; background: #f3e7ff none repeat scroll 0% 0%; text-align: center;\" align=\"center\"><em><span style=\"font-size: 24pt; font-family: Impact; color: #0000b0;\">MAS PARA SALVAR O MUNDO\u201d.<\/span><\/em><\/p>\n<p class=\"MsoNormal\" style=\"border: medium none; padding: 0cm; background: #f3e7ff none repeat scroll 0% 0%; text-align: center;\" align=\"center\"><strong><em><span style=\"font-size: 14pt; font-family: Batang; color: #0000b0;\">Jo\u00e3o, 12: 47.<\/span><\/em><\/strong><\/p>\n<p class=\"MsoNormal\" style=\"border: medium none; padding: 0cm; background: #f3e7ff none repeat scroll 0% 0%; text-align: center;\" align=\"center\"><strong><span style=\"font-size: 14pt; font-family: &quot;Arial Black&quot;; color: #0000b0;\">D\u00e1rcio<\/span><\/strong><\/p>\n<p class=\"MsoNormal\" style=\"border: medium none; padding: 0cm; background: #f3e7ff none repeat scroll 0% 0%; text-align: justify;\"><em><span style=\"font-size: 14pt; color: #0000b0;\"> <\/span><\/em><\/p>\n<p class=\"MsoNormal\" style=\"border: medium none; padding: 0cm; background: #f3e7ff none repeat scroll 0% 0%; text-align: justify;\"><span style=\"font-size: 14pt; font-family: Verdana; color: #0000b0;\">Diante da frase de Cristo: \u201c<em>O Pai a ningu\u00e9m julga, mas deu ao Filho o julgamento\u201d,<\/em> muitas doutrinas religiosas passaram a propagar que seremos todos \u201cjulgados por Jesus\u201d, no suposto \u201cdia do ju\u00edzo final\u201d. Eis por que iniciamos o cap\u00edtulo com a frase em que o pr\u00f3prio Cristo refuta tais coloca\u00e7\u00f5es ortodoxas!<\/span><\/p>\n<p class=\"MsoNormal\" style=\"border: medium none; padding: 0cm; background: #f3e7ff none repeat scroll 0% 0%; text-align: justify;\"><span style=\"font-size: 14pt; font-family: Verdana; color: #0000b0;\"> <\/span><\/p>\n<p class=\"MsoNormal\" style=\"border: medium none; padding: 0cm; background: #f3e7ff none repeat scroll 0% 0%; text-align: justify;\"><em><span style=\"font-size: 14pt; font-family: Verdana; color: #0000b0;\">\u201cSe algu\u00e9m ouvir as minhas palavras, e n\u00e3o crer, eu n\u00e3o o julgo, porque eu vim, n\u00e3o para julgar o mundo, mas para salvar o mundo.\u201d<\/span><\/em><span style=\"font-size: 14pt; font-family: Verdana; color: #0000b0;\">Repetidamente, em nosso estudo, temos enfatizado a premissa b\u00e1sica: <em>DEUS \u00c9 TUDO!<\/em> A <em>mente iluminada<\/em> n\u00e3o v\u00ea o mundo como a <em>mente carnal<\/em> ou iludida o v\u00ea! Se Jesus dissesse ter vindo para \u201cjulgar algu\u00e9m\u201d, teria de estar usando a mente humana, e n\u00e3o a divina! A exist\u00eancia humana \u00e9 um <em>sonho!<\/em> Uma imagem hipn\u00f3tica que temporariamente engana a maioria, fazendo-a crer que existe, de fato, um mundo material. DEUS, ESP\u00cdRITO, \u00c9 TUDO! Sempre foi e sempre continuar\u00e1 sendo TUDO! Por que? Por ser DEUS! Onipresente, Onipotente, Onisciente!<\/span><\/p>\n<p class=\"MsoNormal\" style=\"border: medium none; padding: 0cm; background: #f3e7ff none repeat scroll 0% 0%; text-align: justify;\"><span style=\"font-size: 14pt; font-family: Verdana; color: #0000b0;\"> <\/span><\/p>\n<p class=\"MsoNormal\" style=\"border: medium none; padding: 0cm; background: #f3e7ff none repeat scroll 0% 0%; text-align: justify;\"><span style=\"font-size: 14pt; font-family: Verdana; color: #0000b0;\">Cristo, ciente de que <em>\u201co reino n\u00e3o \u00e9 deste mundo\u201d, <\/em>transmitiu-nos esta Verdade libertadora. Alguns a aceitam e outros n\u00e3o. Entretanto, se DEUS \u00c9 TUDO, esta an\u00e1lise de aceita\u00e7\u00e3o n\u00e3o pode ser real! Para a mente humana \u00e9 real! E para a mente divina, que \u00e9 Onisciente? Este \u00e9 o ponto: a mente que v\u00ea seres aceitando ou rejeitando a Verdade \u00e9 ilus\u00f3ria! Quando cada um se identifica com a Verdade de que <em>\u201ctemos a mente de Cristo\u201d,<\/em> percebe a n\u00e9voa ilus\u00f3ria dissipar-se \u00e0 sua frente! Estar\u00e1 \u201cse julgando com a Palavra!\u201d Estar\u00e1 dando fim \u00e0<span> <\/span>falsa cren\u00e7a de que h\u00e1 <em>dois<\/em> universos: o espiritual <em>e<\/em> o material.<\/span><\/p>\n<p class=\"MsoNormal\" style=\"border: medium none; padding: 0cm; background: #f3e7ff none repeat scroll 0% 0%; text-align: justify;\"><span style=\"font-size: 14pt; font-family: Verdana; color: #0000b0;\"> <\/span><\/p>\n<p class=\"MsoNormal\" style=\"border: medium none; padding: 0cm; background: #f3e7ff none repeat scroll 0% 0%; text-align: justify;\"><em><span style=\"font-size: 14pt; font-family: Verdana; color: #0000b0;\"><span> <\/span>\u201cQuem me rejeitar a mim e n\u00e3o receber as minhas palavras, j\u00e1 tem quem o julgue; a <span style=\"text-decoration: underline;\">palavra<\/span> que tenho pregado, <span style=\"text-decoration: underline;\">essa<\/span> o h\u00e1 de julgar no \u00faltimo dia<\/span><\/em><span style=\"font-size: 14pt; font-family: Verdana; color: #0000b0;\">.\u201d (Jo\u00e3o 12, 48).<span> <\/span>Como dissemos, a Revela\u00e7\u00e3o, DEUS \u00c9 TUDO, \u00e9 a <em>Palavra<\/em> que nos julga! Cada um, por se dedicar \u00e0 compreens\u00e3o da totalidade de Deus, \u00e0 percep\u00e7\u00e3o de que somos \u201cum com Deus\u201d, ter\u00e1 seu \u201c\u00faltimo dia\u201d, ou seja, o sumi\u00e7o do ego humano! Em G\u00e1latas, 2: 20, encontramos Paulo neste \u201cjulgamento\u201d, em seu \u201c\u00faltimo dia\u201d: <em>\u201cJ\u00e1 estou crucificado com Cristo; e vivo, n\u00e3o mais eu, mas Cristo vive em mim; e a vida que agora vivo na carne, vivo-a na f\u00e9 do Filho de Deus, o qual me amou e se entregou a si mesmo por mim.\u201d<\/em><\/span><\/p>\n<p class=\"MsoNormal\" style=\"border: medium none; padding: 0cm; background: #f3e7ff none repeat scroll 0% 0%; text-align: justify;\"><span style=\"font-size: 14pt; font-family: Verdana; color: #0000b0;\"> <\/span><\/p>\n<p class=\"MsoNormal\" style=\"border: medium none; padding: 0cm; background: #f3e7ff none repeat scroll 0% 0%; text-align: justify;\"><span style=\"font-size: 14pt; font-family: Verdana; color: #0000b0;\">Os conceitos humanos de \u201cju\u00edzo final\u201d e \u201ccondena\u00e7\u00e3o eterna\u201d s\u00e3o meras fantasias lament\u00e1veis da ilus\u00f3ria mente humana! Desde o Antigo Testamento j\u00e1 t\u00ednhamos a revela\u00e7\u00e3o de que todos seriam salvos: <em>\u201cPorque todos me conhecer\u00e3o, desde o menor at\u00e9 ao maior, diz o Senhor\u201d. <\/em>(Jeremias, 31, 34). Quanto antes percebermos a totalidade de Deus, e, conseq\u00fcentemente, nossa natureza divina, \u201cmais cedo\u201d estaremos \u201ccrucificados com Cristo\u201d: menos natureza humana ilus\u00f3ria demonstraremos, e mais Luz divina irradiaremos! Somente um v\u00e9u hipn\u00f3tico, chamado \u201chumanidade\u201d, <em>parece<\/em> ofuscar o fulgor pleno de nossa \u201cCristicidade\u201d.<\/span><\/p>\n<p class=\"MsoNormal\" style=\"border: medium none; padding: 0cm; background: #f3e7ff none repeat scroll 0% 0%; text-align: justify;\"><span style=\"font-size: 14pt; font-family: Verdana; color: #0000b0;\"> <\/span><\/p>\n<p class=\"MsoNormal\" style=\"border: medium none; padding: 0cm; background: #f3e7ff none repeat scroll 0% 0%; text-align: justify;\"><span style=\"font-size: 14pt; font-family: Verdana; color: #0000b0;\"> <\/span><\/p>\n<p class=\"MsoNormal\" style=\"border: medium none; padding: 0cm; background: #f3e7ff none repeat scroll 0% 0%;\"><span style=\"font-size: 14pt; font-family: Verdana; color: #0000b0;\"> <\/span><\/p>\n<\/div>\n","protected":false},"excerpt":{"rendered":"<p>\u201cEU VIM, N\u00c3O PARA JULGAR O MUNDO, MAS PARA SALVAR O MUNDO\u201d. Jo\u00e3o, 12: 47. D\u00e1rcio Diante da frase de Cristo: \u201cO Pai a ningu\u00e9m julga, mas deu ao Filho o julgamento\u201d, muitas doutrinas religiosas passaram a propagar que seremos todos \u201cjulgados por Jesus\u201d, no suposto \u201cdia do ju\u00edzo final\u201d. Eis por que iniciamos o &hellip; <\/p>\n<p class=\"link-more\"><a href=\"https:\/\/www.fachodeluz.blog.br\/wp\/2009\/02\/19\/eu-vim-nao-para-julgar\/\" class=\"more-link\">Leia mais<span class=\"screen-reader-text\"> &#8220;&quot;EU VIM, N\u00c3O PARA JULGAR&#8230;&quot;&#8221;<\/span><\/a><\/p>\n","protected":false},"author":2,"featured_media":0,"comment_status":"open","ping_status":"open","sticky":false,"template":"","format":"standard","meta":{"nf_dc_page":"","_crdt_document":"","footnotes":""},"categories":[10],"tags":[],"class_list":["post-1399","post","type-post","status-publish","format-standard","hentry","category-darcio-dezolt"],"featured_media_urls":[],"_links":{"self":[{"href":"https:\/\/www.fachodeluz.blog.br\/wp\/wp-json\/wp\/v2\/posts\/1399","targetHints":{"allow":["GET"]}}],"collection":[{"href":"https:\/\/www.fachodeluz.blog.br\/wp\/wp-json\/wp\/v2\/posts"}],"about":[{"href":"https:\/\/www.fachodeluz.blog.br\/wp\/wp-json\/wp\/v2\/types\/post"}],"author":[{"embeddable":true,"href":"https:\/\/www.fachodeluz.blog.br\/wp\/wp-json\/wp\/v2\/users\/2"}],"replies":[{"embeddable":true,"href":"https:\/\/www.fachodeluz.blog.br\/wp\/wp-json\/wp\/v2\/comments?post=1399"}],"version-history":[{"count":0,"href":"https:\/\/www.fachodeluz.blog.br\/wp\/wp-json\/wp\/v2\/posts\/1399\/revisions"}],"wp:attachment":[{"href":"https:\/\/www.fachodeluz.blog.br\/wp\/wp-json\/wp\/v2\/media?parent=1399"}],"wp:term":[{"taxonomy":"category","embeddable":true,"href":"https:\/\/www.fachodeluz.blog.br\/wp\/wp-json\/wp\/v2\/categories?post=1399"},{"taxonomy":"post_tag","embeddable":true,"href":"https:\/\/www.fachodeluz.blog.br\/wp\/wp-json\/wp\/v2\/tags?post=1399"}],"curies":[{"name":"wp","href":"https:\/\/api.w.org\/{rel}","templated":true}]}}