{"id":14856,"date":"2014-07-09T10:59:00","date_gmt":"2014-07-09T13:59:00","guid":{"rendered":"http:\/\/fachodeluz.blog.br\/wp\/?p=14856"},"modified":"2014-07-09T12:40:15","modified_gmt":"2014-07-09T15:40:15","slug":"jamais-alguem-se-torna-iluminado","status":"publish","type":"post","link":"https:\/\/www.fachodeluz.blog.br\/wp\/2014\/07\/09\/jamais-alguem-se-torna-iluminado\/","title":{"rendered":"Jamais Algu\u00e9m &#8220;Se Torna&#8221; Iluminado!"},"content":{"rendered":"<p style=\"text-align: center;\"><a href=\"https:\/\/i0.wp.com\/fachodeluz.blog.br\/wp\/wp-content\/uploads\/2014\/07\/notime1A.gif\"><img data-recalc-dims=\"1\" loading=\"lazy\" decoding=\"async\" loading=\"lazy\" class=\"aligncenter size-full wp-image-14861\" src=\"https:\/\/i0.wp.com\/fachodeluz.blog.br\/wp\/wp-content\/uploads\/2014\/07\/notime1A.gif?resize=450%2C303\" alt=\"notime1A\" width=\"450\" height=\"303\" \/><\/a><\/p>\n<h2 style=\"text-align: center;\"><span style=\"color: #666699;\">Se a \u201cilus\u00e3o\u201d for entendida como \u201cilus\u00e3o\u201d, a cren\u00e7a em \u201cilumina\u00e7\u00e3o\u201d se esvair\u00e1 como fuma\u00e7a ao vento! N\u00e3o existe ningu\u00e9m para \u201cse tornar iluminado\u201d! DEUS \u00c9 TUDO! Em vez de desejar \u201cse iluminar\u201d, o suposto \u201cestudante da Verdade\u201d deveria, de imediato, entender que \u201cilus\u00e3o \u00e9 ilus\u00e3o\u201d e se discernir em UNIDADE COM A LUZ INFINITA!<\/span><\/h2>\n<h2 style=\"text-align: center;\"><span style=\"color: #666699;\"><em>\u201cSois a Luz do mundo\u201d,<\/em> disse Jesus! Via algu\u00e9m desejoso de &#8220;se tornar&#8221; iluminado\u201d? N\u00e3o! Sabia que DEUS \u00c9 TUDO, que DEUS \u00c9 LUZ, e que SOMOS LUZ! Se algu\u00e9m se v\u00ea em mundo material, nele se coloca diante de um espelho, e acredita estar \u201cse vendo\u201d, o que estar\u00e1 sendo vista \u00e9 a ILUS\u00c2O! Um &#8220;cen\u00e1rio hipn\u00f3tico&#8221;, sem realidade!<\/span><\/h2>\n<h2 style=\"text-align: center;\"><span style=\"color: #666699;\">Isa\u00edas declarou: <em>\u201cLevanta-te, resplandece, porque j\u00e1 vem a tua Luz, e a gl\u00f3ria do Senhor vai nascendo sobre ti\u201d<\/em> (Isa\u00edas, 60: 1). Como isto veio sendo explicado \u00e0 humanidade? Como \u201cprofecia\u201d! Isa\u00edas, supostamente, estaria prevendo a \u201cvinda de Jesus\u201d! Para desmantelar esta cren\u00e7a falsa,\u00a0antes desta cita\u00e7\u00e3o, foi colocada a revela\u00e7\u00e3o de Jesus sobre quem somos: SOMOS <strong>A LUZ!<\/strong> Isa\u00edas n\u00e3o estava antevendo nada! Estava dizendo sobre O QUE <strong><em>J\u00c1 \u00c9!<\/em><\/strong><\/span><\/h2>\n<h2 style=\"text-align: center;\"><span style=\"color: #666699;\">Durante suas \u201ccontempla\u00e7\u00f5es da Verdade\u201d, expulse a CREN\u00c7A de que \u201cespelhos&#8221; do mundo do &#8220;pai da mentira\u201d reflitam voc\u00ea!\u00a0 N\u00e3o tem disparate maior do que um FILHO DE DEUS \u00a0considerar esta \u201capar\u00eancia de humano\u201d sendo o que ele \u00e9! ELE J\u00c1 \u00c9 LUZ! LUZ ETERNA! N\u00c3O TEM NADA A VER COM A IMAGEM QUE A <strong><em>ILUS\u00c3O<\/em><\/strong> LHE MOSTRA SOBRE ELE!\u00a0<\/span><\/h2>\n<h2 style=\"text-align: center;\"><span style=\"color: #666699;\">Voc\u00ea somente se mostrar\u00e1 aberto e receptivo \u00e0 VERDADE, quando desacreditar \u201cdeste mundo\u201d e desacreditar do suposto \u201ceu humano\u201d que, nesta imagem fraudulenta, \u00a0&#8220;aparece&#8221; e se faz passar por voc\u00ea! <em><strong>Este \u201ccen\u00e1rio hipn\u00f3tico\u201d \u00e9 a ILUS\u00c3O!<\/strong> <\/em>\u00a0E \u00e9 a <strong><em>identifica\u00e7\u00e3o<\/em><\/strong> com a &#8220;imagem humana&#8221; que gera \u00a0frases do tipo: <em>&#8220;Eu estou com dor na perna!&#8221;;&#8221;Eu n\u00e3o estou passando bem!&#8221;, &#8220;Eu estou em tratamento m\u00e9dico&#8221;, etc..<\/em> Mas a\u00a0frase aplic\u00e1vel \u00e9 a seguinte:<strong><em> &#8220;Eu\u00a0n\u00e3o estou reconhecendo a Luz que eu j\u00e1 sou!&#8221;.<\/em><\/strong><\/span><\/h2>\n<h2 style=\"text-align: center;\"><span style=\"color: #666699;\">Jesus foi \u00a0bem claro, ao dizer: <em>\u201cO REINO EST\u00c1 PRESENTE NO MUNDO INTEIRO, MAS OS HOMENS N\u00c3O O ENXERGAM\u201d!<\/em> As \u201ccontempla\u00e7\u00f5es\u201d s\u00f3 cumprir\u00e3o seu objetivo quando VOC\u00ca reconhecer que OLHOS DO MUNDO <em><strong>jamais o\u00a0veem!\u00a0<\/strong><\/em><\/span><\/h2>\n<h2 style=\"text-align: center;\"><span style=\"color: #666699;\">VOC\u00ca \u00c9 A LUZ DE DEUS EM EXPRESS\u00c3O! A SUA MENTE \u00c9 A MENTE DE DEUS, VENDO A PR\u00d3PRIA LUZ J\u00c1 RESPLANDECENTE! VOC\u00ca \u00c9 T\u00c3O FILHO DE DEUS QUANTO ISA\u00cdAS, JESUS, OU QUALQUER OUTRO! PARE DE SE JULGAR PELA ILUS\u00c3O! PARE DE ENDOSSAR FALSAS CREN\u00c7AS RELIGIOSAS! PARE DE SE IDENTIFICAR COM O MUNDO DO PAI DA MENTIRA! Assim fazendo, a revela\u00e7\u00e3o de Isa\u00edas estar\u00e1 lhe servindo j\u00e1, pois, VOC\u00ca estar\u00e1 resplandecente, ciente de que \u201cVIR A SUA LUZ\u201d SIGNIFICA O SEU RECONHECIMENTO DA PRESEN\u00c7A DELA SENDO VOC\u00ca! E, tamb\u00e9m a revela\u00e7\u00e3o de Jesus estar\u00e1 lhe servindo j\u00e1, pois, VOC\u00ca ESTAR\u00c1 RECONHECENDO J\u00c1 ESTAR SENDO A LUZ DO MUNDO!<\/span><\/h2>\n<h2 style=\"text-align: center;\"><span style=\"color: #666699;\">Enquanto esta Verdade n\u00e3o for aceita como VERDADE DESTE AGORA, quem n\u00e3o a acatar estar\u00e1 simplesmente imerso nas \u201cn\u00e9voas da ilus\u00e3o\u201d, acreditando que \u201co tempo existe\u201d, e que, neste tempo, bem l\u00e1 no \u201cfuturo\u201d, ele <strong><em>\u201cse tornar\u00e1&#8221;<\/em><\/strong> iluminado! S\u00d3 QUE\u00a0\u00a0O TEMPO N\u00c3O EXISTE!<\/span><\/h2>\n<h2 style=\"text-align: center;\"><span style=\"color: #666699;\"><strong><em> S\u00d3 EXISTE O AGORA!<\/em><\/strong><\/span><\/h2>\n<h2 style=\"text-align: center;\"><span style=\"color: #666699;\">*<\/span><\/h2>\n<h2><\/h2>\n","protected":false},"excerpt":{"rendered":"<p>Se a \u201cilus\u00e3o\u201d for entendida como \u201cilus\u00e3o\u201d, a cren\u00e7a em \u201cilumina\u00e7\u00e3o\u201d se esvair\u00e1 como fuma\u00e7a ao vento! N\u00e3o existe ningu\u00e9m para \u201cse tornar iluminado\u201d! DEUS \u00c9 TUDO! Em vez de desejar \u201cse iluminar\u201d, o suposto \u201cestudante da Verdade\u201d deveria, de imediato, entender que \u201cilus\u00e3o \u00e9 ilus\u00e3o\u201d e se discernir em UNIDADE COM A LUZ INFINITA! &hellip; <\/p>\n<p class=\"link-more\"><a href=\"https:\/\/www.fachodeluz.blog.br\/wp\/2014\/07\/09\/jamais-alguem-se-torna-iluminado\/\" class=\"more-link\">Leia mais<span class=\"screen-reader-text\"> &#8220;Jamais Algu\u00e9m &#8220;Se Torna&#8221; Iluminado!&#8221;<\/span><\/a><\/p>\n","protected":false},"author":2,"featured_media":0,"comment_status":"open","ping_status":"closed","sticky":false,"template":"","format":"standard","meta":{"nf_dc_page":"","_crdt_document":"","footnotes":""},"categories":[10],"tags":[],"class_list":["post-14856","post","type-post","status-publish","format-standard","hentry","category-darcio-dezolt"],"featured_media_urls":[],"_links":{"self":[{"href":"https:\/\/www.fachodeluz.blog.br\/wp\/wp-json\/wp\/v2\/posts\/14856","targetHints":{"allow":["GET"]}}],"collection":[{"href":"https:\/\/www.fachodeluz.blog.br\/wp\/wp-json\/wp\/v2\/posts"}],"about":[{"href":"https:\/\/www.fachodeluz.blog.br\/wp\/wp-json\/wp\/v2\/types\/post"}],"author":[{"embeddable":true,"href":"https:\/\/www.fachodeluz.blog.br\/wp\/wp-json\/wp\/v2\/users\/2"}],"replies":[{"embeddable":true,"href":"https:\/\/www.fachodeluz.blog.br\/wp\/wp-json\/wp\/v2\/comments?post=14856"}],"version-history":[{"count":0,"href":"https:\/\/www.fachodeluz.blog.br\/wp\/wp-json\/wp\/v2\/posts\/14856\/revisions"}],"wp:attachment":[{"href":"https:\/\/www.fachodeluz.blog.br\/wp\/wp-json\/wp\/v2\/media?parent=14856"}],"wp:term":[{"taxonomy":"category","embeddable":true,"href":"https:\/\/www.fachodeluz.blog.br\/wp\/wp-json\/wp\/v2\/categories?post=14856"},{"taxonomy":"post_tag","embeddable":true,"href":"https:\/\/www.fachodeluz.blog.br\/wp\/wp-json\/wp\/v2\/tags?post=14856"}],"curies":[{"name":"wp","href":"https:\/\/api.w.org\/{rel}","templated":true}]}}