{"id":15610,"date":"2014-11-16T09:33:09","date_gmt":"2014-11-16T11:33:09","guid":{"rendered":"http:\/\/fachodeluz.blog.br\/wp\/?p=15610"},"modified":"2014-11-16T21:57:49","modified_gmt":"2014-11-16T23:57:49","slug":"alegria-em-visitar-o-pai-celestial","status":"publish","type":"post","link":"https:\/\/www.fachodeluz.blog.br\/wp\/2014\/11\/16\/alegria-em-visitar-o-pai-celestial\/","title":{"rendered":"Alegria Em Visitar O Pai Celestial"},"content":{"rendered":"<h2 style=\"text-align: center;\"><a href=\"https:\/\/i0.wp.com\/fachodeluz.blog.br\/wp\/wp-content\/uploads\/2014\/11\/VISITAR.gif\"><img data-recalc-dims=\"1\" loading=\"lazy\" decoding=\"async\" loading=\"lazy\" class=\"aligncenter size-full wp-image-15611\" src=\"https:\/\/i0.wp.com\/fachodeluz.blog.br\/wp\/wp-content\/uploads\/2014\/11\/VISITAR.gif?resize=455%2C342\" alt=\"VISITAR\" width=\"455\" height=\"342\" \/><\/a><\/h2>\n<h2 style=\"text-align: center;\"><span style=\"color: #800080;\"><em>&#8220;Um \u00e9 o Vosso Pai, o qual est\u00e1 nos c\u00e9us&#8221;,<\/em> disse Jesus (Mt. 23; 9). As ora\u00e7\u00f5es, portanto, s\u00e3o &#8220;visitas ao Pai eterno&#8221; que temos! Quando for entendido que <strong><em>unicamente Deus \u00e9 o nosso Pai,<\/em><\/strong> e que Sua Presen\u00e7a est\u00e1 dispon\u00edvel no Agora eterno que jamais se altera, a &#8220;<em>cren\u00e7a em nascimentos&#8221;<\/em> ficar\u00e1 banida, e as nossas ora\u00e7\u00f5es ser\u00e3o mais eficazes, sem perdas de tempo, diretas e objetivas, por termos entendido a grande revela\u00e7\u00e3o de Jesus de que <em>&#8220;somos um com Ele&#8221;.<\/em><\/span><\/h2>\n<h2 style=\"text-align: center;\"><span style=\"color: #800080;\">Muita gente vai a Deus como se fosse separado d&#8217;Ele, enquanto a ora\u00e7\u00e3o \u00e9 de percep\u00e7\u00e3o justamente do contr\u00e1rio: vivemos com a Verdade que Deus \u00c9!\u00a0 Decorrente desta Verdade, p\u00f4de Jesus enunciar duas frases absolutas: <em>&#8220;Quem me v\u00ea a Mim, v\u00ea o Pai&#8221;&#8230; &#8220;Eu e o Pai somos um&#8221;!<\/em><\/span><\/h2>\n<h2 style=\"text-align: center;\"><span style=\"color: #800080;\">N\u00e3o h\u00e1 Verdade que valha para Buda, para Jesus, ou para qualquer outro,\u00a0 e que n\u00e3o seja Verdade v\u00e1lida exatamente AGORA para VOC\u00ca, EU e TODOS! Por isso, quando estivermos na<em> \u201c`Pr\u00e1tica do Sil\u00eancio\u201d,<\/em> recordemos, de in\u00edcio, estes fatos principais, para podermos<strong><em> \u201cvisitar o Pai\u201d<\/em> <\/strong>com alegria, efici\u00eancia e com a \u201cmeta da ora\u00e7\u00e3o\u201d atingida! <\/span><\/h2>\n<h2 style=\"text-align: center;\"><span style=\"color: #800080;\">Qual \u00e9 esta meta? <em>A PERCEP\u00c7\u00c3O DE QUE NOSSO PAI \u00c9 AMOROSAMENTE \u201cUM CONOSCO\u201d,<\/em> isto \u00e9, j\u00e1 damos in\u00edcio reconhecendo ser um \u201cencontro\u201d que \u00e9 de \u201ccomunh\u00e3o\u201d, de percep\u00e7\u00e3o de que nossa Vida \u00e9 a Vida do Pai, nossa Consci\u00eancia \u00e9 a Consci\u00eancia do Pai, nossa Mente \u00e9 a Mente do Pai, nosso Corpo \u00e9 o Templo do Pai, e nosso Universo \u00e9 o Universo do Pai.<\/span><\/h2>\n<h2 style=\"text-align: center;\"><span style=\"color: #800080;\">Da clara percep\u00e7\u00e3o desta UNIDADE ETERNA, fica-nos igualmente clara a forma simples e absoluta de orar, empregada por Jesus:<\/span><\/h2>\n<h2 style=\"text-align: center;\"><span style=\"color: #800080;\"><em>\u201cPai, todas as minhas coisas s\u00e3o Tuas, e as Tuas coisas s\u00e3o minhas; e nisso sou glorificado!\u201d<\/em> (Jo\u00e3o. 17: 10).<\/span><\/h2>\n<h2 style=\"text-align: center;\"><\/h2>\n<h2 style=\"text-align: center;\"><span style=\"color: #800080;\"> *<\/span><\/h2>\n","protected":false},"excerpt":{"rendered":"<p>&#8220;Um \u00e9 o Vosso Pai, o qual est\u00e1 nos c\u00e9us&#8221;, disse Jesus (Mt. 23; 9). As ora\u00e7\u00f5es, portanto, s\u00e3o &#8220;visitas ao Pai eterno&#8221; que temos! Quando for entendido que unicamente Deus \u00e9 o nosso Pai, e que Sua Presen\u00e7a est\u00e1 dispon\u00edvel no Agora eterno que jamais se altera, a &#8220;cren\u00e7a em nascimentos&#8221; ficar\u00e1 banida, e &hellip; <\/p>\n<p class=\"link-more\"><a href=\"https:\/\/www.fachodeluz.blog.br\/wp\/2014\/11\/16\/alegria-em-visitar-o-pai-celestial\/\" class=\"more-link\">Leia mais<span class=\"screen-reader-text\"> &#8220;Alegria Em Visitar O Pai Celestial&#8221;<\/span><\/a><\/p>\n","protected":false},"author":2,"featured_media":0,"comment_status":"open","ping_status":"closed","sticky":false,"template":"","format":"standard","meta":{"nf_dc_page":"","_crdt_document":"","footnotes":""},"categories":[10],"tags":[],"class_list":["post-15610","post","type-post","status-publish","format-standard","hentry","category-darcio-dezolt"],"featured_media_urls":[],"_links":{"self":[{"href":"https:\/\/www.fachodeluz.blog.br\/wp\/wp-json\/wp\/v2\/posts\/15610","targetHints":{"allow":["GET"]}}],"collection":[{"href":"https:\/\/www.fachodeluz.blog.br\/wp\/wp-json\/wp\/v2\/posts"}],"about":[{"href":"https:\/\/www.fachodeluz.blog.br\/wp\/wp-json\/wp\/v2\/types\/post"}],"author":[{"embeddable":true,"href":"https:\/\/www.fachodeluz.blog.br\/wp\/wp-json\/wp\/v2\/users\/2"}],"replies":[{"embeddable":true,"href":"https:\/\/www.fachodeluz.blog.br\/wp\/wp-json\/wp\/v2\/comments?post=15610"}],"version-history":[{"count":0,"href":"https:\/\/www.fachodeluz.blog.br\/wp\/wp-json\/wp\/v2\/posts\/15610\/revisions"}],"wp:attachment":[{"href":"https:\/\/www.fachodeluz.blog.br\/wp\/wp-json\/wp\/v2\/media?parent=15610"}],"wp:term":[{"taxonomy":"category","embeddable":true,"href":"https:\/\/www.fachodeluz.blog.br\/wp\/wp-json\/wp\/v2\/categories?post=15610"},{"taxonomy":"post_tag","embeddable":true,"href":"https:\/\/www.fachodeluz.blog.br\/wp\/wp-json\/wp\/v2\/tags?post=15610"}],"curies":[{"name":"wp","href":"https:\/\/api.w.org\/{rel}","templated":true}]}}