{"id":15615,"date":"2014-11-17T11:14:28","date_gmt":"2014-11-17T13:14:28","guid":{"rendered":"http:\/\/fachodeluz.blog.br\/wp\/?p=15615"},"modified":"2014-11-17T11:14:28","modified_gmt":"2014-11-17T13:14:28","slug":"reconheca-deus-como-onipresenca-e-ilusao-como-ausencia","status":"publish","type":"post","link":"https:\/\/www.fachodeluz.blog.br\/wp\/2014\/11\/17\/reconheca-deus-como-onipresenca-e-ilusao-como-ausencia\/","title":{"rendered":"Reconhe\u00e7a Deus Como Onipresen\u00e7a E Ilus\u00e3o Como Aus\u00eancia"},"content":{"rendered":"<h2 style=\"text-align: center;\"><a href=\"https:\/\/i0.wp.com\/fachodeluz.blog.br\/wp\/wp-content\/uploads\/2014\/11\/reconhe%C3%A7a1.gif\"><img data-recalc-dims=\"1\" loading=\"lazy\" decoding=\"async\" loading=\"lazy\" class=\"aligncenter size-full wp-image-15616\" src=\"https:\/\/i0.wp.com\/fachodeluz.blog.br\/wp\/wp-content\/uploads\/2014\/11\/reconhe%C3%A7a1.gif?resize=450%2C403\" alt=\"reconhe\u00e7a1\" width=\"450\" height=\"403\" \/><\/a><\/h2>\n<h2 style=\"text-align: center;\"><span style=\"color: #2f2f54;\">As \u201capar\u00eancias vis\u00edveis\u201d d\u00e3o-nos a <strong><em>impress\u00e3o<\/em><\/strong> de serem reais, substanciais, l\u00f3gicas e vivas. Por isso a humanidade pena tanto para captar a <em><strong>grandiosa revela\u00e7\u00e3o<\/strong><\/em> de que \u201cmundo material \u00e9 nada\u201d! Se um \u201cshow hologr\u00e1fico\u201d estiver sendo visto com aten\u00e7\u00e3o, por uma plateia que desconhecesse a verdade, ou seja, que TODO ELE \u00c9 ILUS\u00d3RIO, CONVENC\u00ca-LA desse fato requereria o desligamento total dos projetores!<\/span><\/h2>\n<h2 style=\"text-align: center;\"><span style=\"color: #2f2f54;\">A experi\u00eancia em Deus, tida por Krishna, Buda, Jesus e outros, equipara-se a este \u201cdesligamento das imagens ilus\u00f3rias\u201d; \u00e9 quando o chamado \u201cmundo fenom\u00eanico\u201d <strong><em>some em sua nulidade,<\/em><\/strong> deixando \u00e0 mostra unicamente a Realidade divina, espiritual, perfeita, iluminada e permanente. Vendo-a, disse Jesus:<em> \u201cNaquele dia conhecereis, eu estou em meu Pai, v\u00f3s em mim, e eu em v\u00f3s\u201d.<\/em> Estava de olhos na <em><strong>Onipresen\u00e7a,<\/strong><\/em> sem dividir-se com ilus\u00f3rias IMAGENS VIS\u00cdVEIS! Via, ali, toda a Exist\u00eancia REAL, formada por n\u00f3s! Passados mais de 2000 anos, continua, o grosso da humanidade, de OLHOS NAS APAR\u00caNCIAS , acreditando serem elas reais! Quando Jo\u00e3o disse ter visto<em> \u201co que era desde o princ\u00edpio\u201d,<\/em> dava, igualmente, o seu testemunho desta Realidade ONIPRESENTE, que nos <em>inclu\u00eda<\/em> a todos!<\/span><\/h2>\n<h2 style=\"text-align: center;\"><span style=\"color: #2f2f54;\">Por que estas Verdades n\u00e3o s\u00e3o nunca vivenciadas? Por n\u00e3o terem recebido radical aten\u00e7\u00e3o por parte das pessoas. Se, num \u201cshow hologr\u00e1fico\u201d, dissermos para algu\u00e9m que \u201cos integrantes do show\u201d est\u00e3o AUSENTES, enquanto ele n\u00e3o parar para RECONHECER que o palco est\u00e1 vazio, a <em>ILUS\u00c3O<\/em> prevalecer\u00e1, e ele, sem desacreditar dela, continuar\u00e1 achando que existe, de fato, um \u201cshow de pessoas vivas\u201d, ali se exibindo.<\/span><\/h2>\n<h2 style=\"text-align: center;\"><span style=\"color: #2f2f54;\">SOMENTE EXISTE DEUS, NO PALCO DO INFINITO! Enquanto \u201coutra presen\u00e7a\u201d estiver sendo reconhecida, <strong><em>uma AUS\u00caNCIA estar\u00e1 se fazendo passar por PRESEN\u00c7A,<\/em><\/strong> apesar de ser \u201cnada\u201d! Este \u00e9 o trabalho metaf\u00edsico: reconhecer a <em>ONIPRESEN\u00c7A<\/em> de Deus, e a <em>AUS\u00caNCIA TOTAL<\/em> de \u201calgo al\u00e9m de Deus\u201d, <strong><em>mesmo que esta AUS\u00caNCIA se mostre como \u201cpresen\u00e7a de males ou imperfei\u00e7\u00f5es\u201d.<\/em><\/strong> Para explicar esta TOTALIDADE DE DEUS, a Metaf\u00edsica usa a palavra \u201c<em>ILUS\u00c3O\u201d,<\/em> que significa <em>\u201cNADA\u201d , \u201cAUS\u00caNCIA\u201d , O VAZIO DE SUBST\u00c2NCIA E DE VIDA!<\/em><\/span><\/h2>\n<h2 style=\"text-align: center;\"><span style=\"color: #2f2f54;\">Dentro desse entendimento, n\u00e3o h\u00e1 sentido em se falar em \u201cbatalhas contra a ilus\u00e3o\u201d! O que se requer, \u00e9 uma dedicada <em>CONTEMPLA\u00c7\u00c3O<\/em> DA ETERNIDADE PERFEITA, QUE \u00c9 A IMUT\u00c1VEL <strong><em>ONIPRESEN\u00c7A<\/em> <\/strong>DIVINA, AQUI E AGORA EVIDENCIADA, E O <em>RECONHECIMENTO RADICAL<\/em> DE QUE \u201cTODAS AS APAR\u00caNCIAS VIS\u00cdVEIS&#8221;, EM SUPOSTA MUTA\u00c7\u00c3O, S\u00c3O <strong><em>\u201cAUS\u00caNCIAS\u201d,<\/em><\/strong> j\u00e1 preenchidas ou ocupadas pela perfei\u00e7\u00e3o da <strong><em>ONIPRESEN\u00c7A.<\/em><\/strong><\/span><\/h2>\n<h2 style=\"text-align: center;\"><span style=\"color: #2f2f54;\">As \u201cimagens de aus\u00eancias\u201d poder\u00e3o lhe mostrar um \u201ccorpo carnal nascido\u201d e em mudan\u00e7as para melhor ou para pior: <strong><em>REJEITE ACREDITAR EM TODAS ELAS!<\/em> <\/strong>DEUS \u00c9 TUDO! RECONHE\u00c7A A REALIDADE PERMANENTE E RECONHE\u00c7A O \u201cVAZIO\u201d DAS IMAGENS FENOM\u00caNICAS, CONTEMPLANDO O ETERNO <strong><em>&#8220;EU SOU&#8221;<\/em><\/strong> PERFEITO, <strong><em>J\u00c1 OCUPANDO O LUGAR DELAS!<\/em> <\/strong><\/span><\/h2>\n<h2 style=\"text-align: center;\"><span style=\"color: #2f2f54;\">*<\/span><\/h2>\n","protected":false},"excerpt":{"rendered":"<p>As \u201capar\u00eancias vis\u00edveis\u201d d\u00e3o-nos a impress\u00e3o de serem reais, substanciais, l\u00f3gicas e vivas. Por isso a humanidade pena tanto para captar a grandiosa revela\u00e7\u00e3o de que \u201cmundo material \u00e9 nada\u201d! Se um \u201cshow hologr\u00e1fico\u201d estiver sendo visto com aten\u00e7\u00e3o, por uma plateia que desconhecesse a verdade, ou seja, que TODO ELE \u00c9 ILUS\u00d3RIO, CONVENC\u00ca-LA desse &hellip; <\/p>\n<p class=\"link-more\"><a href=\"https:\/\/www.fachodeluz.blog.br\/wp\/2014\/11\/17\/reconheca-deus-como-onipresenca-e-ilusao-como-ausencia\/\" class=\"more-link\">Leia mais<span class=\"screen-reader-text\"> &#8220;Reconhe\u00e7a Deus Como Onipresen\u00e7a E Ilus\u00e3o Como Aus\u00eancia&#8221;<\/span><\/a><\/p>\n","protected":false},"author":2,"featured_media":0,"comment_status":"open","ping_status":"closed","sticky":false,"template":"","format":"standard","meta":{"nf_dc_page":"","_crdt_document":"","footnotes":""},"categories":[10],"tags":[],"class_list":["post-15615","post","type-post","status-publish","format-standard","hentry","category-darcio-dezolt"],"featured_media_urls":[],"_links":{"self":[{"href":"https:\/\/www.fachodeluz.blog.br\/wp\/wp-json\/wp\/v2\/posts\/15615","targetHints":{"allow":["GET"]}}],"collection":[{"href":"https:\/\/www.fachodeluz.blog.br\/wp\/wp-json\/wp\/v2\/posts"}],"about":[{"href":"https:\/\/www.fachodeluz.blog.br\/wp\/wp-json\/wp\/v2\/types\/post"}],"author":[{"embeddable":true,"href":"https:\/\/www.fachodeluz.blog.br\/wp\/wp-json\/wp\/v2\/users\/2"}],"replies":[{"embeddable":true,"href":"https:\/\/www.fachodeluz.blog.br\/wp\/wp-json\/wp\/v2\/comments?post=15615"}],"version-history":[{"count":0,"href":"https:\/\/www.fachodeluz.blog.br\/wp\/wp-json\/wp\/v2\/posts\/15615\/revisions"}],"wp:attachment":[{"href":"https:\/\/www.fachodeluz.blog.br\/wp\/wp-json\/wp\/v2\/media?parent=15615"}],"wp:term":[{"taxonomy":"category","embeddable":true,"href":"https:\/\/www.fachodeluz.blog.br\/wp\/wp-json\/wp\/v2\/categories?post=15615"},{"taxonomy":"post_tag","embeddable":true,"href":"https:\/\/www.fachodeluz.blog.br\/wp\/wp-json\/wp\/v2\/tags?post=15615"}],"curies":[{"name":"wp","href":"https:\/\/api.w.org\/{rel}","templated":true}]}}