{"id":15628,"date":"2014-11-21T10:36:15","date_gmt":"2014-11-21T12:36:15","guid":{"rendered":"http:\/\/fachodeluz.blog.br\/wp\/?p=15628"},"modified":"2014-11-21T14:01:52","modified_gmt":"2014-11-21T16:01:52","slug":"a-mente-de-cristo-o-cristo-a-perfeicao-de-cristo","status":"publish","type":"post","link":"https:\/\/www.fachodeluz.blog.br\/wp\/2014\/11\/21\/a-mente-de-cristo-o-cristo-a-perfeicao-de-cristo\/","title":{"rendered":"A Mente de Cristo, O Cristo, A Perfei\u00e7\u00e3o do Cristo!"},"content":{"rendered":"<p style=\"text-align: center;\">\u00a0<a href=\"https:\/\/i0.wp.com\/fachodeluz.blog.br\/wp\/wp-content\/uploads\/2014\/11\/ch3.gif\"><img data-recalc-dims=\"1\" loading=\"lazy\" decoding=\"async\" loading=\"lazy\" class=\"aligncenter size-full wp-image-15631\" src=\"https:\/\/i0.wp.com\/fachodeluz.blog.br\/wp\/wp-content\/uploads\/2014\/11\/ch3.gif?resize=455%2C530\" alt=\"ch3\" width=\"455\" height=\"530\" \/><\/a><\/p>\n<h2 style=\"text-align: center;\"><span style=\"color: #0e0eb5;\">Quando as Escrituras nos revelam que <em>\u201ctemos a Mente de Cristo\u201d,<\/em> revelam, implicitamente, que <em>\u201csomos o Cristo\u201d<\/em> e que somos <em>\u201cseres dotados da Perfei\u00e7\u00e3o de Cristo\u201d.<\/em> Evidentemente, estas Verdades s\u00e3o permanentes, ou seja, s\u00e3o v\u00e1lidas para todos n\u00f3s, exatamente aqui e agora. Por isso, elas devem ser levadas com assiduidade e em detalhes \u00e0s nossas \u201ccontempla\u00e7\u00f5es absolutas\u201d!<\/span><\/h2>\n<h2 style=\"text-align: center;\"><span style=\"color: #0e0eb5;\">Somos todos seres individuais distintos, mas formando a UNIDADE PERFEITA INDIVIS\u00cdVEL! Por isso, todos \u201ctemos a Mente de Cristo\u201d, pois, somos todos \u201cextens\u00f5es ramificadas\u201d do Pai \u00fanico, ou do <em>\u201cEu Sou\u201d Infinito&#8221;!<\/em> E, tamb\u00e9m por isso, toda Verdade \u00e9 IMPESSOAL, v\u00e1lida, igualmente, para \u201ccada Cristo\u201d ou \u201cSer individual\u201d em Exist\u00eancia eterna.<\/span><\/h2>\n<h2 style=\"text-align: center;\"><span style=\"color: #0e0eb5;\">Quando aceitamos que <em>\u201ca Mente de Cristo \u00e9 a nossa\u201d,<\/em> aceitamos, de imediato, que somos UM COM DEUS! O suposto \u201cmundo fenom\u00eanico\u201d n\u00e3o endossa nada disso, uma vez que \u00e9 <strong><em>IRREAL,<\/em><\/strong> simples \u201cmiragem passageira\u201d, enquanto A REALIDADE DIVINA \u00c9 A ONIPRESEN\u00c7A PERMANENTE, EXPRESS\u00c3O \u00daNICA DA DIVINDADE. Desta Verdade, decorre que <em>tudo que a suposta &#8220;mente humana&#8221; acredita expressar, \u00e9 &#8220;nada&#8221;! Portanto, grave bem: a suposta &#8220;mente humana&#8221; nada expressa, que tenha realidade!<\/em><\/span><\/h2>\n<h2 style=\"text-align: center;\"><span style=\"color: #0e0eb5;\">Sempre reiteramos que as postagens do <strong><em>Facho de Luz<\/em><\/strong> n\u00e3o s\u00e3o para simples leituras; antes, as leituras s\u00e3o meras motiva\u00e7\u00f5es para que percebamos, internamente, nossa<strong><em> identifica\u00e7\u00e3o<\/em><\/strong> com estas Verdades! Se for lido que \u201ctemos a Mente de CRISTO\u201d, esta informa\u00e7\u00e3o haver\u00e1 de ser DISCERNIDA durante a <strong><em>Pr\u00e1tica do Sil\u00eancio.<\/em><\/strong> Ali dever\u00e1 ficar bem marcada, para que seus efeitos durem pelo resto do dia!<\/span><\/h2>\n<h2 style=\"text-align: center;\"><span style=\"color: #0e0eb5;\">O mesmo se d\u00e1 com a Verdade de que \u201cCristo \u00e9 tudo em todos\u201d; dever\u00e1 ser \u201ccontemplada\u201d com dedica\u00e7\u00e3o e discernimento! Se \u201ctemos a Mente de Cristo\u201d, e se \u201csomos o Cristo\u201d, estas Verdades absolutas devem fazer a diferen\u00e7a em nosso dia a dia, al\u00e9m de nos deixarem atentos para, tamb\u00e9m, as observarmos em nosso pr\u00f3ximo! Isto passa a ser um treinamento para \u201cn\u00e3o julgarmos pela carne\u201d a ningu\u00e9m!<\/span><\/h2>\n<h2 style=\"text-align: center;\"><span style=\"color: #0e0eb5;\">Ap\u00f3s contemplarmos que \u201ctemos a Mente de Cristo\u201d, e que \u201cCristo \u00e9 tudo em n\u00f3s\u201d, devemos contemplar <strong><em>\u201cnossa PERFEI\u00c7\u00c3O\u201d como Cristo\u201d,<\/em> <\/strong>ou seja, enxergar o Corpo de Luz em sua perfei\u00e7\u00e3o iluminada e gloriosa, aqui e agora evidenciado! Algu\u00e9m poderia perguntar: \u201c<strong><em>Mas como farei isto, com um exame m\u00e9dico apontando problemas de sa\u00fade\u201d?<\/em><\/strong> A B\u00edblia d\u00e1 a resposta: \u201cO TESTEMUNHO DE DEUS \u00c9 MAIOR DO QUE O DOS HOMENS\u201d! Quando honramos nossa NATUREZA DIVINA, ALINHAMO-NOS COM O \u201cTESTEMUNHO DE DEUS\u201d, e nossa perman\u00eancia nas Verdades \u201cdar\u00e1 frutos\u201d, isto \u00e9, far\u00e1 a suposta mente carnal se render \u00e0 supremacia e totalidade de Deus. J\u00e1 foi dito: tudo que esta &#8220;mente falsa&#8221; diz existir, \u00e9 <em>ILUS\u00c3O!<\/em><\/span><\/h2>\n<h2 style=\"text-align: center;\"><span style=\"color: #0e0eb5;\">Reserve per\u00edodos do dia em que, de fato, tenha tempo para se dedicar \u00e0s \u201ccontempla\u00e7\u00f5es\u201d, pois, ser\u00e1 atrav\u00e9s delas que as Verdades deixar\u00e3o de ser leitura ou teoria para serem, de fato, Verdades vivas em seu pr\u00f3prio Ser, que \u00e9 DEUS!<\/span><\/h2>\n<h2 style=\"text-align: center;\"><\/h2>\n<h2 style=\"text-align: center;\"><span style=\"color: #0e0eb5;\">*<\/span><\/h2>\n<h2 style=\"text-align: center;\"><\/h2>\n<h2 style=\"text-align: center;\"><\/h2>\n","protected":false},"excerpt":{"rendered":"<p>\u00a0 Quando as Escrituras nos revelam que \u201ctemos a Mente de Cristo\u201d, revelam, implicitamente, que \u201csomos o Cristo\u201d e que somos \u201cseres dotados da Perfei\u00e7\u00e3o de Cristo\u201d. Evidentemente, estas Verdades s\u00e3o permanentes, ou seja, s\u00e3o v\u00e1lidas para todos n\u00f3s, exatamente aqui e agora. Por isso, elas devem ser levadas com assiduidade e em detalhes \u00e0s &hellip; <\/p>\n<p class=\"link-more\"><a href=\"https:\/\/www.fachodeluz.blog.br\/wp\/2014\/11\/21\/a-mente-de-cristo-o-cristo-a-perfeicao-de-cristo\/\" class=\"more-link\">Leia mais<span class=\"screen-reader-text\"> &#8220;A Mente de Cristo, O Cristo, A Perfei\u00e7\u00e3o do Cristo!&#8221;<\/span><\/a><\/p>\n","protected":false},"author":2,"featured_media":0,"comment_status":"open","ping_status":"closed","sticky":false,"template":"","format":"standard","meta":{"nf_dc_page":"","_crdt_document":"","footnotes":""},"categories":[10],"tags":[],"class_list":["post-15628","post","type-post","status-publish","format-standard","hentry","category-darcio-dezolt"],"featured_media_urls":[],"_links":{"self":[{"href":"https:\/\/www.fachodeluz.blog.br\/wp\/wp-json\/wp\/v2\/posts\/15628","targetHints":{"allow":["GET"]}}],"collection":[{"href":"https:\/\/www.fachodeluz.blog.br\/wp\/wp-json\/wp\/v2\/posts"}],"about":[{"href":"https:\/\/www.fachodeluz.blog.br\/wp\/wp-json\/wp\/v2\/types\/post"}],"author":[{"embeddable":true,"href":"https:\/\/www.fachodeluz.blog.br\/wp\/wp-json\/wp\/v2\/users\/2"}],"replies":[{"embeddable":true,"href":"https:\/\/www.fachodeluz.blog.br\/wp\/wp-json\/wp\/v2\/comments?post=15628"}],"version-history":[{"count":0,"href":"https:\/\/www.fachodeluz.blog.br\/wp\/wp-json\/wp\/v2\/posts\/15628\/revisions"}],"wp:attachment":[{"href":"https:\/\/www.fachodeluz.blog.br\/wp\/wp-json\/wp\/v2\/media?parent=15628"}],"wp:term":[{"taxonomy":"category","embeddable":true,"href":"https:\/\/www.fachodeluz.blog.br\/wp\/wp-json\/wp\/v2\/categories?post=15628"},{"taxonomy":"post_tag","embeddable":true,"href":"https:\/\/www.fachodeluz.blog.br\/wp\/wp-json\/wp\/v2\/tags?post=15628"}],"curies":[{"name":"wp","href":"https:\/\/api.w.org\/{rel}","templated":true}]}}