{"id":1641,"date":"2009-03-02T11:59:10","date_gmt":"2009-03-02T11:59:10","guid":{"rendered":"http:\/\/fachodeluz.hostmach.com.br\/wp\/?p=1641"},"modified":"2009-03-02T11:59:10","modified_gmt":"2009-03-02T11:59:10","slug":"sua-presenca-como-deus","status":"publish","type":"post","link":"https:\/\/www.fachodeluz.blog.br\/wp\/2009\/03\/02\/sua-presenca-como-deus\/","title":{"rendered":"SUA PRESEN\u00c7A COMO DEUS"},"content":{"rendered":"<p><!--[if gte mso 9]&gt;  Normal 0 21       MicrosoftInternetExplorer4  &lt;![endif]--><!--[if !mso]&gt;--><\/p>\n<div style=\"border: 7.5pt double #3366ff; padding: 1pt 4pt; background: #f3ffff none repeat scroll 0% 0%;\">\n<p class=\"MsoNormal\" style=\"border: medium none; padding: 0cm; background: #f3ffff none repeat scroll 0% 0%; text-align: center;\" align=\"center\"><span style=\"font-size: 48pt; font-family: Haettenschweiler; color: navy;\">SUA PRESEN\u00c7A <\/span><\/p>\n<p class=\"MsoNormal\" style=\"border: medium none; padding: 0cm; background: #f3ffff none repeat scroll 0% 0%; text-align: center;\" align=\"center\"><span style=\"font-size: 48pt; font-family: Haettenschweiler; color: navy;\">COMO DEUS<\/span><\/p>\n<p class=\"MsoNormal\" style=\"border: medium none; padding: 0cm; background: #f3ffff none repeat scroll 0% 0%; text-align: center;\" align=\"center\"><em><span style=\"font-size: 14pt; font-family: Verdana; color: navy;\">D\u00e1rcio<\/span><\/em><\/p>\n<p class=\"MsoNormal\" style=\"border: medium none; padding: 0cm; background: #f3ffff none repeat scroll 0% 0%;\"><span style=\"font-size: 14pt; font-family: Verdana; color: navy;\"> <\/span><\/p>\n<p class=\"MsoNormal\" style=\"border: medium none; padding: 0cm; background: #f3ffff none repeat scroll 0% 0%;\"><span style=\"font-size: 14pt; font-family: Verdana; color: navy;\">Se Jo\u00e3o ou Maria sa\u00edrem \u00e0s ruas, ser\u00e3o vistos pelos demais como Jo\u00e3o e Maria; e os demais ser\u00e3o vistos por Jo\u00e3o e Maria como os demais! Isso tudo parece ser muito natural para ambas as partes, e, desse modo, o dia-a-dia da humanidade se desenrola dentro dessa naturalidade! Por que? Porque \u00e9 o m\u00e1ximo que a mente humana pode ver daquilo que se exp\u00f5e diante dela! Passasse, por exemplo, Jesus Cristo, Jo\u00e3o e Maria o veriam como mais um ser humano, e nada mais; <strong><em>por outro lado, Jo\u00e3o e Maria seriam vistos por ele como \u201cLuz do mundo\u201d.<\/em><\/strong> Por que? Porque ele n\u00e3o os estaria vendo com a mente humana, mas com a \u201cmente de Cristo\u201d. Jesus, conhecendo sua real identidade, sabia ser ela tamb\u00e9m a identidade de todos, uma vez que o Pai comum \u00e9 Deus e Sua onipresen\u00e7a constitui a presen\u00e7a de todos.<\/span><\/p>\n<p class=\"MsoNormal\" style=\"border: medium none; padding: 0cm; background: #f3ffff none repeat scroll 0% 0%;\"><span style=\"font-size: 14pt; font-family: Verdana; color: navy;\"> <\/span><\/p>\n<p class=\"MsoNormal\" style=\"border: medium none; padding: 0cm; background: #f3ffff none repeat scroll 0% 0%;\"><span style=\"font-size: 14pt; font-family: Verdana; color: navy;\">Quem estuda a Verdade precisa partir da Verdade! Caso contr\u00e1rio, ficar\u00e1 lendo a vida toda que \u201cDEUS \u00c9 TUDO\u201d, enquanto continuar\u00e1 vendo a si mesmo como um Jo\u00e3o ou uma Maria, e saindo \u00e0s \u201cruas\u201d para ver os demais exatamente como a <em>ILUS\u00c3O <\/em>os mostra! Se a mente humana n\u00e3o for contrariada em suas informa\u00e7\u00f5es, porque o \u201cestudante da Verdade\u201d ainda se julga \u201cn\u00e3o-iluminado\u201d, a pessoa estar\u00e1 vivendo como se n\u00e3o tivesse recebido Verdade alguma! <\/span><\/p>\n<p class=\"MsoNormal\" style=\"border: medium none; padding: 0cm; background: #f3ffff none repeat scroll 0% 0%;\"><span style=\"font-size: 14pt; font-family: Verdana; color: navy;\"> <\/span><\/p>\n<p class=\"MsoNormal\" style=\"border: medium none; padding: 0cm; background: #f3ffff none repeat scroll 0% 0%;\"><em><span style=\"font-size: 14pt; font-family: Verdana; color: navy;\">DEUS \u00c9 TUDO, TUDO \u00c9 DEUS!<\/span><\/em><span style=\"font-size: 14pt; font-family: Verdana; color: navy;\"> Esta \u00e9 a Verdade! Acat\u00e1-la e continuar vivendo \u00e0 merc\u00ea da cega vis\u00e3o humana, que v\u00ea mat\u00e9ria e imperfei\u00e7\u00e3o por toda parte, \u00e9 viver a mentira e n\u00e3o a Verdade. <strong>O estudante da Verdade trabalha com princ\u00edpios espirituais e nunca com apar\u00eancias! <\/strong>Ele reconhece Deus <em>em si mesmo<\/em>, durante as contempla\u00e7\u00f5es da Verdade, v\u00ea o Universo <em>inteiro<\/em> como Onipresen\u00e7a divina em express\u00e3o, e, ao sair \u00e0s ruas, saber\u00e1 estar se movendo em Deus e <strong>sendo<\/strong> a Presen\u00e7a de Deus! Nesta aceita\u00e7\u00e3o iluminada, ver\u00e1 os demais como a \u201cLuz do mundo\u201d, pois estar\u00e1 assumindo ter a <em>\u201cmesma mente que estava em Cristo Jesus\u201d,<\/em> como diz a B\u00edblia. <\/span><\/p>\n<p class=\"MsoNormal\" style=\"border: medium none; padding: 0cm; background: #f3ffff none repeat scroll 0% 0%;\"><span style=\"font-size: 14pt; font-family: Verdana; color: navy;\"> <\/span><\/p>\n<p class=\"MsoNormal\" style=\"border: medium none; padding: 0cm; background: #f3ffff none repeat scroll 0% 0%;\"><span style=\"font-size: 14pt; font-family: Verdana; color: navy;\">Joel S. Goldsmith, em <em>\u201cO Caminho Infinito\u201d,<\/em> escreve o seguinte:<\/span><\/p>\n<p class=\"MsoNormal\" style=\"border: medium none; padding: 0cm; background: #f3ffff none repeat scroll 0% 0%;\"><span style=\"font-size: 13pt; font-family: Verdana; color: navy;\"> <\/span><\/p>\n<p class=\"MsoNormal\" style=\"border: medium none; padding: 0cm; background: #f3ffff none repeat scroll 0% 0%; text-align: center; text-indent: 0cm;\" align=\"center\"><em><span style=\"font-size: 13pt; font-family: Verdana; color: navy;\">O fracasso na cura resulta de grande falta de compreens\u00e3o da verdade sobre Deus, o homem, a ideia e o corpo, e estas no\u00e7\u00f5es erradas t\u00eam sua origem principalmente nas cren\u00e7as religiosas ortodoxas, ainda arraigadas em nosso pensamento. S\u00f3 poucos se apercebem de quanto foram cegos pela ortodoxia supersticiosa.<\/span><\/em><\/p>\n<p class=\"MsoNormal\" style=\"border: medium none; padding: 0cm; background: #f3ffff none repeat scroll 0% 0%; text-align: center;\" align=\"center\"><em><span style=\"font-size: 13pt; font-family: Verdana; color: navy;\">S\u00f3 h\u00e1 uma resposta \u00e0 pergunta crucial &#8220;Que \u00e9 Deus?&#8221;, e a resposta \u00e9: &#8220;EU SOU&#8221;. Deus \u00e9 a mente e a vida do indiv\u00edduo. Qualquer defesa mental ou reserva \u00edntima do indiv\u00edduo resultar\u00e1 certamente <\/span><\/em><em><span style=\"font-size: 13pt; font-family: Verdana; color: navy;\">em fracasso. Existe<\/span><\/em><em><span style=\"font-size: 13pt; font-family: Verdana; color: navy;\"> apenas um EU universal, quer seja dito por Jesus Cristo ou por um Jo\u00e3o qualquer.<\/span><\/em><\/p>\n<p class=\"MsoNormal\" style=\"border: medium none; padding: 0cm; background: #f3ffff none repeat scroll 0% 0%; text-align: center;\" align=\"center\"><em><span style=\"font-size: 14pt; font-family: Verdana; color: navy;\"> <\/span><\/em><\/p>\n<p class=\"MsoNormal\" style=\"border: medium none; padding: 0cm; background: #f3ffff none repeat scroll 0% 0%; text-align: center;\" align=\"center\"><span style=\"font-size: 14pt; font-family: Verdana; color: navy;\">Dedique-se \u00e0s contempla\u00e7\u00f5es da Verdade Absoluta, e, dedique-se, por alguns minutos, a se compenetrar de que sua \u201csa\u00edda\u201d, para o dia-a-dia, ser\u00e1 um <strong>passeio em Deus<\/strong>, vendo a SUA PR\u00d3PRIA PRESEN\u00c7A COMO DEUS, e mantendo a inten\u00e7\u00e3o de tamb\u00e9m ver Deus em <strong><em>todos<\/em> os demais!<\/strong><\/span><\/p>\n<\/div>\n<p class=\"MsoNormal\">\n","protected":false},"excerpt":{"rendered":"<p>SUA PRESEN\u00c7A COMO DEUS D\u00e1rcio Se Jo\u00e3o ou Maria sa\u00edrem \u00e0s ruas, ser\u00e3o vistos pelos demais como Jo\u00e3o e Maria; e os demais ser\u00e3o vistos por Jo\u00e3o e Maria como os demais! Isso tudo parece ser muito natural para ambas as partes, e, desse modo, o dia-a-dia da humanidade se desenrola dentro dessa naturalidade! Por &hellip; <\/p>\n<p class=\"link-more\"><a href=\"https:\/\/www.fachodeluz.blog.br\/wp\/2009\/03\/02\/sua-presenca-como-deus\/\" class=\"more-link\">Leia mais<span class=\"screen-reader-text\"> &#8220;SUA PRESEN\u00c7A COMO DEUS&#8221;<\/span><\/a><\/p>\n","protected":false},"author":2,"featured_media":0,"comment_status":"open","ping_status":"open","sticky":false,"template":"","format":"standard","meta":{"nf_dc_page":"","_crdt_document":"","footnotes":""},"categories":[10],"tags":[],"class_list":["post-1641","post","type-post","status-publish","format-standard","hentry","category-darcio-dezolt"],"featured_media_urls":[],"_links":{"self":[{"href":"https:\/\/www.fachodeluz.blog.br\/wp\/wp-json\/wp\/v2\/posts\/1641","targetHints":{"allow":["GET"]}}],"collection":[{"href":"https:\/\/www.fachodeluz.blog.br\/wp\/wp-json\/wp\/v2\/posts"}],"about":[{"href":"https:\/\/www.fachodeluz.blog.br\/wp\/wp-json\/wp\/v2\/types\/post"}],"author":[{"embeddable":true,"href":"https:\/\/www.fachodeluz.blog.br\/wp\/wp-json\/wp\/v2\/users\/2"}],"replies":[{"embeddable":true,"href":"https:\/\/www.fachodeluz.blog.br\/wp\/wp-json\/wp\/v2\/comments?post=1641"}],"version-history":[{"count":0,"href":"https:\/\/www.fachodeluz.blog.br\/wp\/wp-json\/wp\/v2\/posts\/1641\/revisions"}],"wp:attachment":[{"href":"https:\/\/www.fachodeluz.blog.br\/wp\/wp-json\/wp\/v2\/media?parent=1641"}],"wp:term":[{"taxonomy":"category","embeddable":true,"href":"https:\/\/www.fachodeluz.blog.br\/wp\/wp-json\/wp\/v2\/categories?post=1641"},{"taxonomy":"post_tag","embeddable":true,"href":"https:\/\/www.fachodeluz.blog.br\/wp\/wp-json\/wp\/v2\/tags?post=1641"}],"curies":[{"name":"wp","href":"https:\/\/api.w.org\/{rel}","templated":true}]}}