{"id":17043,"date":"2015-09-05T10:51:33","date_gmt":"2015-09-05T13:51:33","guid":{"rendered":"http:\/\/fachodeluz.blog.br\/wp\/?p=17043"},"modified":"2015-09-05T14:21:03","modified_gmt":"2015-09-05T17:21:03","slug":"veja-se-sendo-nada-como-carnal-e-sendo-tudo-como-cristo","status":"publish","type":"post","link":"https:\/\/www.fachodeluz.blog.br\/wp\/2015\/09\/05\/veja-se-sendo-nada-como-carnal-e-sendo-tudo-como-cristo\/","title":{"rendered":"Veja-se Sendo Nada, Como Carnal, E Sendo Tudo, Como Cristo!"},"content":{"rendered":"<p style=\"text-align: center;\"><a href=\"https:\/\/i0.wp.com\/fachodeluz.blog.br\/wp\/wp-content\/uploads\/2015\/09\/945.gif\"><img data-recalc-dims=\"1\" loading=\"lazy\" decoding=\"async\" loading=\"lazy\" class=\"aligncenter size-full wp-image-17044\" src=\"https:\/\/i0.wp.com\/fachodeluz.blog.br\/wp\/wp-content\/uploads\/2015\/09\/945.gif?resize=455%2C306\" alt=\"945\" width=\"455\" height=\"306\" \/><\/a><\/p>\n<h2 style=\"text-align: center;\"><span style=\"color: #591414;\">Caso algu\u00e9m pensasse que se as Escrituras fossem mais diretas, dizendo mais clara e abertamente que o ser humano \u00e9 <em>nada,<\/em> uma cria\u00e7\u00e3o fantasiosa da \u201cmente carnal\u201d, uma vez que DEUS \u00c9 TUDO, o que lhe faltaria seria encontrar a Verdade Absoluta que se acha embutida em suas revela\u00e7\u00f5es. Infelizmente as leituras s\u00e3o feitas s\u00f3 intelectualmente, e as frases que deveriam chamar a aten\u00e7\u00e3o, por serem absolutas, passam despercebidas.<\/span><\/h2>\n<h2 style=\"text-align: center;\"><span style=\"color: #591414;\">Quando os textos absolutos destacam estas frases, para que tenham seu sentido absoluto discernido espiritualmente, pois \u00e9 este o motivo de elas estarem presentes nas Escrituras, quando caem nas m\u00e3os de supostos \u201ccrist\u00e3os ortodoxos\u201d, invariavelmente eles, em vez de assimilarem o sentido espiritual, tornam-se bocas destas igrejas, de tanto nelas ouvirem que \u201cisto \u00e9 texto fora de contexto\u201d, que \u201co diabo tamb\u00e9m conhece as Escrituras\u201d, e que \u201caceitar estas frases \u00e9 heresia\u201d. Perdi a conta das vezes que escutei estas \u201ccoloca\u00e7\u00f5es decoradas\u201d, e com cada pessoa tentando se fazer passar por autora delas. A verdade, por\u00e9m, \u00e9 que a \u201cautora\u201d se chama \u201cmente carnal\u201d,<em> a ilus\u00e3o aparecendo como \u201cIgrejas de Cristo\u201d.<\/em><\/span><\/h2>\n<h2 style=\"text-align: center;\"><span style=\"color: #591414;\">N\u00e3o h\u00e1 \u201cIgrejas de Cristo\u201d em \u201cmundo do pai da mentira\u201d, como Jesus definiu este suposto mundo material. O Evangelho ensina que \u201csomos o Templo de Deus\u201d, e que \u201co Esp\u00edrito de Deus habita em n\u00f3s\u201d. Esta \u201cigreja\u201d \u00e9 ESPIRITUAL, como a viu Jesus em Pedro, vendo-o \u201cfalar como Deus\u201d e n\u00e3o como \u201chomem\u201d. Percebendo que Pedro o via como o Cristo, e n\u00e3o como \u201chumano\u201d,\u00a0 Jesus declarou ser ele a \u201cpedra\u201d que sustentaria sua igreja. Em outras palavras, Jesus revelava a <em><strong>natureza divina<\/strong><\/em> de cada um de n\u00f3s, que assim se revela pela <strong>percep\u00e7\u00e3o<\/strong> de que \u201co ser humano \u00e9 nada\u201d, e de que O CRISTO \u00c9 TUDO EM TODOS,<\/span><\/h2>\n<h2 style=\"text-align: center;\"><span style=\"color: #591414;\">Em G\u00e1latas, 6: 3 , assim diz Paulo:\u201d<em>Se algu\u00e9m cuida ser alguma coisa, <strong>n\u00e3o sendo nada,<\/strong> engana-se a si mesmo\u201d.<\/em> Explicava a nulidade do suposto \u201ceu humano\u201d, n\u00e3o para humilh\u00e1-lo ou torna-lo humilde, mas, para <em><strong>DESPERT\u00c1-LO \u00e0 pr\u00f3pria divindade!<\/strong><\/em><\/span><\/h2>\n<h2 style=\"text-align: center;\"><span style=\"color: #591414;\">A conhecida <strong><em>Ora\u00e7\u00e3o de S\u00e3o Francisco,<\/em><\/strong> que diz: <strong><em>\u201c morrendo \u00e9 que se vive para Vida eterna\u201d,<\/em> <\/strong>nada tem a ver com morte f\u00edsica! O sentido \u00e9 este DESPERTAR, esta IDENTIFICA\u00c7\u00c3O com o Cristo que somos, e n\u00e3o com uma \u201csombra humana\u201d, vazia, portanto, da Subst\u00e2ncia Vital Divina!<\/span><\/h2>\n<h2 style=\"text-align: center;\"><span style=\"color: #591414;\">Exatamente onde agora VOC\u00ca EST\u00c1, \u00e9 \u201csolo sagrado\u201d, e o seu Corpo est\u00e1 irradiando a Luz Infinita do <strong>Cristo Eterno<\/strong> que VOC\u00ca \u00c9! Abra-se a esta percep\u00e7\u00e3o, e sinta, em SI MESMO, este Fato eterno Se evidenciando! Para isso, veja-se sendo NADA, como \u201ccarnal\u201d! DEUS \u00c9 TUDO!<\/span><\/h2>\n<h2 style=\"text-align: center;\"><span style=\"color: #591414;\">*<\/span><\/h2>\n","protected":false},"excerpt":{"rendered":"<p>Caso algu\u00e9m pensasse que se as Escrituras fossem mais diretas, dizendo mais clara e abertamente que o ser humano \u00e9 nada, uma cria\u00e7\u00e3o fantasiosa da \u201cmente carnal\u201d, uma vez que DEUS \u00c9 TUDO, o que lhe faltaria seria encontrar a Verdade Absoluta que se acha embutida em suas revela\u00e7\u00f5es. Infelizmente as leituras s\u00e3o feitas s\u00f3 &hellip; <\/p>\n<p class=\"link-more\"><a href=\"https:\/\/www.fachodeluz.blog.br\/wp\/2015\/09\/05\/veja-se-sendo-nada-como-carnal-e-sendo-tudo-como-cristo\/\" class=\"more-link\">Leia mais<span class=\"screen-reader-text\"> &#8220;Veja-se Sendo Nada, Como Carnal, E Sendo Tudo, Como Cristo!&#8221;<\/span><\/a><\/p>\n","protected":false},"author":2,"featured_media":0,"comment_status":"open","ping_status":"closed","sticky":false,"template":"","format":"standard","meta":{"nf_dc_page":"","_crdt_document":"","footnotes":""},"categories":[10],"tags":[],"class_list":["post-17043","post","type-post","status-publish","format-standard","hentry","category-darcio-dezolt"],"featured_media_urls":[],"_links":{"self":[{"href":"https:\/\/www.fachodeluz.blog.br\/wp\/wp-json\/wp\/v2\/posts\/17043","targetHints":{"allow":["GET"]}}],"collection":[{"href":"https:\/\/www.fachodeluz.blog.br\/wp\/wp-json\/wp\/v2\/posts"}],"about":[{"href":"https:\/\/www.fachodeluz.blog.br\/wp\/wp-json\/wp\/v2\/types\/post"}],"author":[{"embeddable":true,"href":"https:\/\/www.fachodeluz.blog.br\/wp\/wp-json\/wp\/v2\/users\/2"}],"replies":[{"embeddable":true,"href":"https:\/\/www.fachodeluz.blog.br\/wp\/wp-json\/wp\/v2\/comments?post=17043"}],"version-history":[{"count":0,"href":"https:\/\/www.fachodeluz.blog.br\/wp\/wp-json\/wp\/v2\/posts\/17043\/revisions"}],"wp:attachment":[{"href":"https:\/\/www.fachodeluz.blog.br\/wp\/wp-json\/wp\/v2\/media?parent=17043"}],"wp:term":[{"taxonomy":"category","embeddable":true,"href":"https:\/\/www.fachodeluz.blog.br\/wp\/wp-json\/wp\/v2\/categories?post=17043"},{"taxonomy":"post_tag","embeddable":true,"href":"https:\/\/www.fachodeluz.blog.br\/wp\/wp-json\/wp\/v2\/tags?post=17043"}],"curies":[{"name":"wp","href":"https:\/\/api.w.org\/{rel}","templated":true}]}}