{"id":17156,"date":"2015-09-28T11:29:25","date_gmt":"2015-09-28T14:29:25","guid":{"rendered":"http:\/\/fachodeluz.blog.br\/wp\/?p=17156"},"modified":"2015-09-28T11:45:03","modified_gmt":"2015-09-28T14:45:03","slug":"reconheca-sua-heranca-divina-e-nunca-a-ilusao-de-crise","status":"publish","type":"post","link":"https:\/\/www.fachodeluz.blog.br\/wp\/2015\/09\/28\/reconheca-sua-heranca-divina-e-nunca-a-ilusao-de-crise\/","title":{"rendered":"Reconhe\u00e7a Sua Heran\u00e7a Divina, E Nunca A Ilus\u00e3o De Crise!"},"content":{"rendered":"<h2 style=\"text-align: center;\"><a href=\"https:\/\/i0.wp.com\/fachodeluz.blog.br\/wp\/wp-content\/uploads\/2015\/09\/1949.gif\"><img data-recalc-dims=\"1\" loading=\"lazy\" decoding=\"async\" loading=\"lazy\" class=\"aligncenter size-full wp-image-17157\" src=\"https:\/\/i0.wp.com\/fachodeluz.blog.br\/wp\/wp-content\/uploads\/2015\/09\/1949.gif?resize=455%2C342\" alt=\"1949\" width=\"455\" height=\"342\" \/><\/a><\/h2>\n<h2 style=\"text-align: center;\"><span style=\"color: #339966;\">O desconhecimento das <em>Leis Mentais<\/em> gera a ilus\u00f3ria situa\u00e7\u00e3o de crise, e a situa\u00e7\u00e3o de crise, por sua vez, gera o uso errado da mente. Quem estiver neste ciclo vicioso da ILUS\u00c3O ter\u00e1 de fazer um radical trabalho consigo mesmo, para deixar de \u201cmentalizar crise\u201d e <em>alinhar seus pensamentos<\/em> com o SUPRIMENTO INFINITO da realidade divina. A Lei Mental assim diz:<em> &#8220;O que for reconhecido, aparecer\u00e1!&#8221;<\/em><\/span><\/h2>\n<h2 style=\"text-align: center;\"><span style=\"color: #339966;\">O Universo REAL \u00e9 <em>AUTOSSUPRIDO!<\/em> \u00c9 o pr\u00f3prio Deus em Sua Onia\u00e7\u00e3o permanente. Assim, cada um tem duas op\u00e7\u00f5es: <\/span><\/h2>\n<h2 style=\"text-align: center;\"><span style=\"color: #339966;\"><strong><em>a) meditar e se perceber em UNIDADE com Deus e Seu Suprimento perfeito e constante,<\/em><\/strong> ou, <\/span><\/h2>\n<h2 style=\"text-align: center;\"><span style=\"color: #339966;\"><strong><em>b) alinhar-se com as CREN\u00c7AS COLETIVAS, engrossando a ILUS\u00c3O DE CRISE mostrada por elas.<\/em><\/strong><\/span><\/h2>\n<h2 style=\"text-align: center;\"><span style=\"color: #339966;\">N\u00e3o h\u00e1 verdade alguma em \u201cmundo de apar\u00eancias\u201d! Tire dele sua aten\u00e7\u00e3o e deixe de entulhar a mente com not\u00edcias que n\u00e3o condizem com a Verdade de que <strong><em>\u201cestamos no Reino da Abund\u00e2ncia infinita e eterna de Deus\u201d.<\/em><\/strong><\/span><\/h2>\n<h2 style=\"text-align: center;\"><span style=\"color: #339966;\">A mente humana n\u00e3o \u00e9 realidade; assim, por parecer existir, deve estar \u201cprogramada\u201d para reconhecer a VIDA COM ABUND\u00c2NCIA, que \u00e9 a Vida que a Verdade nos promete e cumpre! <\/span><\/h2>\n<h2 style=\"text-align: center;\"><span style=\"color: #339966;\">O passo fundamental \u00e9 <em><strong>RECONHECER QUE ESTAMOS NUM UNIVERSO PERFEITO, ESPIRITUAL E PRONTO!<\/strong><\/em> Isso exclui a CREN\u00c7A de que estamos em \u201cmundo mut\u00e1vel\u201d ou \u201cinconstante\u201d.<\/span><\/h2>\n<h2 style=\"text-align: center;\"><span style=\"color: #339966;\">O estudo absoluto da Verdade revela nossa posi\u00e7\u00e3o eterna em DEUS, em UNIDADE COM DEUS. E enquanto aparentemente estivermos lidando com o mundo,\u00a0 com a mente humana, o emprego da <em>Ci\u00eancia Mental<\/em> far\u00e1 com que a Verdade Absoluta seja endossada. Exemplificando, com a aten\u00e7\u00e3o voltada \u00e0 Realidade divina, afirmamos:<\/span><\/h2>\n<h2 style=\"text-align: center;\"><span style=\"color: #339966;\"><em> &#8220;N\u00c3O EXISTE CRISE! E N\u00c3O EXISTE MENTE QUE RECONHECE CRISE!\u201d SOMENTE EXISTE DEUS E A MENTE DE DEUS! VIVO IMERSO EM DEUS E COM A MENTE DE DEUS. A CADA AGORA AS B\u00caN\u00c7\u00c3OS DE DEUS FLUEM INFINITAMENTE A MIM! ESTA \u00c9 A VERDADE ETERNA EM EXPRESS\u00c3O!&#8221; <\/em><\/span><\/h2>\n<h2 style=\"text-align: center;\"><span style=\"color: #339966;\">A Verdade deve ser praticada com <em><strong>confian\u00e7a<\/strong><\/em> e <em><strong>intensa alegria!<\/strong><\/em> Contemplando o Universo REAL e, depois, afirmando mentalmente que NELE VIVEMOS, as \u201capar\u00eancias mentirosas\u201d que nos chegarem ser\u00e3o recebidas unicamente pelo que elas s\u00e3o, ou seja,\u00a0\u00a0 como <em>PURAS MIRAGENS!<\/em> <\/span><\/h2>\n<h2 style=\"text-align: center;\"><span style=\"color: #339966;\">\u00a0Fa\u00e7a, portanto,\u00a0 suas \u201ccontempla\u00e7\u00f5es\u201d <em><strong>se vendo num Universo de Plenitude\u201d,<\/strong><\/em> confirmando, mentalmente, esta VERDADE diante das <em>\u201cmentiras do mundo\u201d!<\/em> <\/span><\/h2>\n<h2 style=\"text-align: center;\"><span style=\"color: #339966;\">*<\/span><\/h2>\n","protected":false},"excerpt":{"rendered":"<p>O desconhecimento das Leis Mentais gera a ilus\u00f3ria situa\u00e7\u00e3o de crise, e a situa\u00e7\u00e3o de crise, por sua vez, gera o uso errado da mente. Quem estiver neste ciclo vicioso da ILUS\u00c3O ter\u00e1 de fazer um radical trabalho consigo mesmo, para deixar de \u201cmentalizar crise\u201d e alinhar seus pensamentos com o SUPRIMENTO INFINITO da realidade &hellip; <\/p>\n<p class=\"link-more\"><a href=\"https:\/\/www.fachodeluz.blog.br\/wp\/2015\/09\/28\/reconheca-sua-heranca-divina-e-nunca-a-ilusao-de-crise\/\" class=\"more-link\">Leia mais<span class=\"screen-reader-text\"> &#8220;Reconhe\u00e7a Sua Heran\u00e7a Divina, E Nunca A Ilus\u00e3o De Crise!&#8221;<\/span><\/a><\/p>\n","protected":false},"author":2,"featured_media":0,"comment_status":"open","ping_status":"closed","sticky":false,"template":"","format":"standard","meta":{"nf_dc_page":"","_crdt_document":"","footnotes":""},"categories":[10],"tags":[],"class_list":["post-17156","post","type-post","status-publish","format-standard","hentry","category-darcio-dezolt"],"featured_media_urls":[],"_links":{"self":[{"href":"https:\/\/www.fachodeluz.blog.br\/wp\/wp-json\/wp\/v2\/posts\/17156","targetHints":{"allow":["GET"]}}],"collection":[{"href":"https:\/\/www.fachodeluz.blog.br\/wp\/wp-json\/wp\/v2\/posts"}],"about":[{"href":"https:\/\/www.fachodeluz.blog.br\/wp\/wp-json\/wp\/v2\/types\/post"}],"author":[{"embeddable":true,"href":"https:\/\/www.fachodeluz.blog.br\/wp\/wp-json\/wp\/v2\/users\/2"}],"replies":[{"embeddable":true,"href":"https:\/\/www.fachodeluz.blog.br\/wp\/wp-json\/wp\/v2\/comments?post=17156"}],"version-history":[{"count":0,"href":"https:\/\/www.fachodeluz.blog.br\/wp\/wp-json\/wp\/v2\/posts\/17156\/revisions"}],"wp:attachment":[{"href":"https:\/\/www.fachodeluz.blog.br\/wp\/wp-json\/wp\/v2\/media?parent=17156"}],"wp:term":[{"taxonomy":"category","embeddable":true,"href":"https:\/\/www.fachodeluz.blog.br\/wp\/wp-json\/wp\/v2\/categories?post=17156"},{"taxonomy":"post_tag","embeddable":true,"href":"https:\/\/www.fachodeluz.blog.br\/wp\/wp-json\/wp\/v2\/tags?post=17156"}],"curies":[{"name":"wp","href":"https:\/\/api.w.org\/{rel}","templated":true}]}}