{"id":18377,"date":"2016-05-10T11:30:12","date_gmt":"2016-05-10T14:30:12","guid":{"rendered":"http:\/\/fachodeluz.blog.br\/wp\/?p=18377"},"modified":"2016-05-10T16:39:22","modified_gmt":"2016-05-10T19:39:22","slug":"passou-a-noite-orando-a-deus-1","status":"publish","type":"post","link":"https:\/\/www.fachodeluz.blog.br\/wp\/2016\/05\/10\/passou-a-noite-orando-a-deus-1\/","title":{"rendered":"&#8220;Passou A Noite Orando A Deus&#8221;-1"},"content":{"rendered":"<h2 style=\"text-align: center;\"><span style=\"color: #666699;\"><a style=\"color: #666699;\" href=\"https:\/\/i0.wp.com\/fachodeluz.blog.br\/wp\/wp-content\/uploads\/2016\/05\/jesus-prayer1.gif\"><img data-recalc-dims=\"1\" loading=\"lazy\" decoding=\"async\" loading=\"lazy\" class=\"aligncenter size-full wp-image-18378\" src=\"https:\/\/i0.wp.com\/fachodeluz.blog.br\/wp\/wp-content\/uploads\/2016\/05\/jesus-prayer1.gif?resize=455%2C337\" alt=\"jesus prayer1\" width=\"455\" height=\"337\" \/><\/a>1<\/span><\/h2>\n<h3 style=\"text-align: center;\"><span style=\"color: #666699;\"><em>\u201cNaqueles dias retirou-se para o monte a fim de orar, e passou a noite orando a Deus\u201d.<\/em><\/span><\/h3>\n<h3 style=\"text-align: center;\"><span style=\"color: #666699;\">Lucas 6:12<\/span><\/h3>\n<h2 style=\"text-align: center;\"><span style=\"color: #666699;\"><em>\u201cOra a Teu Pai\u201d,<\/em> disse Jesus, <em>\u201cque\u00a0 vendo secretamente, te recompensar\u00e1\u201d<\/em> (Mt. 6: 6). Um \u201chipnotismo de massa\u201d ilude a humanidade com <em>\u201cimagens irreais\u201d,<\/em> e Jesus sabia ser a ora\u00e7\u00e3o correta\u00a0 a nossa liberta\u00e7\u00e3o dessas <em>&#8220;miragens&#8221;.<\/em> <\/span><\/h2>\n<h2 style=\"text-align: center;\"><span style=\"color: #666699;\">A maioria sabe enaltecer Jesus, tendo em vista as suas obras, suas curas, seu perd\u00e3o, etc; por\u00e9m, em nenhuma parte de seu ensinamento\u00a0 consta alguma instru\u00e7\u00e3o no sentido de que deveria ser adorado. Por qu\u00ea? Por um \u00fanico motivo: <strong><em>sabia que somos FILHOS DE DEUS IGUAIS A ELE!<\/em><\/strong> <\/span><\/h2>\n<h2 style=\"text-align: center;\"><span style=\"color: #666699;\">Jesus veio, como declarou a Pilatos,\u00a0 para dar este \u201ctestemunho da Verdade\u201d sobre todos n\u00f3s! Revelar que &#8220;temos um s\u00f3 Pai&#8221;, que \u00e9 Deus! Assim disse ele: <em>&#8220;Os verdadeiros adoradores adoram o Pai, em esp\u00edrito e em verdade&#8221;,<\/em> e esta instru\u00e7\u00e3o \u00e9 a base do ensinamento absoluto.<\/span><\/h2>\n<h2 style=\"text-align: center;\"><span style=\"color: #666699;\"><em>\u201cPassou a noite orando a Deus\u201d,<\/em> diz a cita\u00e7\u00e3o de Lucas. Qual era o objetivo? O MESMO OBJETIVO NOSSO: RECONHECER QUEM SOMOS E ONDE ESTAMOS, DESPREZANDO A <em>ILUS\u00c3O,<\/em> O \u201cHIPNOTISMO DE MASSA\u201d!<\/span><\/h2>\n<h2 style=\"text-align: center;\"><span style=\"color: #666699;\">N\u00e3o \u00e9 a demora em ora\u00e7\u00e3o o fator\u00a0 determinante de sua efic\u00e1cia. O tempo maior ou menor depende do grau de suposto envolvimento com as \u201cimagens irreais\u201d que os sentidos mortais reconhecem. O tempo, portanto, deve ter a dura\u00e7\u00e3o necess\u00e1ria para que nos percebamos livres das \u201cinflu\u00eancias\u201d das CREN\u00c7AS COLETIVAS.<\/span><\/h2>\n<h2 style=\"text-align: center;\"><span style=\"color: #666699;\">Quanto menor o envolvimento com o \u201cmundo de apar\u00eancias\u201d, maior ser\u00e1 a facilidade com que a Verdade poder\u00e1 ser percebida ou reconhecida, em nossas \u201ccontempla\u00e7\u00f5es absolutas\u201d. Por isso, \u00e9 importante que fa\u00e7amos pausas, em nosso dia a dia, para afirmarmos a <em>Verdade<\/em> e negarmos a<em> ilus\u00e3o.<\/em><\/span><\/h2>\n<h2 style=\"text-align: center;\"><span style=\"color: #666699;\">Uma ora\u00e7\u00e3o, escrita por Joel S. Goldsmith, chamada <em>\u201cA Atmosfera do meu ser\u201d,<\/em> \u00e9 transcrita abaixo, por ser bastante \u00fatil e eficiente, quando lembrada e empregada para\u00a0 endossarmos a\u00a0 Verdade\u00a0 em nossa vida cotidiana:<\/span><\/h2>\n<h3 style=\"text-align: center;\"><span style=\"color: #666699;\"><em>A ATMOSFERA DO MEU SER<\/em><\/span><\/h3>\n<h3 style=\"text-align: center;\"><span style=\"color: #666699;\"><em>Carrego comigo a atmosfera de meu ser, e ela aben\u00e7oa, n\u00e3o somente a mim, mas a todos que estiverem em minha faixa de consci\u00eancia. Eles devem ser aben\u00e7oados at\u00e9 por tocarem minhas vestes, pois, caminho permeado da atmosfera de Deus.<\/em><\/span><\/h3>\n<h3 style=\"text-align: center;\"><span style=\"color: #666699;\"><em>Deus \u00e9 minha Mente, minha Alma e a Subst\u00e2ncia de meu corpo; \u00e9 a Lei de meu corpo. Nada h\u00e1, no que se refira a mim, que seja algo al\u00e9m de Deus; e, se por algu\u00e9m eu for visto como algo inferior, \u00e9 de meu conhecimento estar ele vendo um mero conceito, fruto de sua pr\u00f3pria vis\u00e3o.<\/em><\/span><\/h3>\n<h3 style=\"text-align: center;\"><span style=\"color: #666699;\"><em>Aqui onde eu estou, existe unicamente Deus; e, de minha parte, \u00e9 tudo quanto eu vejo em qualquer um.<\/em><\/span><\/h3>\n<h2 style=\"text-align: center;\"><\/h2>\n<h3 style=\"text-align: right;\"><span style=\"color: #666699;\"><em>Continua..&gt;<\/em><\/span><\/h3>\n","protected":false},"excerpt":{"rendered":"<p>1 \u201cNaqueles dias retirou-se para o monte a fim de orar, e passou a noite orando a Deus\u201d. Lucas 6:12 \u201cOra a Teu Pai\u201d, disse Jesus, \u201cque\u00a0 vendo secretamente, te recompensar\u00e1\u201d (Mt. 6: 6). Um \u201chipnotismo de massa\u201d ilude a humanidade com \u201cimagens irreais\u201d, e Jesus sabia ser a ora\u00e7\u00e3o correta\u00a0 a nossa liberta\u00e7\u00e3o dessas &hellip; <\/p>\n<p class=\"link-more\"><a href=\"https:\/\/www.fachodeluz.blog.br\/wp\/2016\/05\/10\/passou-a-noite-orando-a-deus-1\/\" class=\"more-link\">Leia mais<span class=\"screen-reader-text\"> &#8220;&#8220;Passou A Noite Orando A Deus&#8221;-1&#8243;<\/span><\/a><\/p>\n","protected":false},"author":2,"featured_media":0,"comment_status":"open","ping_status":"closed","sticky":false,"template":"","format":"standard","meta":{"nf_dc_page":"","_crdt_document":"","footnotes":""},"categories":[10],"tags":[],"class_list":["post-18377","post","type-post","status-publish","format-standard","hentry","category-darcio-dezolt"],"featured_media_urls":[],"_links":{"self":[{"href":"https:\/\/www.fachodeluz.blog.br\/wp\/wp-json\/wp\/v2\/posts\/18377","targetHints":{"allow":["GET"]}}],"collection":[{"href":"https:\/\/www.fachodeluz.blog.br\/wp\/wp-json\/wp\/v2\/posts"}],"about":[{"href":"https:\/\/www.fachodeluz.blog.br\/wp\/wp-json\/wp\/v2\/types\/post"}],"author":[{"embeddable":true,"href":"https:\/\/www.fachodeluz.blog.br\/wp\/wp-json\/wp\/v2\/users\/2"}],"replies":[{"embeddable":true,"href":"https:\/\/www.fachodeluz.blog.br\/wp\/wp-json\/wp\/v2\/comments?post=18377"}],"version-history":[{"count":0,"href":"https:\/\/www.fachodeluz.blog.br\/wp\/wp-json\/wp\/v2\/posts\/18377\/revisions"}],"wp:attachment":[{"href":"https:\/\/www.fachodeluz.blog.br\/wp\/wp-json\/wp\/v2\/media?parent=18377"}],"wp:term":[{"taxonomy":"category","embeddable":true,"href":"https:\/\/www.fachodeluz.blog.br\/wp\/wp-json\/wp\/v2\/categories?post=18377"},{"taxonomy":"post_tag","embeddable":true,"href":"https:\/\/www.fachodeluz.blog.br\/wp\/wp-json\/wp\/v2\/tags?post=18377"}],"curies":[{"name":"wp","href":"https:\/\/api.w.org\/{rel}","templated":true}]}}