{"id":18442,"date":"2016-05-22T12:08:20","date_gmt":"2016-05-22T15:08:20","guid":{"rendered":"http:\/\/fachodeluz.blog.br\/wp\/?p=18442"},"modified":"2016-05-22T12:09:40","modified_gmt":"2016-05-22T15:09:40","slug":"a-verdade-pura-que-deus-e-evidenciado-como-voce","status":"publish","type":"post","link":"https:\/\/www.fachodeluz.blog.br\/wp\/2016\/05\/22\/a-verdade-pura-que-deus-e-evidenciado-como-voce\/","title":{"rendered":"A Verdade Pura Que Deus \u00c9, Evidenciada Como Voc\u00ea!"},"content":{"rendered":"<h2 style=\"text-align: center;\"><span style=\"color: #7d347d;\"><a style=\"color: #7d347d;\" href=\"https:\/\/i0.wp.com\/fachodeluz.blog.br\/wp\/wp-content\/uploads\/2016\/05\/MERCY.gif\"><img data-recalc-dims=\"1\" loading=\"lazy\" decoding=\"async\" loading=\"lazy\" class=\"aligncenter size-full wp-image-18443\" src=\"https:\/\/i0.wp.com\/fachodeluz.blog.br\/wp\/wp-content\/uploads\/2016\/05\/MERCY.gif?resize=455%2C638\" alt=\"MERCY\" width=\"455\" height=\"638\" \/><\/a><\/span><\/h2>\n<h2 style=\"text-align: center;\"><span style=\"color: #7d347d;\">A Verdade \u00e9 Deus! A Verdade \u00c9! A Verdade \u00e9 o que somos! Como dizem as Escrituras, &#8220;somos deuses&#8221;!Quando falamos \u201cEu Sou\u201d, falamos a Verdade pura! Quando falamos \u201cEu Sou\u201d, n\u00e3o endossamos ilus\u00e3o de &#8220;eu nascido&#8221;. Quando falamos \u201cEu Sou\u201d, n\u00e3o nos colocamos separados da Verdade. Quando falamos \u201cEu Sou\u201d, falamos: \u201cEu Sou a Verdade\u201d.<\/span><\/h2>\n<h2 style=\"text-align: center;\"><span style=\"color: #7d347d;\">Nada h\u00e1 al\u00e9m de Deus, nem antes, nem hoje, nem depois! Nada h\u00e1 que divida espa\u00e7o com Deus! Nada h\u00e1 que dispute presen\u00e7a com Deus! Nada h\u00e1 que represente a ilus\u00e3o! A Verdade \u00e9 a real <em>Presen\u00e7a<\/em> onde a chamada ilus\u00e3o \u00e9 a real <em>aus\u00eancia.<\/em><\/span><\/h2>\n<h2 style=\"text-align: center;\"><span style=\"color: #7d347d;\">\u201cSem o Verbo \u2013 DEUS \u2013 nada do que foi feito se fez (Jo\u00e3o 1: 3). Tudo que est\u00e1 \u201cfeito\u201d \u00e9 tudo que \u201cjamais foi feito\u201d, por ser O QUE SEMPRE\u00a0 \u00c9! VOC\u00ca SEMPRE \u00c9! AQUI E AGORA!<\/span><\/h2>\n<h2 style=\"text-align: center;\"><span style=\"color: #7d347d;\">Deus \u00e9 a totalidade DAQUILO QUE \u00c9! Deus \u00e9 a totalidade DAQUILO QUE VOC\u00ca\u00a0 \u00c9! Somente existe Deus para ser VOC\u00ca! Somente existe o Reino de Deus para estar VOC\u00ca! Jamais voc\u00ea ficou \u201cfora do Reino\u201d; jamais voc\u00ea &#8220;voltar\u00e1 ao Reino\u201d! Se isto fosse poss\u00edvel a voc\u00ea, ou a algu\u00e9m, a Unidade Perfeita, que Deus \u00c9, poderia deixar de ser una!<\/span><\/h2>\n<h2 style=\"text-align: center;\"><span style=\"color: #7d347d;\">A VERDADE PURA \u00c9 O ABSOLUTO QUE VOC\u00ca \u00c9! A VERDADE PURA \u00c9 O ABSOLUTO EVIDENCIADO COMO A UNIDADE QUE ABRANGE VOC\u00ca! A VERDADE PURA \u00a0\u00c9\u00a0 REALIDADE PERMANENTE!<\/span><\/h2>\n<h2 style=\"text-align: center;\"><span style=\"color: #7d347d;\">Em VOC\u00ca jamais ocorre mudan\u00e7a! Em VOC\u00ca jamais a Verdade deixa de ser Verdade! A Unidade Perfeita jamais se torna imperfeita! O QUE VOC\u00ca AGORA \u00c9, \u00c9 O QUE ETERNAMENTE VOC\u00ca \u00c9!<\/span><\/h2>\n<h2 style=\"text-align: center;\"><span style=\"color: #7d347d;\">Quando VOC\u00ca honra a SUA PRESEN\u00c7A como honra a ONIPRESEN\u00c7A, A SUA PRESEN\u00c7A, COMO VERDADE PURA, \u00c9 HONRADA COMO O \u201cCRISTO UNO COM O PAI\u201d QUE VOC\u00ca \u00c9! Quando VOC\u00ca diz: \u201cO REINO DE DEUS PERTENCE A MIM\u201d, EST\u00c1 DECLARANDO A VERDADE <strong><em>\u201cEU SOU O DEUS QUE \u00c9 TUDO\u201d!<\/em> <\/strong>EST\u00c1 ENDOSSANDO A REVELA\u00c7\u00c3O DE QUE <em><strong>\u201cAO LADO DE MIM, N\u00c3O H\u00c1 DEUS\u201d.<\/strong><\/em> <\/span><\/h2>\n<h2 style=\"text-align: center;\"><span style=\"color: #7d347d;\">N\u00c3O H\u00c1 DIVISIBILIDADE NA REALIDADE! \u201cTUDO EST\u00c1 EM MIM\u201d E ESTE \u201cMIM\u201d \u00c9 A VERDADE PURA QUE <em><strong>\u201cEU SOU\u201d!<\/strong><\/em><\/span><\/h2>\n<h2 style=\"text-align: center;\"><span style=\"color: #7d347d;\"><em><strong>SOMENTE EXISTE DEUS!<\/strong><\/em><\/span><\/h2>\n<h2 style=\"text-align: center;\"><span style=\"color: #7d347d;\">*<\/span><\/h2>\n<p>&nbsp;<\/p>\n","protected":false},"excerpt":{"rendered":"<p>A Verdade \u00e9 Deus! A Verdade \u00c9! A Verdade \u00e9 o que somos! Como dizem as Escrituras, &#8220;somos deuses&#8221;!Quando falamos \u201cEu Sou\u201d, falamos a Verdade pura! Quando falamos \u201cEu Sou\u201d, n\u00e3o endossamos ilus\u00e3o de &#8220;eu nascido&#8221;. Quando falamos \u201cEu Sou\u201d, n\u00e3o nos colocamos separados da Verdade. Quando falamos \u201cEu Sou\u201d, falamos: \u201cEu Sou a Verdade\u201d. &hellip; <\/p>\n<p class=\"link-more\"><a href=\"https:\/\/www.fachodeluz.blog.br\/wp\/2016\/05\/22\/a-verdade-pura-que-deus-e-evidenciado-como-voce\/\" class=\"more-link\">Leia mais<span class=\"screen-reader-text\"> &#8220;A Verdade Pura Que Deus \u00c9, Evidenciada Como Voc\u00ea!&#8221;<\/span><\/a><\/p>\n","protected":false},"author":2,"featured_media":0,"comment_status":"open","ping_status":"closed","sticky":false,"template":"","format":"standard","meta":{"nf_dc_page":"","_crdt_document":"","footnotes":""},"categories":[10],"tags":[],"class_list":["post-18442","post","type-post","status-publish","format-standard","hentry","category-darcio-dezolt"],"featured_media_urls":[],"_links":{"self":[{"href":"https:\/\/www.fachodeluz.blog.br\/wp\/wp-json\/wp\/v2\/posts\/18442","targetHints":{"allow":["GET"]}}],"collection":[{"href":"https:\/\/www.fachodeluz.blog.br\/wp\/wp-json\/wp\/v2\/posts"}],"about":[{"href":"https:\/\/www.fachodeluz.blog.br\/wp\/wp-json\/wp\/v2\/types\/post"}],"author":[{"embeddable":true,"href":"https:\/\/www.fachodeluz.blog.br\/wp\/wp-json\/wp\/v2\/users\/2"}],"replies":[{"embeddable":true,"href":"https:\/\/www.fachodeluz.blog.br\/wp\/wp-json\/wp\/v2\/comments?post=18442"}],"version-history":[{"count":0,"href":"https:\/\/www.fachodeluz.blog.br\/wp\/wp-json\/wp\/v2\/posts\/18442\/revisions"}],"wp:attachment":[{"href":"https:\/\/www.fachodeluz.blog.br\/wp\/wp-json\/wp\/v2\/media?parent=18442"}],"wp:term":[{"taxonomy":"category","embeddable":true,"href":"https:\/\/www.fachodeluz.blog.br\/wp\/wp-json\/wp\/v2\/categories?post=18442"},{"taxonomy":"post_tag","embeddable":true,"href":"https:\/\/www.fachodeluz.blog.br\/wp\/wp-json\/wp\/v2\/tags?post=18442"}],"curies":[{"name":"wp","href":"https:\/\/api.w.org\/{rel}","templated":true}]}}