{"id":18478,"date":"2016-05-30T11:10:15","date_gmt":"2016-05-30T14:10:15","guid":{"rendered":"http:\/\/fachodeluz.blog.br\/wp\/?p=18478"},"modified":"2016-05-30T12:18:24","modified_gmt":"2016-05-30T15:18:24","slug":"o-filho-de-deus-que-voce-etodos-sao-1","status":"publish","type":"post","link":"https:\/\/www.fachodeluz.blog.br\/wp\/2016\/05\/30\/o-filho-de-deus-que-voce-etodos-sao-1\/","title":{"rendered":"O Filho De Deus Que Voc\u00ea \u00c9,Todos S\u00e3o!-1"},"content":{"rendered":"<h2 style=\"text-align: center;\"><span style=\"color: #8a4242;\"><a style=\"color: #8a4242;\" href=\"https:\/\/i0.wp.com\/fachodeluz.blog.br\/wp\/wp-content\/uploads\/2016\/05\/pregador.gif\"><img data-recalc-dims=\"1\" loading=\"lazy\" decoding=\"async\" loading=\"lazy\" class=\"aligncenter size-full wp-image-18479\" src=\"https:\/\/i0.wp.com\/fachodeluz.blog.br\/wp\/wp-content\/uploads\/2016\/05\/pregador.gif?resize=455%2C285\" alt=\"pregador\" width=\"455\" height=\"285\" \/><\/a><\/span><span style=\"color: #8a4242;\">1<\/span><\/h2>\n<h2 style=\"text-align: center;\"><span style=\"color: #8a4242;\">O principal da revela\u00e7\u00e3o de que <em>DEUS \u00c9 TUDO,<\/em> E N\u00c3O\u00a0 <em>\u201cQUASE TUDO\u201d,<\/em> no que diretamente lhe diz respeito, \u00e9 a Verdade de que <strong><em>DEUS \u00c9 TUDO COMO VOC\u00ca!<\/em><\/strong> Ser FILHO DE DEUS quer dizer SER INDIVIDUALMENTE <strong><em>TUDO E SOMENTE O QUE DEUS \u00c9!<\/em><\/strong><\/span><\/h2>\n<h2 style=\"text-align: center;\"><span style=\"color: #8a4242;\">Toda a natureza do Pai INFINITO est\u00e1 presente no Filho INFINITO; caso contr\u00e1rio, n\u00e3o poderia ser verdadeira a afirma\u00e7\u00e3o <em>\u201cEu e o Pai somos um\u201d.<\/em> VOC\u00ca, como FILHO , necess\u00e1ria e obrigatoriamente, <strong><em>\u00c9 TUDO E SOMENTE O QUE DEUS \u00c9!<\/em><\/strong> Em outras palavras, D<strong><em>EUS \u00c9 DEUS COMO VOC\u00ca, EVIDENCIANDO-SE COMO A LUZ CR\u00cdSTICA QUE VOC\u00ca \u00c9, E QUE TODOS S\u00c3O!<\/em><\/strong><\/span><\/h2>\n<h2 style=\"text-align: center;\"><span style=\"color: #8a4242;\">Esta Verdade n\u00e3o lhe \u00e9 revelada para que VOC\u00ca dela fa\u00e7a \u201csegredo\u201d! H\u00e1 autores e ensinamentos que pregam inverdades em nome da Verdade, dizendo que \u201cn\u00e3o devemos pregar a Verdade abertamente&#8221;,\u00a0 para \u201cqualquer pessoa\u201d, ou em &#8220;qualquer situa\u00e7\u00e3o&#8221;, pois correr\u00edamos o risco de sermos alvo de zombarias, de acharmos pessoas somente \u201catr\u00e1s de p\u00e3es e peixes\u201d, ou pior, que poder\u00edamos \u201cperder a Verdade\u201d a n\u00f3s revelada! N\u00e3o poderia haver absurdo maior. <em>Primeiro, porque a Verdade que conhecemos n\u00e3o est\u00e1 na suposta \u201cmente humana&#8221;, mas na Consci\u00eancia iluminada que somos! Segundo, porque quanto mais a revelarmos, mais a expressaremos!<\/em> Por isso, Jesus assim disse: <em>&#8220;COLOCAI A VOSSA LUZ NO ALTO&#8221;!<\/em><\/span><\/h2>\n<h2 style=\"text-align: center;\"><span style=\"color: #8a4242;\">A Verdade que conhecemos \u00e9 a Verdade que SOMOS, e jamais o que a suposta \u201cmente carnal\u201d acredita \u201cter aprendido\u201d. E \u00e9 a Verdade que TODOS\u00a0 j\u00e1 s\u00e3o, raz\u00e3o pela qual, ao fazermos a sua propaga\u00e7\u00e3o, n\u00e3o iremos \u201cmedir cristicidade\u201d ou \u201cinteresse\u201d de \u201csombras mortas\u201d do irreal \u201cmundo fenom\u00eanico&#8221;! Ficarmos calados seria acreditar na <em>ILUS\u00c3O,<\/em> em \u201cpoder humano\u201d! <\/span><\/h2>\n<h2 style=\"text-align: center;\"><span style=\"color: #8a4242;\">DEUS \u00c9 TUDO, E <strong><em>SOMOS A ONIPOT\u00caNCIA ATIVA,<\/em><\/strong> A UNIDADE PERFEITA, MESMO QUE \u201cA APAR\u00caNCIA FRAUDULENTA\u201d SE MOSTRE COMO \u201cELEVADO RELIGIOSO\u201d OU COMO \u201cTRAFICANTE DE DROGAS\u201d. N\u00c3O NOS CALAREMOS DIANTE DE UM M\u00cdSERO OU ILUS\u00d3RIO \u201cMUNDO DO PAI DA MENTIRA\u201d!<\/span><\/h2>\n<h2 style=\"text-align: center;\"><span style=\"color: #8a4242;\"><em>\u201cAo que TEM, muito lhe ser\u00e1 dado\u201d,<\/em> disse Jesus. Esta \u00e9 a Lei c\u00f3smica! Aquele que TEM A VERDADE CONHECIDA deve anunci\u00e1-la a todos com quem venha a ter contato, sem \u201cju\u00edzo pela carne\u201d, mas na\u00a0 n\u00edtida percep\u00e7\u00e3o de que SOMENTE EXISTE DEUS! Portanto, n\u00e3o deve jamais\u00a0 assumir a atitude covarde de omiti-la, temendo \u201crea\u00e7\u00f5es&#8221; ou &#8220;pedradas do mundo\u201d! <strong><em>S\u00c3O ILUS\u00d3RIAS!<\/em><\/strong> S\u00e3o meramente a <em>cren\u00e7a hipn\u00f3tica<\/em> querendo ter voz! <\/span><\/h2>\n<h2 style=\"text-align: center;\"><span style=\"color: #8a4242;\">Jesus n\u00e3o fazia segredo da Verdade,\u00a0 nem quando recebia pedradas dos judeus! Que eram os judeus? ERAM \u201cDEUSES\u201d, para Jesus! E foi o que ele disse a eles!<\/span><\/h2>\n<h2 style=\"text-align: center;\"><span style=\"color: #8a4242;\">Quanto mais alheio \u00e0 Verdade e quanto mais algu\u00e9m se mostre \u201cdesinteressado por ela\u201d, MAIS \u00c9 NOSSA OBRIGA\u00c7\u00c3O DE TRANSCENDER ESTA IMAGEM FALSA PELA ADMISS\u00c3O DA VERDADEIRA! <\/span><\/h2>\n<h2 style=\"text-align: center;\"><span style=\"color: #8a4242;\">O Cristo \u00e9 &#8220;tudo em todos&#8221;, e n\u00e3o somente em n\u00f3s! Um famoso arrombador de cofres, preso nos Estados Unidos, <em>Starr Daily,<\/em> era judiado e castigado pelo carcereiro de seu setor; assim, vivia sendo maltratado e vivia odiando aquele carcereiro. Um dia, por\u00e9m, viu a presen\u00e7a de Jesus em sua cela, sentiu o profundo Amor divino, e todo o seu \u00f3dio teve fim! Passou a ler as Escrituras e transmitir a Verdade aos demais presos. Posteriormente escreveu um livro, intitulado <em>&#8220;O Amor \u00e9 mais forte do que o castigo&#8221;!<\/em><\/span><\/h2>\n<h2 style=\"text-align: center;\"><span style=\"color: #8a4242;\">Numa das firmas de engenharia em que fui trabalhar, quando nela entrei, ao ver discuss\u00f5es, algu\u00e9m reclamando de problemas de sa\u00fade, ou de outra natureza, eu me dirigia \u00e0 pessoa e lhe passava os ensinamentos. De in\u00edcio, ningu\u00e9m se mostrava interessado nem dava cr\u00e9dito, e muitos at\u00e9 brincavam comigo, chamando-me de \u201cpastor\u201d. Eu sempre explicava: o que eu falo \u00e9 <em>Ci\u00eancia espiritual<\/em> e n\u00e3o religi\u00e3o! Com o passar dos meses, observaram que sempre aparecia algu\u00e9m com problemas de sa\u00fade e de todo tipo, menos eu, e come\u00e7aram a desconfiar que havia mesmo alguma Verdade no que lhes dizia! A partir de ent\u00e3o, sempre eu estava visitando um deles, pois me convidavam para almo\u00e7ar ou jantar na casa deles,<em><strong> PARA LHES EXPLICAR MELHOR O ENSINAMENTO!\u00a0<\/strong><\/em><\/span><\/h2>\n<h2 style=\"text-align: center;\"><span style=\"color: #8a4242;\">Seja uma \u201capar\u00eancia\u201d mostrando-nos algu\u00e9m muito interessado, ou pouco interessado na Verdade, a <strong>\u201capar\u00eancia \u00e9 ilus\u00f3ria\u201d:<\/strong> DEUS \u00c9 TUDO! De nossa parte, deve sempre ser feito o \u201cju\u00edzo justo\u201d, ou seja, <em>\u201chonrarmos cada Filho como honramos o Pai\u201d.<\/em> TODOS S\u00c3O O FILHO! NENHUM \u00c9 \u201cAPAR\u00caNCIA ILUS\u00d3RIA\u201d!<\/span><\/h2>\n<h3 style=\"text-align: right;\"><span style=\"color: #8a4242;\"><em>Continua..&gt;<\/em><\/span><\/h3>\n","protected":false},"excerpt":{"rendered":"<p>1 O principal da revela\u00e7\u00e3o de que DEUS \u00c9 TUDO, E N\u00c3O\u00a0 \u201cQUASE TUDO\u201d, no que diretamente lhe diz respeito, \u00e9 a Verdade de que DEUS \u00c9 TUDO COMO VOC\u00ca! Ser FILHO DE DEUS quer dizer SER INDIVIDUALMENTE TUDO E SOMENTE O QUE DEUS \u00c9! Toda a natureza do Pai INFINITO est\u00e1 presente no Filho &hellip; <\/p>\n<p class=\"link-more\"><a href=\"https:\/\/www.fachodeluz.blog.br\/wp\/2016\/05\/30\/o-filho-de-deus-que-voce-etodos-sao-1\/\" class=\"more-link\">Leia mais<span class=\"screen-reader-text\"> &#8220;O Filho De Deus Que Voc\u00ea \u00c9,Todos S\u00e3o!-1&#8221;<\/span><\/a><\/p>\n","protected":false},"author":2,"featured_media":0,"comment_status":"open","ping_status":"closed","sticky":false,"template":"","format":"standard","meta":{"nf_dc_page":"","_crdt_document":"","footnotes":""},"categories":[10],"tags":[],"class_list":["post-18478","post","type-post","status-publish","format-standard","hentry","category-darcio-dezolt"],"featured_media_urls":[],"_links":{"self":[{"href":"https:\/\/www.fachodeluz.blog.br\/wp\/wp-json\/wp\/v2\/posts\/18478","targetHints":{"allow":["GET"]}}],"collection":[{"href":"https:\/\/www.fachodeluz.blog.br\/wp\/wp-json\/wp\/v2\/posts"}],"about":[{"href":"https:\/\/www.fachodeluz.blog.br\/wp\/wp-json\/wp\/v2\/types\/post"}],"author":[{"embeddable":true,"href":"https:\/\/www.fachodeluz.blog.br\/wp\/wp-json\/wp\/v2\/users\/2"}],"replies":[{"embeddable":true,"href":"https:\/\/www.fachodeluz.blog.br\/wp\/wp-json\/wp\/v2\/comments?post=18478"}],"version-history":[{"count":0,"href":"https:\/\/www.fachodeluz.blog.br\/wp\/wp-json\/wp\/v2\/posts\/18478\/revisions"}],"wp:attachment":[{"href":"https:\/\/www.fachodeluz.blog.br\/wp\/wp-json\/wp\/v2\/media?parent=18478"}],"wp:term":[{"taxonomy":"category","embeddable":true,"href":"https:\/\/www.fachodeluz.blog.br\/wp\/wp-json\/wp\/v2\/categories?post=18478"},{"taxonomy":"post_tag","embeddable":true,"href":"https:\/\/www.fachodeluz.blog.br\/wp\/wp-json\/wp\/v2\/tags?post=18478"}],"curies":[{"name":"wp","href":"https:\/\/api.w.org\/{rel}","templated":true}]}}