{"id":18509,"date":"2016-06-04T10:56:37","date_gmt":"2016-06-04T13:56:37","guid":{"rendered":"http:\/\/fachodeluz.blog.br\/wp\/?p=18509"},"modified":"2016-06-04T11:38:20","modified_gmt":"2016-06-04T14:38:20","slug":"va-direto-a-gloria-de-deus-manifestada-como-voce","status":"publish","type":"post","link":"https:\/\/www.fachodeluz.blog.br\/wp\/2016\/06\/04\/va-direto-a-gloria-de-deus-manifestada-como-voce\/","title":{"rendered":"V\u00e1 Direto \u00c0 Gl\u00f3ria De Deus Manifestada Como Voc\u00ea!"},"content":{"rendered":"<p><span style=\"color: #7a467a;\"><a style=\"color: #7a467a;\" href=\"https:\/\/i0.wp.com\/fachodeluz.blog.br\/wp\/wp-content\/uploads\/2016\/06\/vadireto1.gif\"><img data-recalc-dims=\"1\" loading=\"lazy\" decoding=\"async\" loading=\"lazy\" class=\"aligncenter size-full wp-image-18510\" src=\"https:\/\/i0.wp.com\/fachodeluz.blog.br\/wp\/wp-content\/uploads\/2016\/06\/vadireto1.gif?resize=455%2C346\" alt=\"vadireto1\" width=\"455\" height=\"346\" \/><\/a><\/span><\/p>\n<h2 style=\"text-align: center;\"><span style=\"color: #7a467a;\">\u00c9\u00a0 bem conhecida a maneira com que a suposta &#8220;mente humana&#8221; recebe tremendas revela\u00e7\u00f5es da Verdade, que \u00e9 com a maior superficialidade poss\u00edvel de se constatar. Isto se explica pelo fato de ela n\u00e3o dispor de meios para perceber tais revela\u00e7\u00f5es! Seria compar\u00e1vel a um cego de nascen\u00e7a, recebendo a informa\u00e7\u00e3o de que \u201ch\u00e1 um enorme arco-\u00edris\u201d no c\u00e9u; teria sido informado, por\u00e9m, n\u00e3o\u00a0 poderia vivenciar o fato ali presente!<\/span><\/h2>\n<h2 style=\"text-align: center;\"><span style=\"color: #7a467a;\">A Verdade contida em todas as Escrituras repete a revela\u00e7\u00e3o de Jesus, que explica a necessidade de renunciarmos \u00e0 \u201cmente cega\u201d, para experienciarmos o que DEUS V\u00ca. Quando e de que modo isto se torna poss\u00edvel? Quando algu\u00e9m n\u00e3o aborda o assunto como \u201cpossibilidade\u201d, mas sim como FATO EVIDENCIADO, COM A IDENTIFICA\u00c7\u00c3O COM A MENTE QUE O EST\u00c1 PERCEBENDO: A <strong><em>&#8220;MENTE DE CRISTO&#8221;!<\/em><\/strong><\/span><\/h2>\n<h2 style=\"text-align: center;\"><span style=\"color: #7a467a;\">Um suposto \u201ccego de nascen\u00e7a\u201d n\u00e3o poderia ver o arco-\u00edris visto pelos supostos humanos n\u00e3o cegos. Por qu\u00ea? Pelo seguinte motivo: o cen\u00e1rio \u00e9 inteiro uma ilus\u00e3o! Tanto o que \u00e9 visto por supostos seres humanos normais, como o que n\u00e3o pode ser visto pelos seres humanos cegos, \u00e9 um SONHO COLETIVO! Que \u00e9 a Verdade? \u00c9\u00a0 O FATO PERMANENTE, SEMPRE REVELADO PELO ENSINAMENTO ABSOLUTO: <strong><em>DEUS \u00c9 TUDO COMO TUDO!<\/em><\/strong> &#8220;VER&#8221; SIGNIFICA ESTAR <em>&#8220;VENDO O QUE DEUS V\u00ca&#8221;!<\/em><br \/>\n<\/span><\/h2>\n<h2 style=\"text-align: center;\"><em><span style=\"color: #7a467a;\">\u201cCurar cego\u201d \u00e9 faz\u00ea-lo admitir, reconhecer e contemplar o FATO PERMANENTE de estar \u201cSENDO DEUS\u201d! \u00a0Significa acatar a revela\u00e7\u00e3o de que DEUS \u00c9 TUDO como\u00a0 v\u00e1lida, aqui e agora, para SI PR\u00d3PRIO!<\/span><\/em><\/h2>\n<h2 style=\"text-align: center;\"><span style=\"color: #7a467a;\">Quando perguntaram a Jesus se o suposto \u201ccego\u201d a ele trazido era cego devido aos seus pecados ou aos pecados de seus pais, a resposta de Jesus foi: <em>\u201cNem ele nem seus pais pecaram, mas nasceu cego para manifestar a gl\u00f3ria de Deus!\u201d.<\/em> <\/span><\/h2>\n<h2 style=\"text-align: center;\"><span style=\"color: #7a467a;\">Que fez Jesus ao homem desejoso de se ver curado? VIU-O COMO VIA A SI MESMO: COMO A <strong><em>PRESEN\u00c7A<\/em><\/strong> DE DEUS! Jesus n\u00e3o pensou em fazer com que o suposto \u201ccego\u201d pudesse \u201cse curar\u201d, ou que \u201cpudesse enxergar\u201d como aqueles \u00e0 volta dele \u201cenxergavam\u201d! <strong><em>VIU O CRISTO MANIFESTO COMO AQUELE SER! E ESTA CONTEMPLA\u00c7\u00c3O DA VERDADE DISSIPOU A ILUS\u00c3O DE \u201cVIS\u00c3O TEMPORAL E MUT\u00c1VEL\u201d QUE, RENDIDA, FEZ A GL\u00d3RIA DE DEUS \u201cVIR \u00c0 LUZ\u201d!<\/em><\/strong><\/span><\/h2>\n<h2 style=\"text-align: center;\"><span style=\"color: #7a467a;\">\u00c9 comum algu\u00e9m estudar a Verdade e se dedicar a enfrentar e vencer os aparentes \u201cproblemas da vida\u201d, tais como eles se apresentam atrav\u00e9s da mente humana. V\u00c1 MAIS A FUNDO! V\u00c1 \u00c0 MANIFESTA\u00c7\u00c3O DA GL\u00d3RIA DE DEUS \u00a0<em>EM<\/em> E <em>COMO<\/em> VOC\u00ca! V\u00c1 DIRETO AO CRISTO ETERNO E PERFEITO! <\/span><\/h2>\n<h2 style=\"text-align: center;\"><em><span style=\"color: #7a467a;\">LOUVE E GLORIFIQUE A DEUS EM SEU CORPO! ESTA \u00c9 A FORMA CORRETA E ABSOLUTA DE \u201cPRATICARMOS A VERDADE\u201d!<\/span><\/em><\/h2>\n<h2 style=\"text-align: center;\"><span style=\"color: #7a467a;\"> *<\/span><\/h2>\n","protected":false},"excerpt":{"rendered":"<p>\u00c9\u00a0 bem conhecida a maneira com que a suposta &#8220;mente humana&#8221; recebe tremendas revela\u00e7\u00f5es da Verdade, que \u00e9 com a maior superficialidade poss\u00edvel de se constatar. Isto se explica pelo fato de ela n\u00e3o dispor de meios para perceber tais revela\u00e7\u00f5es! Seria compar\u00e1vel a um cego de nascen\u00e7a, recebendo a informa\u00e7\u00e3o de que \u201ch\u00e1 um &hellip; <\/p>\n<p class=\"link-more\"><a href=\"https:\/\/www.fachodeluz.blog.br\/wp\/2016\/06\/04\/va-direto-a-gloria-de-deus-manifestada-como-voce\/\" class=\"more-link\">Leia mais<span class=\"screen-reader-text\"> &#8220;V\u00e1 Direto \u00c0 Gl\u00f3ria De Deus Manifestada Como Voc\u00ea!&#8221;<\/span><\/a><\/p>\n","protected":false},"author":2,"featured_media":0,"comment_status":"open","ping_status":"closed","sticky":false,"template":"","format":"standard","meta":{"nf_dc_page":"","_crdt_document":"","footnotes":""},"categories":[10],"tags":[],"class_list":["post-18509","post","type-post","status-publish","format-standard","hentry","category-darcio-dezolt"],"featured_media_urls":[],"_links":{"self":[{"href":"https:\/\/www.fachodeluz.blog.br\/wp\/wp-json\/wp\/v2\/posts\/18509","targetHints":{"allow":["GET"]}}],"collection":[{"href":"https:\/\/www.fachodeluz.blog.br\/wp\/wp-json\/wp\/v2\/posts"}],"about":[{"href":"https:\/\/www.fachodeluz.blog.br\/wp\/wp-json\/wp\/v2\/types\/post"}],"author":[{"embeddable":true,"href":"https:\/\/www.fachodeluz.blog.br\/wp\/wp-json\/wp\/v2\/users\/2"}],"replies":[{"embeddable":true,"href":"https:\/\/www.fachodeluz.blog.br\/wp\/wp-json\/wp\/v2\/comments?post=18509"}],"version-history":[{"count":0,"href":"https:\/\/www.fachodeluz.blog.br\/wp\/wp-json\/wp\/v2\/posts\/18509\/revisions"}],"wp:attachment":[{"href":"https:\/\/www.fachodeluz.blog.br\/wp\/wp-json\/wp\/v2\/media?parent=18509"}],"wp:term":[{"taxonomy":"category","embeddable":true,"href":"https:\/\/www.fachodeluz.blog.br\/wp\/wp-json\/wp\/v2\/categories?post=18509"},{"taxonomy":"post_tag","embeddable":true,"href":"https:\/\/www.fachodeluz.blog.br\/wp\/wp-json\/wp\/v2\/tags?post=18509"}],"curies":[{"name":"wp","href":"https:\/\/api.w.org\/{rel}","templated":true}]}}