{"id":18682,"date":"2016-07-14T11:34:04","date_gmt":"2016-07-14T14:34:04","guid":{"rendered":"http:\/\/fachodeluz.blog.br\/wp\/?p=18682"},"modified":"2016-07-14T11:34:04","modified_gmt":"2016-07-14T14:34:04","slug":"o-agora-esta-nas-maos-de-deus","status":"publish","type":"post","link":"https:\/\/www.fachodeluz.blog.br\/wp\/2016\/07\/14\/o-agora-esta-nas-maos-de-deus\/","title":{"rendered":"O Agora Est\u00e1 Nas M\u00e3os De Deus!"},"content":{"rendered":"<h2 style=\"text-align: center;\"><span style=\"color: #800000;\"><a style=\"color: #800000;\" href=\"https:\/\/i0.wp.com\/fachodeluz.blog.br\/wp\/wp-content\/uploads\/2016\/07\/agora5A.gif\"><img data-recalc-dims=\"1\" loading=\"lazy\" decoding=\"async\" loading=\"lazy\" class=\"aligncenter size-full wp-image-18684\" src=\"https:\/\/i0.wp.com\/fachodeluz.blog.br\/wp\/wp-content\/uploads\/2016\/07\/agora5A.gif?resize=455%2C296\" alt=\"agora5A\" width=\"455\" height=\"296\" \/><\/a><\/span><\/h2>\n<h2 style=\"text-align: center;\"><span style=\"color: #800000;\">A \u201ccren\u00e7a no tempo\u201d \u00e9 a causa determinante da ILUS\u00c3O, raz\u00e3o pela qual \u00e9 de vital import\u00e2ncia o conhecimento da Verdade de que <strong><em>SOMENTE EXISTE O AGORA!<\/em><\/strong><\/span><\/h2>\n<h2 style=\"text-align: center;\"><span style=\"color: #800000;\"><strong>Sem \u201ctempo\u201d n\u00e3o haveria<em> \u201ccren\u00e7a de gesta\u00e7\u00e3o\u201d, e<\/em><\/strong> a humanidade, em vez de se achar \u201cpai, m\u00e3e, ou filhos de carnais\u201d, ficaria desfrutando da Gl\u00f3ria de serem todos <em><strong>perfeitas express\u00f5es de Deus.<\/strong><\/em><\/span><\/h2>\n<h2 style=\"text-align: center;\"><span style=\"color: #800000;\">H\u00e1 declara\u00e7\u00f5es absolutas \u00a0de Jesus a esse respeito, como, por exemplo: <em>\u201cBem-aventurado o ventre que jamais gestou\u201d, \u201cN\u00e3o chameis de pai a ningu\u00e9m sobre a face da terra\u201d, \u201cEstivestes comigo desde o princ\u00edpio\u201d.<\/em> MAS ESTAS VERDADES JAMAIS ESTIVERAM SENDO REALMENTE CONSIDERADAS! A \u201cCREN\u00c7A NO TEMPO\u201c permite \u00e0 \u201cmente em ilus\u00e3o\u201d projetar seus quadros hipn\u00f3ticos em s\u00e9rie; desse modo, distra\u00edda por eles, a \u00faltima coisa que a humanidade aparenta demonstrar interesse, \u00e9 PELO CONHECIMENTO DAS OBRAS PERFEITAS DE DEUS.<\/span><\/h2>\n<h2 style=\"text-align: center;\"><span style=\"color: #800000;\">Quando a IRREALIDADE DO TEMPO for aceita e acreditada, o AGORA ABSOLUTO ser\u00e1 percebido estando \u201cnas m\u00e3os de Deus\u201d!<\/span><\/h2>\n<h2 style=\"text-align: center;\"><span style=\"color: #800000;\">Tudo poss\u00edvel de ser considerado \u201cmaligno\u201d decorre da aceita\u00e7\u00e3o do \u201ctempo\u201d, a come\u00e7ar das cren\u00e7as de nascimentos e mortes. Por esse motivo, a revela\u00e7\u00e3o de <em>Eclesiastes, 3: 14,<\/em> que diz<em> \u201cser permanente o que Deus faz\u201d,<\/em> \u00e9 important\u00edssimo \u201cprinc\u00edpio absoluto\u201d. Por\u00e9m, \u00e9 preciso que ele seja por n\u00f3s <strong><em>reconhecido.<\/em><\/strong><\/span><\/h2>\n<h2 style=\"text-align: center;\"><span style=\"color: #800000;\">Somente existe o que DEUS FAZ! Somente existe o AGORA em que TUDO O QUE DEUS FAZ, \u00c9 PERMANENTE PERFEI\u00c7\u00c3O ABSOLUTA! Quando meditamos reconhecendo a exist\u00eancia \u00fanica do AGORA, reconhecendo a Presen\u00e7a de DEUS como TUDO e como EVID\u00caNCIA ONIPRESENTE IMUT\u00c1VEL, a \u201ccren\u00e7a no tempo\u201d pode ser transcendida, e as \u201cmiragens\u201d, representativas de suas \u201cilus\u00f5es temporais&#8221; ficam reduzidas a \u201cnadas\u201d!<\/span><\/h2>\n<h2 style=\"text-align: center;\"><span style=\"color: #800000;\">\u00c9 <em>AGORA<\/em> QUE DEUS \u00c9 TUDO! \u00c9 <em>AGORA<\/em> QUE DEUS E VOC\u00ca S\u00c3O UM! <strong><em>E A VERDADE \u00c9 QUE \u201cSEMPRE \u00c9 AGORA\u201d!\u00a0<\/em> <\/strong><\/span><\/h2>\n<h2 style=\"text-align: center;\"><span style=\"color: #800000;\">RECONHE\u00c7A, PORTANTO, QUE O AGORA EST\u00c1 NAS M\u00c3OS DE DEUS, E QUE, COMO DEUS E HOMEM S\u00c3O UM, O AGORA EST\u00c1 AGORA EM SUAS M\u00c3OS! PERMANE\u00c7A NESTE REFERENCIAL ATEMPORAL E PERMANENTE, E A VERDADE ESTAR\u00c1 SENDO PLENAMENTE RECONHECIDA! <\/span><\/h2>\n<h2 style=\"text-align: center;\"><span style=\"color: #800000;\">*<\/span><\/h2>\n<p>&nbsp;<\/p>\n<p>&nbsp;<\/p>\n","protected":false},"excerpt":{"rendered":"<p>A \u201ccren\u00e7a no tempo\u201d \u00e9 a causa determinante da ILUS\u00c3O, raz\u00e3o pela qual \u00e9 de vital import\u00e2ncia o conhecimento da Verdade de que SOMENTE EXISTE O AGORA! Sem \u201ctempo\u201d n\u00e3o haveria \u201ccren\u00e7a de gesta\u00e7\u00e3o\u201d, e a humanidade, em vez de se achar \u201cpai, m\u00e3e, ou filhos de carnais\u201d, ficaria desfrutando da Gl\u00f3ria de serem todos &hellip; <\/p>\n<p class=\"link-more\"><a href=\"https:\/\/www.fachodeluz.blog.br\/wp\/2016\/07\/14\/o-agora-esta-nas-maos-de-deus\/\" class=\"more-link\">Leia mais<span class=\"screen-reader-text\"> &#8220;O Agora Est\u00e1 Nas M\u00e3os De Deus!&#8221;<\/span><\/a><\/p>\n","protected":false},"author":2,"featured_media":0,"comment_status":"open","ping_status":"closed","sticky":false,"template":"","format":"standard","meta":{"nf_dc_page":"","_crdt_document":"","footnotes":""},"categories":[10],"tags":[],"class_list":["post-18682","post","type-post","status-publish","format-standard","hentry","category-darcio-dezolt"],"featured_media_urls":[],"_links":{"self":[{"href":"https:\/\/www.fachodeluz.blog.br\/wp\/wp-json\/wp\/v2\/posts\/18682","targetHints":{"allow":["GET"]}}],"collection":[{"href":"https:\/\/www.fachodeluz.blog.br\/wp\/wp-json\/wp\/v2\/posts"}],"about":[{"href":"https:\/\/www.fachodeluz.blog.br\/wp\/wp-json\/wp\/v2\/types\/post"}],"author":[{"embeddable":true,"href":"https:\/\/www.fachodeluz.blog.br\/wp\/wp-json\/wp\/v2\/users\/2"}],"replies":[{"embeddable":true,"href":"https:\/\/www.fachodeluz.blog.br\/wp\/wp-json\/wp\/v2\/comments?post=18682"}],"version-history":[{"count":0,"href":"https:\/\/www.fachodeluz.blog.br\/wp\/wp-json\/wp\/v2\/posts\/18682\/revisions"}],"wp:attachment":[{"href":"https:\/\/www.fachodeluz.blog.br\/wp\/wp-json\/wp\/v2\/media?parent=18682"}],"wp:term":[{"taxonomy":"category","embeddable":true,"href":"https:\/\/www.fachodeluz.blog.br\/wp\/wp-json\/wp\/v2\/categories?post=18682"},{"taxonomy":"post_tag","embeddable":true,"href":"https:\/\/www.fachodeluz.blog.br\/wp\/wp-json\/wp\/v2\/tags?post=18682"}],"curies":[{"name":"wp","href":"https:\/\/api.w.org\/{rel}","templated":true}]}}