{"id":18708,"date":"2016-07-20T10:50:42","date_gmt":"2016-07-20T13:50:42","guid":{"rendered":"http:\/\/fachodeluz.blog.br\/wp\/?p=18708"},"modified":"2016-07-20T12:27:47","modified_gmt":"2016-07-20T15:27:47","slug":"o-pai-sabe-o-que-e-necessario-a-si-mesmo","status":"publish","type":"post","link":"https:\/\/www.fachodeluz.blog.br\/wp\/2016\/07\/20\/o-pai-sabe-o-que-e-necessario-a-si-mesmo\/","title":{"rendered":"&#8220;O Pai Sabe O Que \u00c9 Necess\u00e1rio A Si Mesmo!&#8221;"},"content":{"rendered":"<h2 style=\"text-align: center;\"><span style=\"color: #5e4d09;\">\u00a0\u00a0\u00a0\u00a0\u00a0\u00a0\u00a0\u00a0\u00a0<a style=\"color: #5e4d09;\" href=\"https:\/\/i0.wp.com\/fachodeluz.blog.br\/wp\/wp-content\/uploads\/2016\/07\/O-PAI.jpg\"><img data-recalc-dims=\"1\" loading=\"lazy\" decoding=\"async\" loading=\"lazy\" class=\"aligncenter size-full wp-image-18709\" src=\"https:\/\/i0.wp.com\/fachodeluz.blog.br\/wp\/wp-content\/uploads\/2016\/07\/O-PAI.jpg?resize=455%2C642\" alt=\"O PAI\" width=\"455\" height=\"642\" srcset=\"https:\/\/i0.wp.com\/www.fachodeluz.blog.br\/wp\/wp-content\/uploads\/2016\/07\/O-PAI.jpg?w=455&amp;ssl=1 455w, https:\/\/i0.wp.com\/www.fachodeluz.blog.br\/wp\/wp-content\/uploads\/2016\/07\/O-PAI.jpg?resize=213%2C300&amp;ssl=1 213w\" sizes=\"auto, (max-width: 455px) 100vw, 455px\" \/><\/a>\u00a0\u00a0\u00a0 <\/span><\/h2>\n<h2 style=\"text-align: center;\"><span style=\"color: #5e4d09;\">Quando Jesus disse que <strong><em>\u201co Pai sabe o que nos \u00e9 necess\u00e1rio\u201d,<\/em> <\/strong>deixava impl\u00edcito, nesta revela\u00e7\u00e3o, que SOMOS UM COM ELE. Por que encontramos, aparentemente, pessoas se achando carentes ou necessitadas? <strong><em>POR N\u00c3O SABEREM O QUE LHES \u00c9 NECESS\u00c1RIO, ou seja, POR\u00a0 RECONHECEREM A ILUS\u00c3O DE QUE \u201cDEUS \u00c9 UM, E QUE ELAS S\u00c3O OUTROS&#8221;!<\/em><\/strong><\/span><\/h2>\n<h2 style=\"text-align: center;\"><span style=\"color: #5e4d09;\">A \u201cMente divina SABE o que \u00e9 necess\u00e1rio para DEUS, e este saber quer dizer que <em><strong>DEUS \u00c9 ONIPRESEN\u00c7A AUTOSSUPRIDA!<\/strong><\/em><\/span><\/h2>\n<h2 style=\"text-align: center;\"><span style=\"color: #5e4d09;\">Quando algu\u00e9m SABE O QUE LHE \u00c9 NECESS\u00c1RIO, que \u00e9 SABER QUE <strong><em>\u201cDEUS E ELE S\u00c3O UM E O MESMO\u201d,<\/em><\/strong> estar\u00e1 em UNIDADE com a Mente divina, a Mente que reconhece o Universo de Luz Autossuprido, e que sabe, ser este Universo, <strong><em>o \u00daNICO em exist\u00eancia ou em express\u00e3o.<\/em><\/strong><\/span><\/h2>\n<h2 style=\"text-align: center;\"><span style=\"color: #5e4d09;\"><em><strong>O Pai \u201csabe o que nos \u00e9 necess\u00e1rio\u201d quando N\u00c3O NOS VEMOS SEPARADOS DELE!<\/strong> <\/em>N\u00e3o existe NINGU\u00c9M com \u201cvida separada de Deus\u201d. Esta suposta \u201cvida humana\u201d \u00e9 NADA! Em vista disso, h\u00e1 tamb\u00e9m a instru\u00e7\u00e3o de Jesus explicando que<strong><em> \u201cquem perder a vida por causa de MIM, ir\u00e1 achar sua vida divina real\u201d.<\/em><\/strong> <em><strong>Em outras palavras, aquele que se livrar da ilus\u00f3ria \u201cvida que nasce e que morre\u201d, encontrar\u00e1, EM SI MESMO, O CRISTO!<\/strong><\/em><\/span><\/h2>\n<h2 style=\"text-align: center;\"><span style=\"color: #5e4d09;\">Assim disse Paulo: <strong><em>\u201cQuando o Cristo, que \u00e9 a vossa Vida, se manifestar, tamb\u00e9m v\u00f3s vos manifestareis com ele em gl\u00f3ria\u201d<\/em><\/strong> (Col. 3:4).<\/span><\/h2>\n<h2 style=\"text-align: center;\"><span style=\"color: #5e4d09;\"><em>\u201cO Pai sabe o que\u00a0 \u00e9 necess\u00e1rio a SI pr\u00f3prio\u201d,<\/em>\u00a0 o que significa CONHECER A SI MESMO COMO TUDO E SUPRIDO DE TUDO! Haveria sentido em \u201calgu\u00e9m se achar com vida separada e carente\u201d, sempre pedindo alguma coisa a Deus? N\u00e3o! O que deve ele fazer, \u00e9 \u201cnascer de novo\u201d! <strong><em>ACHAR EM SI MESMO &#8220;O CRISTO UNO COM O PAI\u201d!<\/em><\/strong><\/span><\/h2>\n<h2 style=\"text-align: center;\"><span style=\"color: #5e4d09;\">As <em>Escrituras<\/em> assim dizem: <strong><em>\u201cDEUS N\u00c3O MUDA! AS OBRAS DE DEUS S\u00c3O PERMANENTES!\u201d\u00a0<\/em><\/strong> Todas as chamadas \u201cobras na carne\u201d s\u00e3o, como disse Jesus, a <strong><em>MENTIRA DO PAI DA MENTIRA, OU SEJA,\u00a0 MERAS CREN\u00c7AS VAZIAS E EF\u00caMERAS DA ILUS\u00d3RIA MENTE HUMANA!<\/em><\/strong> <\/span><\/h2>\n<h2 style=\"text-align: center;\"><span style=\"color: #5e4d09;\">Exatamente onde <strong><em>PARECE<\/em><\/strong> haver algu\u00e9m nascendo, necessitado ou morrendo, <strong><em>EST\u00c1 DEUS SENDO TUDO E SENDO TODOS,<\/em> <\/strong>EM SEU CONSUMADO E PERMANENTE REINO ILUMINADO, PLENA E PERFEITAMENTE AUTOSSUPRIDO! O SUPOSTO &#8220;CEN\u00c1RIO HUMANO&#8221; \u00c9 PURA &#8220;IMAGEM HIPN\u00d3TICA&#8221;!<\/span><\/h2>\n<h2 style=\"text-align: center;\"><span style=\"color: #5e4d09;\">Jamais se desvie para uma \u201cpersonalidade terrena\u201d, acreditando que esta MENTIRA seja VOC\u00ca! Pelo contr\u00e1rio, entenda, aceite e reconhe\u00e7a que O PAI \u00c9 TUDO, QUE INCLUI VOC\u00ca EM SUA TOTALIDADE, E QUE, POR SABER POSSUIR TUDO O QUE LHE \u00c9 NECESS\u00c1RIO, POSSUI\u00a0 TAMB\u00c9M VOC\u00ca EM UNIDADE PERFEITA COM ELE! <\/span><\/h2>\n<h2 style=\"text-align: center;\"><span style=\"color: #5e4d09;\"><strong><em>\u00c9 DESSE MODO QUE O UNIVERSO AUTOSSUPRIDO ASSIM SE REVELA INCLUINDO VOC\u00ca!<br \/>\n<\/em><\/strong><\/span><\/h2>\n<h2 style=\"text-align: center;\"><span style=\"color: #5e4d09;\">*<\/span><\/h2>\n","protected":false},"excerpt":{"rendered":"<p>\u00a0\u00a0\u00a0\u00a0\u00a0\u00a0\u00a0\u00a0\u00a0\u00a0\u00a0\u00a0 Quando Jesus disse que \u201co Pai sabe o que nos \u00e9 necess\u00e1rio\u201d, deixava impl\u00edcito, nesta revela\u00e7\u00e3o, que SOMOS UM COM ELE. Por que encontramos, aparentemente, pessoas se achando carentes ou necessitadas? POR N\u00c3O SABEREM O QUE LHES \u00c9 NECESS\u00c1RIO, ou seja, POR\u00a0 RECONHECEREM A ILUS\u00c3O DE QUE \u201cDEUS \u00c9 UM, E QUE ELAS S\u00c3O &hellip; <\/p>\n<p class=\"link-more\"><a href=\"https:\/\/www.fachodeluz.blog.br\/wp\/2016\/07\/20\/o-pai-sabe-o-que-e-necessario-a-si-mesmo\/\" class=\"more-link\">Leia mais<span class=\"screen-reader-text\"> &#8220;&#8220;O Pai Sabe O Que \u00c9 Necess\u00e1rio A Si Mesmo!&#8221;&#8221;<\/span><\/a><\/p>\n","protected":false},"author":2,"featured_media":0,"comment_status":"open","ping_status":"closed","sticky":false,"template":"","format":"standard","meta":{"nf_dc_page":"","_crdt_document":"","footnotes":""},"categories":[10],"tags":[],"class_list":["post-18708","post","type-post","status-publish","format-standard","hentry","category-darcio-dezolt"],"featured_media_urls":[],"_links":{"self":[{"href":"https:\/\/www.fachodeluz.blog.br\/wp\/wp-json\/wp\/v2\/posts\/18708","targetHints":{"allow":["GET"]}}],"collection":[{"href":"https:\/\/www.fachodeluz.blog.br\/wp\/wp-json\/wp\/v2\/posts"}],"about":[{"href":"https:\/\/www.fachodeluz.blog.br\/wp\/wp-json\/wp\/v2\/types\/post"}],"author":[{"embeddable":true,"href":"https:\/\/www.fachodeluz.blog.br\/wp\/wp-json\/wp\/v2\/users\/2"}],"replies":[{"embeddable":true,"href":"https:\/\/www.fachodeluz.blog.br\/wp\/wp-json\/wp\/v2\/comments?post=18708"}],"version-history":[{"count":0,"href":"https:\/\/www.fachodeluz.blog.br\/wp\/wp-json\/wp\/v2\/posts\/18708\/revisions"}],"wp:attachment":[{"href":"https:\/\/www.fachodeluz.blog.br\/wp\/wp-json\/wp\/v2\/media?parent=18708"}],"wp:term":[{"taxonomy":"category","embeddable":true,"href":"https:\/\/www.fachodeluz.blog.br\/wp\/wp-json\/wp\/v2\/categories?post=18708"},{"taxonomy":"post_tag","embeddable":true,"href":"https:\/\/www.fachodeluz.blog.br\/wp\/wp-json\/wp\/v2\/tags?post=18708"}],"curies":[{"name":"wp","href":"https:\/\/api.w.org\/{rel}","templated":true}]}}