{"id":18718,"date":"2016-07-22T10:43:39","date_gmt":"2016-07-22T13:43:39","guid":{"rendered":"http:\/\/fachodeluz.blog.br\/wp\/?p=18718"},"modified":"2016-07-22T13:21:23","modified_gmt":"2016-07-22T16:21:23","slug":"deus-jamais-criou-corpo-carnal","status":"publish","type":"post","link":"https:\/\/www.fachodeluz.blog.br\/wp\/2016\/07\/22\/deus-jamais-criou-corpo-carnal\/","title":{"rendered":"Deus Jamais Criou &#8220;Corpo Carnal&#8221;!"},"content":{"rendered":"<p style=\"text-align: center;\"><span style=\"color: #78521a;\"><a style=\"color: #78521a;\" href=\"https:\/\/i0.wp.com\/fachodeluz.blog.br\/wp\/wp-content\/uploads\/2016\/07\/SPIRITUALEYES.gif\"><img data-recalc-dims=\"1\" loading=\"lazy\" decoding=\"async\" loading=\"lazy\" class=\"aligncenter size-full wp-image-18719\" src=\"https:\/\/i0.wp.com\/fachodeluz.blog.br\/wp\/wp-content\/uploads\/2016\/07\/SPIRITUALEYES.gif?resize=455%2C255\" alt=\"SPIRITUALEYES\" width=\"455\" height=\"255\" \/><\/a><\/span><\/p>\n<h2 style=\"text-align: center;\"><span style=\"color: #78521a;\">Inexiste mensageiro da Verdade que\u00a0 tenha deixado de ressaltar a NATUREZA ESPIRITUAL E PERFEITA do Ser. Isto significa que o chamado \u201cCriador\u201d &#8211; O ESP\u00cdRITO &#8211;\u00a0 \u00e9 a \u00daNICA Subst\u00e2ncia real de cada \u201cCria\u00e7\u00e3o\u201d. A real exist\u00eancia,\u00a0 de pura NATUREZA ESPIRITUAL, \u00e9, portanto, a \u00daNICA REALIDADE, e o \u201cconhecimento da Verdade\u201d est\u00e1 em simplesmente RECONHECERMOS A DEUS <em>COMO<\/em> A FORMA ESPIRITUAL INDIVIDUALIZADA QUE AQUI E AGORA SOMOS!<\/span><\/h2>\n<h2 style=\"text-align: center;\"><span style=\"color: #78521a;\"><strong><em>\u201cOu n\u00e3o sabeis que SOIS o Templo de Deus, e que o ESP\u00cdRITO DE DEUS habita em v\u00f3s?\u201d<\/em> <\/strong>\u00a0 Assim indagou o ap\u00f3stolo Paulo!<strong><em> \u201cSem o Verbo \u2013 <\/em>Deus<em> \u2013 NADA DO QUE FOI FEITO SE FEZ\u201d,<\/em> <\/strong>declarou Jo\u00e3o em seu Evangelho!<\/span><\/h2>\n<h2 style=\"text-align: center;\"><span style=\"color: #78521a;\">A palavra <em>\u201cEvangelho\u201d<\/em> significa <strong><em>\u201cBoa Nova\u201d!<\/em><\/strong> Por qu\u00ea? Pelo fato de trazer \u00e0 humanidade a VERDADE de que jamais EXISTIU &#8220;HOMEM CARNAL\u201d! <strong><em>&#8220;SOMOS DEUSES!&#8221;<\/em><\/strong><\/span><\/h2>\n<h2 style=\"text-align: center;\"><span style=\"color: #78521a;\"><em>\u201cPor que voc\u00ea afirma que n\u00e3o existe algo que todos estamos vendo?<\/em> A resposta pode ser dada com outra pergunta,\u00a0 da seguinte forma: <strong><em>\u201cPor que todo mundo via corpo carnal, inclusive em Jesus, enquanto tr\u00eas disc\u00edpulos dele o viram como Luz?\u201d<\/em> <\/strong>A B\u00edblia diz que ele \u201ctransfigurou-se\u201d! Que teria, de fato, ocorrido? O SEGUINTE: <strong><em>Jesus foi visto como Paulo e Jo\u00e3o disseram que somos: COMO &#8220;VERBO DIVINO&#8221;! SIMPLES ASSIM!<\/em><\/strong><\/span><\/h2>\n<h2 style=\"text-align: center;\"><span style=\"color: #78521a;\">Se Jesus foi VISTO como LUZ DIVINA, foi VISTO como TODOS SOMOS! N\u00e3o foi o que ele pr\u00f3prio nos revelou? <em><strong>\u201cSOIS A LUZ DO MUNDO!\u201d.<\/strong><\/em> Al\u00e9m disso, os tr\u00eas disc\u00edpulos O VIRAM COMO LUZ porque N\u00c3O O ESTAVAM OLHANDO SEGUNDO A VIS\u00c3O DOS ILUS\u00d3RIOS \u201cSENTIDOS HUMANOS\u201d!<\/span><\/h2>\n<h2 style=\"text-align: center;\"><span style=\"color: #78521a;\">De que modo\u00a0 Jesus estava sendo \u201cvisto\u201d como \u201chomem carnal\u201d, supostamente \u201cnascido de Maria\u201d e supostamente \u201cmorto numa cruz\u201d ? ESTAVA SENDO\u00a0 &#8220;MAL INTERPRETADO&#8221;\u00a0 PELA ILUS\u00d3RIA \u201cMENTE CARNAL\u201d!<\/span><\/h2>\n<h2 style=\"text-align: center;\"><span style=\"color: #78521a;\">Paulo disse: <strong><em>\u201cA mente carnal \u00e9 a morte; a inimizade contra Deus\u201d!<\/em><\/strong> Disse ainda: <strong><em>\u201cTemos a Mente de Cristo\u201d, para discernirmos espiritualmente o que nos \u00e9 dado gratuitamente por Deus\u201d.<\/em> <\/strong><\/span><\/h2>\n<h2 style=\"text-align: center;\"><span style=\"color: #78521a;\">Diante destas tremendas revela\u00e7\u00f5es, que deveria fazer a humanidade? <strong><em>DESPACHAR ESTA &#8220;MENTE CARNAL&#8221; AO SEU \u201cNADA ORIGIN\u00c1RIO\u201d! RECEBER O \u201cREINO DE DEUS\u201d RECONHECENDO \u201cTER A MENTE DE CRISTO\u201d, E VER A REALIDADE ILUMINADA E PERFEITA NO LUGAR DAS \u201cIMAGENS HIPN\u00d3TICAS\u201d SUGERIDAS PELA ILUS\u00d3RIA \u201cMENTE CARNAL\u201d!<\/em><\/strong><\/span><\/h2>\n<h2 style=\"text-align: center;\"><span style=\"color: #78521a;\"><strong><em>&#8220;DEUS \u00c9 ESP\u00cdRITO&#8221;,<\/em> <\/strong>E TODA A EXIST\u00caNCIA \u00c9 ESP\u00cdRITO EMANADO DE DEUS! DEUS JAMAIS &#8220;CRIOU HOMEM CARNAL&#8221;! EM VISTA DISSO, TODO AQUELE QUE <strong><em>&#8220;NEGAR-SE A SI MESMO COMO CARNAL&#8221;<\/em> <\/strong>ESTAR\u00c1 ELIMINANDO A<em><strong> &#8220;INTERPRETA\u00c7\u00c3O&#8221; FALSA, HIPN\u00d3TICA E ERR\u00d4NEA<\/strong><\/em> FEITA PELA &#8220;MENTE CARNAL&#8221;. E ENT\u00c3O, O CRISTO QUE ELE \u00c9, ESPIRITUAL E PERFEITA EMANA\u00c7\u00c3O DE DEUS, SER\u00c1 VISTO <strong><em>COMO O SEU PR\u00d3PRIO SER!<\/em><\/strong><\/span><\/h2>\n<h2 style=\"text-align: center;\"><span style=\"color: #78521a;\"> *<\/span><\/h2>\n","protected":false},"excerpt":{"rendered":"<p>Inexiste mensageiro da Verdade que\u00a0 tenha deixado de ressaltar a NATUREZA ESPIRITUAL E PERFEITA do Ser. Isto significa que o chamado \u201cCriador\u201d &#8211; O ESP\u00cdRITO &#8211;\u00a0 \u00e9 a \u00daNICA Subst\u00e2ncia real de cada \u201cCria\u00e7\u00e3o\u201d. A real exist\u00eancia,\u00a0 de pura NATUREZA ESPIRITUAL, \u00e9, portanto, a \u00daNICA REALIDADE, e o \u201cconhecimento da Verdade\u201d est\u00e1 em simplesmente RECONHECERMOS &hellip; <\/p>\n<p class=\"link-more\"><a href=\"https:\/\/www.fachodeluz.blog.br\/wp\/2016\/07\/22\/deus-jamais-criou-corpo-carnal\/\" class=\"more-link\">Leia mais<span class=\"screen-reader-text\"> &#8220;Deus Jamais Criou &#8220;Corpo Carnal&#8221;!&#8221;<\/span><\/a><\/p>\n","protected":false},"author":2,"featured_media":0,"comment_status":"open","ping_status":"closed","sticky":false,"template":"","format":"standard","meta":{"nf_dc_page":"","_crdt_document":"","footnotes":""},"categories":[10],"tags":[],"class_list":["post-18718","post","type-post","status-publish","format-standard","hentry","category-darcio-dezolt"],"featured_media_urls":[],"_links":{"self":[{"href":"https:\/\/www.fachodeluz.blog.br\/wp\/wp-json\/wp\/v2\/posts\/18718","targetHints":{"allow":["GET"]}}],"collection":[{"href":"https:\/\/www.fachodeluz.blog.br\/wp\/wp-json\/wp\/v2\/posts"}],"about":[{"href":"https:\/\/www.fachodeluz.blog.br\/wp\/wp-json\/wp\/v2\/types\/post"}],"author":[{"embeddable":true,"href":"https:\/\/www.fachodeluz.blog.br\/wp\/wp-json\/wp\/v2\/users\/2"}],"replies":[{"embeddable":true,"href":"https:\/\/www.fachodeluz.blog.br\/wp\/wp-json\/wp\/v2\/comments?post=18718"}],"version-history":[{"count":0,"href":"https:\/\/www.fachodeluz.blog.br\/wp\/wp-json\/wp\/v2\/posts\/18718\/revisions"}],"wp:attachment":[{"href":"https:\/\/www.fachodeluz.blog.br\/wp\/wp-json\/wp\/v2\/media?parent=18718"}],"wp:term":[{"taxonomy":"category","embeddable":true,"href":"https:\/\/www.fachodeluz.blog.br\/wp\/wp-json\/wp\/v2\/categories?post=18718"},{"taxonomy":"post_tag","embeddable":true,"href":"https:\/\/www.fachodeluz.blog.br\/wp\/wp-json\/wp\/v2\/tags?post=18718"}],"curies":[{"name":"wp","href":"https:\/\/api.w.org\/{rel}","templated":true}]}}