{"id":19103,"date":"2016-10-07T10:56:44","date_gmt":"2016-10-07T13:56:44","guid":{"rendered":"http:\/\/fachodeluz.blog.br\/wp\/?p=19103"},"modified":"2016-10-07T12:37:13","modified_gmt":"2016-10-07T15:37:13","slug":"onde-o-espirito-de-deus-esta","status":"publish","type":"post","link":"https:\/\/www.fachodeluz.blog.br\/wp\/2016\/10\/07\/onde-o-espirito-de-deus-esta\/","title":{"rendered":"&#8220;Onde O Esp\u00edrito Do Senhor Est\u00e1!&#8221;"},"content":{"rendered":"<h2 style=\"text-align: center;\"><span style=\"color: #4d2121;\"><a href=\"https:\/\/i0.wp.com\/fachodeluz.blog.br\/wp\/wp-content\/uploads\/2016\/10\/paul-the-apostle2.gif\"><img data-recalc-dims=\"1\" loading=\"lazy\" decoding=\"async\" loading=\"lazy\" class=\"aligncenter size-full wp-image-19106\" src=\"https:\/\/i0.wp.com\/fachodeluz.blog.br\/wp\/wp-content\/uploads\/2016\/10\/paul-the-apostle2.gif?resize=455%2C330\" alt=\"paul-the-apostle2\" width=\"455\" height=\"330\" \/><\/a><\/span><\/h2>\n<h3 style=\"text-align: center;\"><span style=\"color: #4d2121;\"><em>&#8220;Ora, o Senhor \u00e9 Esp\u00edrito; e onde est\u00e1 o Esp\u00edrito do Senhor, a\u00ed h\u00e1 liberdade&#8221;.<\/em><\/span><\/h3>\n<h3 style=\"text-align: center;\"><span style=\"color: #4d2121;\">II Cor\u00edntios 3: 17<\/span><\/h3>\n<h2 style=\"text-align: center;\"><span style=\"color: #4d2121;\">Quando as Escrituras e ensinamentos espirituais enfatizam a import\u00e2ncia da pr\u00e1tica da ora\u00e7\u00e3o, do sil\u00eancio receptivo e da contempla\u00e7\u00e3o, \u00e9 porque s\u00e3o estes os meios de ficarmos\u00a0 conscientemente em comunh\u00e3o com Deus. DEUS \u00c9 TUDO! <\/span><\/h2>\n<h2 style=\"text-align: center;\"><span style=\"color: #4d2121;\">N\u00e3o obstante seja esta a Verdade Absoluta, aparentemente, uma CREN\u00c7A COLETIVA nos sugere a presen\u00e7a de \u201cum mundo a ser vencido\u201d, um suposto \u201cmundo material\u201d, que jamais esteve presente. Acreditar em &#8220;mundo material&#8221; \u00e9 o mesmo que acreditar em &#8220;Papai Noel&#8221; ou em\u00a0 &#8220;mula sem cabe\u00e7a&#8221;.\u00a0 S\u00e3o <em><strong>CREN\u00c7AS!<\/strong><\/em><\/span><\/h2>\n<h2 style=\"text-align: center;\"><span style=\"color: #4d2121;\">O enfoque absoluto revela que DEUS \u00c9 TUDO, e que, portanto, de IMEDIATO devemos \u201cvencer o mundo\u201d, afirmando sua <em>irrealidade,<\/em> afirmando que <strong><em>unicamente DEUS \u00e9 presen\u00e7a, poder e evid\u00eancia,<\/em><\/strong> e <strong><em>contemplando a totalidade e unicidade de Deus sem dualidade, ou seja, como UNIDADE PERFEITA formada exclusivamente por DEUS!<\/em><\/strong><\/span><\/h2>\n<h2 style=\"text-align: center;\"><span style=\"color: #4d2121;\">O ap\u00f3stolo Paulo assim disse: <em>\u201cOra, o Senhor \u00e9 Esp\u00edrito; e onde est\u00e1 o Esp\u00edrito do Senhor, a\u00ed h\u00e1 liberdade\u201d<\/em> (II Cor. 3: 17).\u00a0 Esta revela\u00e7\u00e3o deve ser entendida de modo absoluto, isto \u00e9, como DEUS \u00c9 TUDO, EM QUALQUER PONTO DO UNIVERSO INFINITO, H\u00c1 O &#8220;ESP\u00cdRITO DE DEUS&#8221;, H\u00c1 LIBERDADE!<\/span><\/h2>\n<h2 style=\"text-align: center;\"><span style=\"color: #4d2121;\">Se algu\u00e9m admite falta de liberdade, por se aceitar tolhido por qualquer limita\u00e7\u00e3o, a PRIMEIRA COISA que deve fazer, \u00e9 admitir-se NA PRESEN\u00c7A DE DEUS, EM UNIDADE DE DEUS, VENDO-SE ESTANDO <strong><em>EXATAMENTE ONDE DEUS EST\u00c1!<\/em><\/strong> N\u00c3O \u00c9 <em>\u201cONDE DEUS EST\u00c1, QUE H\u00c1 LIBERDADE\u201d?<\/em> ASSIM DIZ A REVELA\u00c7\u00c3O!<\/span><\/h2>\n<h2 style=\"text-align: center;\"><span style=\"color: #4d2121;\">De nada adianta algu\u00e9m aceitar que\u00a0 <em>&#8220;onde \u00a0est\u00e1 o Esp\u00edrito do Senhor, a\u00ed h\u00e1 liberdade\u201d, se ele acredita \u201cestar onde Deus n\u00e3o est\u00e1\u201d! <\/em><\/span><\/h2>\n<h2 style=\"text-align: center;\"><span style=\"color: #4d2121;\"><em>\u201dOra, o Senhor \u00e9 Esp\u00edrito\u201d,<\/em> disse Paulo. Para qu\u00ea? Exatamente para que ningu\u00e9m se veja na &#8220;carne\u201d, na \u201cilus\u00e3o de mundo material\u201d, e para que medite e PERCEBA ser \u201cum com Deus\u201d, ser espiritual e divino, vivendo AGORA em TOTAL LIBERDADE!<\/span><\/h2>\n<h2 style=\"text-align: center;\"><span style=\"color: #4d2121;\"><em>\u201cN\u00e3o sabeis v\u00f3s que sois o Templo de Deus e o Esp\u00edrito de Deus habita em v\u00f3s?\u201d<\/em> (I Cor. 3 16).<\/span><\/h2>\n<h2 style=\"text-align: center;\"><span style=\"color: #4d2121;\">Reconhe\u00e7a que a LIBERDADE PLENA est\u00e1 no seu Esp\u00edrito, que \u00e9 Esp\u00edrito de Deus! TUDO E TODOS S\u00c3O ESP\u00cdRITO! A SUPOSTA \u201cMAT\u00c9RIA\u201d \u00c9 \u00a0ILUS\u00c3O\u201d! E COMO O ESP\u00cdRITO DE DEUS \u00c9 O SEU, ONDE VOC\u00ca EST\u00c1, \u201cA\u00cd H\u00c1 LIBERDADE\u201d!<\/span><\/h2>\n<h2 style=\"text-align: center;\"><span style=\"color: #4d2121;\"> *<\/span><\/h2>\n","protected":false},"excerpt":{"rendered":"<p>&#8220;Ora, o Senhor \u00e9 Esp\u00edrito; e onde est\u00e1 o Esp\u00edrito do Senhor, a\u00ed h\u00e1 liberdade&#8221;. II Cor\u00edntios 3: 17 Quando as Escrituras e ensinamentos espirituais enfatizam a import\u00e2ncia da pr\u00e1tica da ora\u00e7\u00e3o, do sil\u00eancio receptivo e da contempla\u00e7\u00e3o, \u00e9 porque s\u00e3o estes os meios de ficarmos\u00a0 conscientemente em comunh\u00e3o com Deus. DEUS \u00c9 TUDO! N\u00e3o &hellip; <\/p>\n<p class=\"link-more\"><a href=\"https:\/\/www.fachodeluz.blog.br\/wp\/2016\/10\/07\/onde-o-espirito-de-deus-esta\/\" class=\"more-link\">Leia mais<span class=\"screen-reader-text\"> &#8220;&#8220;Onde O Esp\u00edrito Do Senhor Est\u00e1!&#8221;&#8221;<\/span><\/a><\/p>\n","protected":false},"author":2,"featured_media":0,"comment_status":"open","ping_status":"closed","sticky":false,"template":"","format":"standard","meta":{"nf_dc_page":"","_crdt_document":"","footnotes":""},"categories":[10],"tags":[],"class_list":["post-19103","post","type-post","status-publish","format-standard","hentry","category-darcio-dezolt"],"featured_media_urls":[],"_links":{"self":[{"href":"https:\/\/www.fachodeluz.blog.br\/wp\/wp-json\/wp\/v2\/posts\/19103","targetHints":{"allow":["GET"]}}],"collection":[{"href":"https:\/\/www.fachodeluz.blog.br\/wp\/wp-json\/wp\/v2\/posts"}],"about":[{"href":"https:\/\/www.fachodeluz.blog.br\/wp\/wp-json\/wp\/v2\/types\/post"}],"author":[{"embeddable":true,"href":"https:\/\/www.fachodeluz.blog.br\/wp\/wp-json\/wp\/v2\/users\/2"}],"replies":[{"embeddable":true,"href":"https:\/\/www.fachodeluz.blog.br\/wp\/wp-json\/wp\/v2\/comments?post=19103"}],"version-history":[{"count":0,"href":"https:\/\/www.fachodeluz.blog.br\/wp\/wp-json\/wp\/v2\/posts\/19103\/revisions"}],"wp:attachment":[{"href":"https:\/\/www.fachodeluz.blog.br\/wp\/wp-json\/wp\/v2\/media?parent=19103"}],"wp:term":[{"taxonomy":"category","embeddable":true,"href":"https:\/\/www.fachodeluz.blog.br\/wp\/wp-json\/wp\/v2\/categories?post=19103"},{"taxonomy":"post_tag","embeddable":true,"href":"https:\/\/www.fachodeluz.blog.br\/wp\/wp-json\/wp\/v2\/tags?post=19103"}],"curies":[{"name":"wp","href":"https:\/\/api.w.org\/{rel}","templated":true}]}}