{"id":19206,"date":"2016-10-25T11:06:23","date_gmt":"2016-10-25T13:06:23","guid":{"rendered":"http:\/\/fachodeluz.blog.br\/wp\/?p=19206"},"modified":"2016-10-25T11:08:39","modified_gmt":"2016-10-25T13:08:39","slug":"em-deus-vivemos-e-nao-em-tres-dimensoes","status":"publish","type":"post","link":"https:\/\/www.fachodeluz.blog.br\/wp\/2016\/10\/25\/em-deus-vivemos-e-nao-em-tres-dimensoes\/","title":{"rendered":"Em &#8220;Deus&#8221; Vivemos,  E N\u00e3o Em &#8220;Tr\u00eas Dimens\u00f5es&#8221;!"},"content":{"rendered":"<h2 style=\"text-align: center;\"><span style=\"color: #5f4269;\"><a style=\"color: #5f4269;\" href=\"https:\/\/i0.wp.com\/fachodeluz.blog.br\/wp\/wp-content\/uploads\/2016\/10\/emdeus.gif\"><img data-recalc-dims=\"1\" loading=\"lazy\" decoding=\"async\" loading=\"lazy\" class=\"aligncenter size-full wp-image-19207\" src=\"https:\/\/i0.wp.com\/fachodeluz.blog.br\/wp\/wp-content\/uploads\/2016\/10\/emdeus.gif?resize=455%2C497\" alt=\"emdeus\" width=\"455\" height=\"497\" \/><\/a><\/span><\/h2>\n<h2 style=\"text-align: center;\"><span style=\"color: #5f4269;\">Caso algu\u00e9m esteja vendo um jogo de futebol pela TV, o mesmo jogo, em tr\u00eas dimens\u00f5es, estar\u00e1 acontecendo no campo e assim sendo visto por todos aqueles presentes no est\u00e1dio. \u00a0Por que a \u201cterceira dimens\u00e3o\u201d n\u00e3o aparece pela TV? Pela limita\u00e7\u00e3o dos instrumentos de capta\u00e7\u00e3o e retransmiss\u00e3o das imagens! Enquanto os mesmos instrumentos forem usados, o que estaria ocorrendo em tr\u00eas dimens\u00f5es <strong><em>aparentar\u00e1<\/em><\/strong> ser visto apenas em duas dimens\u00f5es.<\/span><\/h2>\n<h2 style=\"text-align: center;\"><span style=\"color: #5f4269;\">Se a bola estiver parada atr\u00e1s de algum jogador, na TV ela ter\u00e1 sumido! A transmiss\u00e3o n\u00e3o mostrar\u00e1 a bola \u00e0 frente dele. Mas como o telespectador sabe que h\u00e1 tr\u00eas dimens\u00f5es, e n\u00e3o somente duas, n\u00e3o acreditar\u00e1 que a bola tenha sumido verdadeiramente! Ter\u00e1 a \u201cvis\u00e3o transcendental\u201d capaz de lhe garantir: \u201cA bola, apesar de <strong><em>aparentar<\/em><\/strong> ter sumido, continua no campo!\u201d.<\/span><\/h2>\n<h2 style=\"text-align: center;\"><span style=\"color: #5f4269;\">De que nos serve esta analogia? Para desacreditarmos da MESMA FORMA de \u201cmundo de tr\u00eas dimens\u00f5es\u201d. <strong><em>Como NUNCA EXISTIU \u201cmundo de duas dimens\u00f5es\u201d, igualmente NUNCA EXISTIU \u201cmundo de tr\u00eas dimens\u00f5es\u201d!<\/em> <\/strong>Tal FALSIDADE somente se mostra presente por ser \u201ccapta\u00e7\u00e3o e retransmiss\u00e3o\u201d da \u201cmente inapta\u201d para identificar os fatos tais como <em><strong>REALMENTE OS FATOS S\u00c3O!<\/strong> <\/em>Em quatro, em cinco, cem 100 dimens\u00f5es? Jamais poderemos cont\u00e1-las empregando a mesma \u201cmente inapta para perceb\u00ea-las\u201d!<\/span><\/h2>\n<h2 style=\"text-align: center;\"><span style=\"color: #5f4269;\">J\u00e1 vi autores falando em \u201cquarta dimens\u00e3o\u201d! N\u00e3o estariam afirmando que \u201ch\u00e1 somente quatro\u201d! Estariam querendo criar abertura para que ALGO AL\u00c9M DAS TR\u00caS, &#8211; comprimento, altura e largura &#8211;\u00a0 possa ser percebido! Eu n\u00e3o falo em \u201cquarta\u201d nem em \u201cquinta\u201d, mas, em <strong><em>INFINITAS DIMENS\u00d5ES! DEUS \u00c9 INFINITO!\u00a0<\/em><\/strong><\/span><\/h2>\n<h2 style=\"text-align: center;\"><span style=\"color: #5f4269;\">O mundo chama de \u201cx\u201d o comprimento, de \u201cy\u201d a largura, e de \u201cz\u201d a altura. Por isso, as medidas fenom\u00eanicas falam e se restringem a metro,\u00a0 metro quadrado e a metro c\u00fabico, que representam as &#8220;tr\u00eas dimens\u00f5es&#8221;. &#8220;Este fio tem <em>5 metros,<\/em> esta \u00e1rea tem <em>10 metros quadrados,<\/em> este reservat\u00f3rio tem <em>200 metros c\u00fabicos!\u201d<\/em> &#8211; \u00a0assim se limita o mundo \u00e0s tr\u00eas dimens\u00f5es com \u00e0s quais se aprisiona mentalmente unicamente por ver e acreditar apenas no que a \u201cmente carnal\u201d reconhece como presente! Se nos prendermos a esta mente finita, n\u00e3o acharemos o que seriam as \u201cinfinitas dimens\u00f5es\u201d em que <strong><em>ESTAMOS AGORA VIVENDO!<\/em><\/strong><\/span><\/h2>\n<h2 style=\"text-align: center;\"><span style=\"color: #5f4269;\">Anos atr\u00e1s, explicando a <em>Metaf\u00edsica<\/em> para um senhor, assim \u00a0ele \u00a0me disse: <em>\u201cOlhe, esse assunto me desperta enorme interesse; por\u00e9m, estou sentindo uma dor de cabe\u00e7a t\u00e3o forte, que n\u00e3o estou conseguindo prestar aten\u00e7\u00e3o como deveria!\u201d.<\/em> Disse a ele: \u201c<em>Voc\u00ea enclausurou a sua cabe\u00e7a em tr\u00eas dimens\u00f5es; estamos em infinitas!&#8221;.\u00a0<\/em> Ouvindo isto, ele me disse: <em>\u201cVoc\u00ea\u00a0 me falou algo que eu ensino! Sou professor de matem\u00e1tica e sempre falo sobre o infinito com meus alunos!\u201d.<\/em> E a suposta dor de cabe\u00e7a sumiu na hora! A Matem\u00e1tica reconhece e ensina que h\u00e1 &#8220;<em>fatorial de n<\/em> dimens\u00f5es!&#8221;. S\u00f3 que o mundo n\u00e3o sabe traduzi-las para identific\u00e1-las!<\/span><\/h2>\n<h2 style=\"text-align: center;\"><span style=\"color: #5f4269;\"><strong><em>\u201cOlhai para MIM\u201d \u2013<\/em><\/strong> disse Isa\u00edas! O sentido \u00e9: <strong><em>\u201cDeixe de ver ILUS\u00c3O, MUNDO FINITO, E RECONHE\u00c7A O DEUS INFINITO SENDO TUDO E SENDO TODOS!<\/em> <\/strong><\/span><\/h2>\n<h2 style=\"text-align: center;\"><span style=\"color: #5f4269;\">Voc\u00ea \u00e9 Deus, Deus \u00e9 voc\u00ea! Voc\u00ea \u00e9 o Infinto,\u00a0 o Infinito \u00e9 voc\u00ea! <strong><em>Nada h\u00e1, que seja finito! Nada h\u00e1,\u00a0 que n\u00e3o seja perfei\u00e7\u00e3o permanente infinita! PAULO REVELOU QUE &#8220;VIVEMOS EM DEUS&#8221;, E N\u00c3O EM &#8220;TR\u00caS DIMENS\u00d5ES&#8221;! <\/em><\/strong><\/span><\/h2>\n<h2 style=\"text-align: center;\"><span style=\"color: #5f4269;\"><strong><em>CONTEMPLE A VERDADE QUE VOC\u00ca J\u00c1 \u00c9!<br \/>\n<\/em><\/strong><\/span><\/h2>\n<h2 style=\"text-align: center;\"><span style=\"color: #5f4269;\">*<\/span><\/h2>\n","protected":false},"excerpt":{"rendered":"<p>Caso algu\u00e9m esteja vendo um jogo de futebol pela TV, o mesmo jogo, em tr\u00eas dimens\u00f5es, estar\u00e1 acontecendo no campo e assim sendo visto por todos aqueles presentes no est\u00e1dio. \u00a0Por que a \u201cterceira dimens\u00e3o\u201d n\u00e3o aparece pela TV? Pela limita\u00e7\u00e3o dos instrumentos de capta\u00e7\u00e3o e retransmiss\u00e3o das imagens! Enquanto os mesmos instrumentos forem usados, &hellip; <\/p>\n<p class=\"link-more\"><a href=\"https:\/\/www.fachodeluz.blog.br\/wp\/2016\/10\/25\/em-deus-vivemos-e-nao-em-tres-dimensoes\/\" class=\"more-link\">Leia mais<span class=\"screen-reader-text\"> &#8220;Em &#8220;Deus&#8221; Vivemos,  E N\u00e3o Em &#8220;Tr\u00eas Dimens\u00f5es&#8221;!&#8221;<\/span><\/a><\/p>\n","protected":false},"author":2,"featured_media":0,"comment_status":"open","ping_status":"closed","sticky":false,"template":"","format":"standard","meta":{"nf_dc_page":"","_crdt_document":"","footnotes":""},"categories":[10],"tags":[],"class_list":["post-19206","post","type-post","status-publish","format-standard","hentry","category-darcio-dezolt"],"featured_media_urls":[],"_links":{"self":[{"href":"https:\/\/www.fachodeluz.blog.br\/wp\/wp-json\/wp\/v2\/posts\/19206","targetHints":{"allow":["GET"]}}],"collection":[{"href":"https:\/\/www.fachodeluz.blog.br\/wp\/wp-json\/wp\/v2\/posts"}],"about":[{"href":"https:\/\/www.fachodeluz.blog.br\/wp\/wp-json\/wp\/v2\/types\/post"}],"author":[{"embeddable":true,"href":"https:\/\/www.fachodeluz.blog.br\/wp\/wp-json\/wp\/v2\/users\/2"}],"replies":[{"embeddable":true,"href":"https:\/\/www.fachodeluz.blog.br\/wp\/wp-json\/wp\/v2\/comments?post=19206"}],"version-history":[{"count":0,"href":"https:\/\/www.fachodeluz.blog.br\/wp\/wp-json\/wp\/v2\/posts\/19206\/revisions"}],"wp:attachment":[{"href":"https:\/\/www.fachodeluz.blog.br\/wp\/wp-json\/wp\/v2\/media?parent=19206"}],"wp:term":[{"taxonomy":"category","embeddable":true,"href":"https:\/\/www.fachodeluz.blog.br\/wp\/wp-json\/wp\/v2\/categories?post=19206"},{"taxonomy":"post_tag","embeddable":true,"href":"https:\/\/www.fachodeluz.blog.br\/wp\/wp-json\/wp\/v2\/tags?post=19206"}],"curies":[{"name":"wp","href":"https:\/\/api.w.org\/{rel}","templated":true}]}}