{"id":19249,"date":"2016-11-04T11:09:31","date_gmt":"2016-11-04T13:09:31","guid":{"rendered":"http:\/\/fachodeluz.blog.br\/wp\/?p=19249"},"modified":"2016-11-04T12:09:21","modified_gmt":"2016-11-04T14:09:21","slug":"cale-se-toda-a-terra-2","status":"publish","type":"post","link":"https:\/\/www.fachodeluz.blog.br\/wp\/2016\/11\/04\/cale-se-toda-a-terra-2\/","title":{"rendered":"&#8220;Cale-se Toda A Terra!&#8221;"},"content":{"rendered":"<h3 style=\"text-align: center;\"><a href=\"https:\/\/i0.wp.com\/fachodeluz.blog.br\/wp\/wp-content\/uploads\/2016\/11\/divine.gif\"><img data-recalc-dims=\"1\" loading=\"lazy\" decoding=\"async\" loading=\"lazy\" class=\"aligncenter size-full wp-image-19250\" src=\"https:\/\/i0.wp.com\/fachodeluz.blog.br\/wp\/wp-content\/uploads\/2016\/11\/divine.gif?resize=455%2C571\" alt=\"divine\" width=\"455\" height=\"571\" \/><\/a><\/h3>\n<h3 style=\"text-align: center;\"><span style=\"color: #151585;\"><em>&#8220;Mas o Senhor est\u00e1 no seu santo templo; cale-se diante dele toda a terra&#8221;.<\/em><\/span><br \/>\n<span style=\"color: #151585;\"> <em>\u00a0\u00a0\u00a0\u00a0\u00a0\u00a0\u00a0\u00a0\u00a0\u00a0\u00a0\u00a0<\/em> Habacuque 2: 20\u00a0\u00a0\u00a0\u00a0\u00a0\u00a0\u00a0<em>\u00a0\u00a0\u00a0\u00a0\u00a0\u00a0\u00a0\u00a0\u00a0\u00a0\u00a0 <\/em><\/span><\/h3>\n<h2 style=\"text-align: center;\"><span style=\"color: #151585;\">O conhecimento da Verdade leva-nos a fazer n\u00edtida percep\u00e7\u00e3o do que \u00e9 REAL e do que \u00e9 ILUS\u00c3O. Isto pelo seguinte motivo: O QUE \u00c9 REAL \u00c9 PERFEI\u00c7\u00c3O IMUT\u00c1VEL, enquanto O QUE \u00c9 ILUS\u00c3O \u00e9 uma FALSA IMPERFEI\u00c7\u00c3O sendo aceita como real.<\/span><\/h2>\n<h2 style=\"text-align: center;\"><span style=\"color: #151585;\">Em Habacuque 2: 20, \u00e9 revelado: \u201c<em>Mas o Senhor est\u00e1 no seu santo templo; cale-se diante dele toda a terra\u201d. <\/em>O sentido absoluto diz respeito diretamente a cada um de N\u00d3S! Por qu\u00ea? Por sabermos que DEUS \u00c9 TUDO, TUDO \u00c9 DEUS, uma vez que esta \u00e9 a premissa fundamental do conhecimento da Verdade.<\/span><\/h2>\n<h2 style=\"text-align: center;\"><span style=\"color: #151585;\">DEUS \u00c9 TUDO, raz\u00e3o pela qual o \u201cnosso Corpo\u201d \u00e9 \u201cTemplo de Deus\u201d, desde que percebamos que \u201cn\u00e3o somos carnais\u201d, mas, sim, a Presen\u00e7a de DEUS corporificada como o Cristo que SOMOS! Em outras palavras, o reconhecimento de que \u201csomos UM com Deus\u201d leva-nos \u00e0 percep\u00e7\u00e3o de que \u201co Templo de Deus\u201d \u00e9 o \u201cnosso Santo Templo\u201d, espiritual, iluminado, pleno e perfeito. Desse modo, <strong><em>\u201co Senhor estar no Seu Santo Templo\u201d<\/em><\/strong> significa VOC\u00ca ESTAR IDENTIFICADO COM O CRISTO QUE \u00c9 DEUS SENDO VOC\u00ca, VENDO-SE DOTADO DE UM PERFEITO E ETERNO \u201cCORPO DE LUZ\u201d!<\/span><\/h2>\n<h2 style=\"text-align: center;\"><span style=\"color: #151585;\">Que significa <strong><em>\u201ccalar-se diante dele toda a terra\u201d?<\/em><\/strong> Significa TIRARMOS A VOZ DA ILUS\u00c3O MATERIAL! ATRIBUIRMOS A DEUS TODA\u00a0 PRESEN\u00c7A, TODO\u00a0 PODER, TUDO QUE SE REFIRA AO SER DIVINO QUE AGORA\u00a0 SOMOS!<\/span><\/h2>\n<h2 style=\"text-align: center;\"><span style=\"color: #151585;\">Na Metaf\u00edsica, a IRREALIDADE DA MAT\u00c9RIA \u00e9 axioma fundamental! A humanidade \u201cvive em Deus\u201d mas, sob um \u201chipnotismo de massa\u201d, cr\u00ea \u201cviver na mat\u00e9ria\u201d. Esta cita\u00e7\u00e3o de <em>Habacuque<\/em> revela os \u201cdois lados\u201d da moeda da Verdade: <em><strong>DEUS \u00c9 TUDO; MAT\u00c9RIA \u00c9 NADA!<\/strong><\/em><\/span><\/h2>\n<h2 style=\"text-align: center;\"><span style=\"color: #151585;\">Como DEUS N\u00c3O MUDA, as \u201cAPAR\u00caNCIAS\u201d que se mostram mut\u00e1veis s\u00e3o TODAS ilus\u00f3rias!<\/span><\/h2>\n<h2 style=\"text-align: center;\"><span style=\"color: #151585;\">H\u00e1 tempos, vi pela TV uma senhora se queixando, por ter comprado uma \u00a0geladeira que n\u00e3o degelava. Estava com ela aberta, usando um secador de cabelo direcionado ao congelador lotado de gelo para derret\u00ea-lo. A princ\u00edpio,\u00a0 formato do congelador sequer podia ser observado, tal a quantidade de gelo grudado em suas paredes. Com o secador direcionado ao gelo, pouco a pouco as \u201cformas do congelador\u201d vieram aparecendo, at\u00e9 que, ocorrendo o degelo, ele p\u00f4de ser <em>\u201cvisto como sempre estivera sendo\u201d,<\/em> ou seja, mesmo com o \u201cgelo grudado\u201d, seu REAL ASPECTO se conservara INC\u00d3LUME! O degelo em nada o alterou! O gelo que nele se formara, idem! Em nada o alterou! Jamais estivera sendo \u201cparte dele\u201d!<\/span><\/h2>\n<h2 style=\"text-align: center;\"><span style=\"color: #151585;\">Contemple a Verdade com o entendimento de que DEUS \u00c9 DEUS COMO O CRISTO QUE VOC\u00ca \u00c9! O SEU CORPO \u00c9 UNICAMENTE O &#8220;SANTO TEMPLO DE DEUS&#8221;, AQUI E AGORA! VEJA \u201cCALADA\u201d TODA A ILUS\u00d3RIA \u201cCREN\u00c7A MATERIAL\u201d! SEPARE-A DE SEU SER, E CONSTATAR\u00c1 O \u201cDEGELO\u201d, AS \u201cCREN\u00c7AS INSUBSTANCIAIS SE DERRETENDO\u201d, FICANDO UNICAMENTE O QUE \u00c9 REAL: <strong><em>O QUE DEUS \u00c9! O QUE VOC\u00ca, COMO CRISTO, \u00c9!<\/em><\/strong><\/span><\/h2>\n<h2 style=\"text-align: center;\"><span style=\"color: #151585;\"><strong><em>*<\/em><\/strong><\/span><\/h2>\n","protected":false},"excerpt":{"rendered":"<p>&#8220;Mas o Senhor est\u00e1 no seu santo templo; cale-se diante dele toda a terra&#8221;. \u00a0\u00a0\u00a0\u00a0\u00a0\u00a0\u00a0\u00a0\u00a0\u00a0\u00a0\u00a0 Habacuque 2: 20\u00a0\u00a0\u00a0\u00a0\u00a0\u00a0\u00a0\u00a0\u00a0\u00a0\u00a0\u00a0\u00a0\u00a0\u00a0\u00a0\u00a0\u00a0 O conhecimento da Verdade leva-nos a fazer n\u00edtida percep\u00e7\u00e3o do que \u00e9 REAL e do que \u00e9 ILUS\u00c3O. Isto pelo seguinte motivo: O QUE \u00c9 REAL \u00c9 PERFEI\u00c7\u00c3O IMUT\u00c1VEL, enquanto O QUE \u00c9 ILUS\u00c3O \u00e9 uma FALSA &hellip; <\/p>\n<p class=\"link-more\"><a href=\"https:\/\/www.fachodeluz.blog.br\/wp\/2016\/11\/04\/cale-se-toda-a-terra-2\/\" class=\"more-link\">Leia mais<span class=\"screen-reader-text\"> &#8220;&#8220;Cale-se Toda A Terra!&#8221;&#8221;<\/span><\/a><\/p>\n","protected":false},"author":2,"featured_media":0,"comment_status":"open","ping_status":"closed","sticky":false,"template":"","format":"standard","meta":{"nf_dc_page":"","_crdt_document":"","footnotes":""},"categories":[10],"tags":[],"class_list":["post-19249","post","type-post","status-publish","format-standard","hentry","category-darcio-dezolt"],"featured_media_urls":[],"_links":{"self":[{"href":"https:\/\/www.fachodeluz.blog.br\/wp\/wp-json\/wp\/v2\/posts\/19249","targetHints":{"allow":["GET"]}}],"collection":[{"href":"https:\/\/www.fachodeluz.blog.br\/wp\/wp-json\/wp\/v2\/posts"}],"about":[{"href":"https:\/\/www.fachodeluz.blog.br\/wp\/wp-json\/wp\/v2\/types\/post"}],"author":[{"embeddable":true,"href":"https:\/\/www.fachodeluz.blog.br\/wp\/wp-json\/wp\/v2\/users\/2"}],"replies":[{"embeddable":true,"href":"https:\/\/www.fachodeluz.blog.br\/wp\/wp-json\/wp\/v2\/comments?post=19249"}],"version-history":[{"count":0,"href":"https:\/\/www.fachodeluz.blog.br\/wp\/wp-json\/wp\/v2\/posts\/19249\/revisions"}],"wp:attachment":[{"href":"https:\/\/www.fachodeluz.blog.br\/wp\/wp-json\/wp\/v2\/media?parent=19249"}],"wp:term":[{"taxonomy":"category","embeddable":true,"href":"https:\/\/www.fachodeluz.blog.br\/wp\/wp-json\/wp\/v2\/categories?post=19249"},{"taxonomy":"post_tag","embeddable":true,"href":"https:\/\/www.fachodeluz.blog.br\/wp\/wp-json\/wp\/v2\/tags?post=19249"}],"curies":[{"name":"wp","href":"https:\/\/api.w.org\/{rel}","templated":true}]}}