{"id":19304,"date":"2016-11-16T11:56:08","date_gmt":"2016-11-16T13:56:08","guid":{"rendered":"http:\/\/fachodeluz.blog.br\/wp\/?p=19304"},"modified":"2016-11-16T12:24:53","modified_gmt":"2016-11-16T14:24:53","slug":"os-reais-irmaos-de-cristo","status":"publish","type":"post","link":"https:\/\/www.fachodeluz.blog.br\/wp\/2016\/11\/16\/os-reais-irmaos-de-cristo\/","title":{"rendered":"Os Reais Irm\u00e3os De Cristo!"},"content":{"rendered":"<h2 style=\"text-align: center;\"><span style=\"color: #993300;\"><a href=\"https:\/\/i0.wp.com\/fachodeluz.blog.br\/wp\/wp-content\/uploads\/2016\/11\/irmaos1.gif\"><img data-recalc-dims=\"1\" loading=\"lazy\" decoding=\"async\" loading=\"lazy\" class=\"aligncenter size-full wp-image-19307\" src=\"https:\/\/i0.wp.com\/fachodeluz.blog.br\/wp\/wp-content\/uploads\/2016\/11\/irmaos1.gif?resize=445%2C606\" alt=\"irmaos1\" width=\"445\" height=\"606\" \/><\/a><\/span><\/h2>\n<h2 style=\"text-align: center;\"><span style=\"color: #993300;\">Ao pregar o Reino de Deus, Jesus n\u00e3o nos via fora dele nem tampouco acreditava em \u201coutro mundo\u201d, supostamente \u201cvisto\u201d pela humanidade iludida por um \u201chipnotismo de massa\u201d!<strong><em> \u201cVosso Pai se agradou em DAR-VOS O SEU REINO\u201d,<\/em> <\/strong>disse Jesus.<\/span><\/h2>\n<h2 style=\"text-align: center;\"><span style=\"color: #993300;\">Quando este \u201cpresente\u201d nos teria sido dado? NUNCA!\u00a0 Jesus apenas usou um linguajar \u201cabafa hipnotismo\u201d! JAMAIS ESTIVEMOS NO \u201cSONHO HIPN\u00d3TICO\u201d de Ad\u00e3o! Por\u00e9m, vendo a humanidade \u201csonhando\u201d, alheia ao FATO ETERNO\u00a0 de \u201ctermos unicamente o Reino de Deus\u201d, Jesus a ela se referiu dizendo que \u201cganhamos o Reino de Deus\u201d.<\/span><\/h2>\n<h2 style=\"text-align: center;\"><span style=\"color: #993300;\"><strong><em>DEUS \u00c9 TUDO!\u201d<\/em> <\/strong>N\u00c3O PODE RECONHECER A \u201cOUTROS\u201d PARA RECEBEREM SEU REINO, QUE \u00c9 ONIPRESENTE! Em vista disso, Paulo declarou: <strong><em>\u201cEM DEUS VIVEMOS, NOS MOVEMOS E EXISTIMOS\u201d.<\/em><\/strong><\/span><\/h2>\n<h2 style=\"text-align: center;\"><span style=\"color: #993300;\">Aos \u201csonhadores incr\u00e9dulos\u201d, a vida continua sendo material e vivida segundo la\u00e7os sangu\u00edneos e familiares. A tais, importa o pr\u00f3prio bem-estar e o de seus entes queridos mais pr\u00f3ximos! Quando os disc\u00edpulos anunciaram a Jesus a chegada de sua m\u00e3e e de seus irm\u00e3os, sua resposta foi: <strong><em>\u201cQuem s\u00e3o? Minha m\u00e3e e meus irm\u00e3os s\u00e3o aqueles que fazem a Vontade de meu Pai\u201d.<\/em><\/strong><\/span><\/h2>\n<h2 style=\"text-align: center;\"><span style=\"color: #993300;\">Uma vez mais, sem ser entendido at\u00e9 hoje, falava da Realidade Absoluta em que todos somos\u00a0 IRM\u00c3OS EM CRISTO, sem ego, sem nascimentos e mortes, e expressando a Vontade da Mente \u00daNICA, em total e imut\u00e1vel harmonia divina!<\/span><\/h2>\n<h2 style=\"text-align: center;\"><span style=\"color: #993300;\">O que Jesus disse, e o que \u201centenderam\u201d de suas falas, pouca coisa tem em comum! Somente ser\u00e1 realmente compreendido quando a humanidade abdicar-se do \u201csonho de Ad\u00e3o\u201d, pelo admitir radical de que O REINO DE DEUS \u00c9 TUDO, E QUE \u00c9 ONDE TODOS VIVEMOS, AQUI E AGORA! O MUNDO MATERIAL\u00a0 \u00c9 <em><strong>ILUS\u00c3O!<\/strong><\/em><br \/>\n<\/span><\/h2>\n<h2 style=\"text-align: center;\"><span style=\"color: #993300;\">O ensinamento absoluto parte do REFERENCIAL DE DEUS. Isto significa que partimos da aceita\u00e7\u00e3o incondicional de que \u201cTEMOS A MENTE DE CRISTO\u201d para discernirmos\u00a0 tanto nossa eterna UNIDADE COM DEUS como O QUE DEUS FAZ, <strong><em>INCLUSIVE SENDO O CRISTO QUE SOMOS!<\/em><\/strong><\/span><\/h2>\n<h2 style=\"text-align: center;\"><span style=\"color: #993300;\">\u201cFazer a Vontade do Pai\u201d \u00e9 simplesmente reconhecermos que O PAI \u00c9 QUEM SE REVELA COMO O CRISTO QUE SOMOS! Este reconhecimento revela o sentido da resposta de Jesus, ou seja, \u201cfazemos a Vontade do Pai quando o Pai \u00e9 entendido sendo o FILHO QUE SOMOS! \u00c9 neste \u201centendimento absoluto\u201d que somos <strong><em>\u201cirm\u00e3os de Jesus\u201d!<\/em><\/strong><\/span><\/h2>\n<h2 style=\"text-align: center;\"><span style=\"color: #993300;\">N\u00e3o h\u00e1 \u201cirm\u00e3os maiores\u201d nem \u201cirm\u00e3os menores\u201d de Jesus em parte alguma. H\u00e1 ensinamentos que professam estas CREN\u00c7AS, por n\u00e3o saberem que UNICAMENTE O REFERENCIAL DIVINO DE EXIST\u00caNCIA \u00c9 REALIDADE! Este desconhecimento \u00e9 a ILUS\u00c3O!<\/span><\/h2>\n<h2 style=\"text-align: center;\"><span style=\"color: #993300;\">Assim disse Paulo: <strong><em>\u201cQue, quanto ao trato passado, vos despojeis do velho homem, que se corrompe pelas concupisc\u00eancias do engano, e vos renoveis do esp\u00edrito do vosso sentido. E vos revistais do NOVO HOMEM, que segundo Deus, \u00e9 criado em verdadeira justi\u00e7a e santidade\u201d<\/em><\/strong> (Ef\u00e9sios, 4: 22-24).<\/span><\/h2>\n<h2 style=\"text-align: center;\"><span style=\"color: #993300;\">Fa\u00e7a suas \u201ccontempla\u00e7\u00f5es absolutas\u201d partindo de sua exist\u00eancia sendo <strong><em>O CRISTO NO REINO DE DEUS!<\/em><\/strong> Reconhe\u00e7a que todos somos AGORA &#8220;irm\u00e3os em Cristo&#8221;, por estarmos, TODOS N\u00d3S,\u00a0 com a mesma Mente e Vontade do Pai, integrando a perfeita <strong><em>Onia\u00e7\u00e3o!<\/em><\/strong><\/span><\/h2>\n<h2 style=\"text-align: center;\"><span style=\"color: #993300;\">*<\/span><\/h2>\n<p>&nbsp;<\/p>\n","protected":false},"excerpt":{"rendered":"<p>Ao pregar o Reino de Deus, Jesus n\u00e3o nos via fora dele nem tampouco acreditava em \u201coutro mundo\u201d, supostamente \u201cvisto\u201d pela humanidade iludida por um \u201chipnotismo de massa\u201d! \u201cVosso Pai se agradou em DAR-VOS O SEU REINO\u201d, disse Jesus. Quando este \u201cpresente\u201d nos teria sido dado? NUNCA!\u00a0 Jesus apenas usou um linguajar \u201cabafa hipnotismo\u201d! JAMAIS &hellip; <\/p>\n<p class=\"link-more\"><a href=\"https:\/\/www.fachodeluz.blog.br\/wp\/2016\/11\/16\/os-reais-irmaos-de-cristo\/\" class=\"more-link\">Leia mais<span class=\"screen-reader-text\"> &#8220;Os Reais Irm\u00e3os De Cristo!&#8221;<\/span><\/a><\/p>\n","protected":false},"author":2,"featured_media":0,"comment_status":"open","ping_status":"closed","sticky":false,"template":"","format":"standard","meta":{"nf_dc_page":"","_crdt_document":"","footnotes":""},"categories":[10],"tags":[],"class_list":["post-19304","post","type-post","status-publish","format-standard","hentry","category-darcio-dezolt"],"featured_media_urls":[],"_links":{"self":[{"href":"https:\/\/www.fachodeluz.blog.br\/wp\/wp-json\/wp\/v2\/posts\/19304","targetHints":{"allow":["GET"]}}],"collection":[{"href":"https:\/\/www.fachodeluz.blog.br\/wp\/wp-json\/wp\/v2\/posts"}],"about":[{"href":"https:\/\/www.fachodeluz.blog.br\/wp\/wp-json\/wp\/v2\/types\/post"}],"author":[{"embeddable":true,"href":"https:\/\/www.fachodeluz.blog.br\/wp\/wp-json\/wp\/v2\/users\/2"}],"replies":[{"embeddable":true,"href":"https:\/\/www.fachodeluz.blog.br\/wp\/wp-json\/wp\/v2\/comments?post=19304"}],"version-history":[{"count":0,"href":"https:\/\/www.fachodeluz.blog.br\/wp\/wp-json\/wp\/v2\/posts\/19304\/revisions"}],"wp:attachment":[{"href":"https:\/\/www.fachodeluz.blog.br\/wp\/wp-json\/wp\/v2\/media?parent=19304"}],"wp:term":[{"taxonomy":"category","embeddable":true,"href":"https:\/\/www.fachodeluz.blog.br\/wp\/wp-json\/wp\/v2\/categories?post=19304"},{"taxonomy":"post_tag","embeddable":true,"href":"https:\/\/www.fachodeluz.blog.br\/wp\/wp-json\/wp\/v2\/tags?post=19304"}],"curies":[{"name":"wp","href":"https:\/\/api.w.org\/{rel}","templated":true}]}}