{"id":19378,"date":"2016-12-02T10:24:57","date_gmt":"2016-12-02T12:24:57","guid":{"rendered":"http:\/\/fachodeluz.blog.br\/wp\/?p=19378"},"modified":"2016-12-02T10:24:57","modified_gmt":"2016-12-02T12:24:57","slug":"mente-humana-a-ilusao-aparecendo-como","status":"publish","type":"post","link":"https:\/\/www.fachodeluz.blog.br\/wp\/2016\/12\/02\/mente-humana-a-ilusao-aparecendo-como\/","title":{"rendered":"Mente Humana: A Ilus\u00e3o Aparecendo Como &#8230;"},"content":{"rendered":"<p style=\"text-align: center;\"><span style=\"color: #a86c4d;\"><a style=\"color: #a86c4d;\" href=\"https:\/\/i0.wp.com\/fachodeluz.blog.br\/wp\/wp-content\/uploads\/2016\/12\/mentehumana1.gif\"><img data-recalc-dims=\"1\" loading=\"lazy\" decoding=\"async\" loading=\"lazy\" class=\"aligncenter size-full wp-image-19379\" src=\"https:\/\/i0.wp.com\/fachodeluz.blog.br\/wp\/wp-content\/uploads\/2016\/12\/mentehumana1.gif?resize=455%2C462\" alt=\"mentehumana1\" width=\"455\" height=\"462\" \/><\/a><\/span><\/p>\n<h2 style=\"text-align: center;\"><span style=\"color: #a86c4d;\">Se perguntarmos a algu\u00e9m: <em>\u201cOs seus pensamentos \u00a0s\u00e3o os pensamentos de Deus?\u201d, talvez ele nos dissesse: \u201cDeveriam ser, gostaria que fossem,\u00a0 mas&#8230;\u201d.<\/em> \u00a0E se lhe fiz\u00e9ssemos uma segunda pergunta: <em>\u201cVoc\u00ea acredita que a Mente de Deus \u00e9 Onipresente, que \u00e9 \u00fanica, e que est\u00e1 em todos n\u00f3s?\u201d,<\/em> caso ele respondesse que sim, a sua primeira resposta ficaria sem sentido!<\/span><\/h2>\n<h2 style=\"text-align: center;\"><span style=\"color: #a86c4d;\">N\u00e3o existe Verdade na<strong><em> ilus\u00e3o,<\/em><\/strong> e n\u00e3o existe <strong><em>ilus\u00e3o<\/em><\/strong> na Verdade! O <em>Antigo Testamento<\/em> assim declara ao mundo: <em><strong>&#8220;Porque os meus pensamentos n\u00e3o s\u00e3o os vossos pensamentos, nem os vossos caminhos, os meus caminhos, diz o SENHOR, porque, assim como os c\u00e9us s\u00e3o mais altos do que a terra, assim s\u00e3o os meus caminhos mais altos do que os vossos caminhos, e os meus pensamentos, mais altos do que os vossos pensamentos\u201d ( Isa\u00edas 55:8-9). <\/strong><\/em><\/span><\/h2>\n<h2 style=\"text-align: center;\"><span style=\"color: #a86c4d;\">Isa\u00edas, nesta prega\u00e7\u00e3o dualista, identificou a humanidade com a \u201cmente carnal\u201d, objetivando atra\u00ed-la aos \u201cpensamentos de Deus\u201d e aos \u201ccaminhos de Deus\u201d. N\u00e3o via condi\u00e7\u00f5es, em sua \u00e9poca, de ser direto e de fazer prega\u00e7\u00f5es absolutas!<em><br \/>\n<\/em><\/span><\/h2>\n<h2 style=\"text-align: center;\"><span style=\"color: #a86c4d;\">Com a vinda de Jesus, o ensinamento absoluto foi passado \u00e0 humanidade:<em> \u201cSois a Luz do mundo\u201d, \u201cTendes a Mente de Cristo\u201d, <\/em>revela\u00e7\u00f5es que faziam a identifica\u00e7\u00e3o de todos com Deus e n\u00e3o mais com a <strong>ilus\u00f3ria<\/strong> <em>\u201cmente carnal\u201d!<\/em><\/span><\/h2>\n<h2 style=\"text-align: center;\"><span style=\"color: #a86c4d;\"><em>Todos os supostos \u201cproblemas do mundo\u201d se devem \u00e0 falsa ou err\u00f4nea identifica\u00e7\u00e3o com esta \u201cmente ilus\u00f3ria\u201d. Na verdade, N\u00c3O EXISTE MENTE HUMANA! \u00c9 A <strong>ILUS\u00c3O<\/strong> APARECENDO COMO PENSAMENTOS ILUS\u00d3RIOS &#8211; DESTOANTES DA VERDADE!<\/em><\/span><\/h2>\n<h2 style=\"text-align: center;\"><span style=\"color: #a86c4d;\"> O enfoque absoluto leva em conta unicamente a Exist\u00eancia espiritual de perfei\u00e7\u00e3o permanente, explicando enfaticamente\u00a0 que todos &#8220;temos a Mente\u00a0 de Cristo&#8221;, id\u00eantica \u00e0 de Jesus. N\u00e3o apenas a temos, mas, \u00e9 a \u00daNICA que temos, uma vez que <strong><em>a Mente divina \u00e9 onipresente, \u00e9 \u00fanica, e \u00e9 a Mente comum a\u00a0 n\u00f3s todos!<\/em><\/strong><\/span><\/h2>\n<h2 style=\"text-align: center;\"><span style=\"color: #a86c4d;\">A frase de Isa\u00edas \u00e9 corrigida para ser amoldada \u00e0 Verdade Absoluta, ou seja,<em> \u201cos pensamentos de Deus s\u00e3o os meus pensamentos\u201d, e \u201cos caminhos de Deus s\u00e3o os meus caminhos\u201d.<\/em><\/span><\/h2>\n<h2 style=\"text-align: center;\"><span style=\"color: #a86c4d;\">Com a Ci\u00eancia Mental, negamos que<em> \u201ctemos ou que exista mente em ilus\u00e3o\u201d, <\/em>enquanto afirmamos a Verdade de que<em> \u201ctemos a Mente de Cristo\u201d. E nas \u201ccontempla\u00e7\u00f5es absolutas\u201d, reconhecemos os \u201cpensamentos do mundo<\/em><em>\u201d <strong>n\u00e3o como os \u201cnossos\u201d,<\/strong> mas, como <strong>\u201csugest\u00f5es hipn\u00f3ticas\u201d,<\/strong> como <strong>\u201cpensamentos irreais\u201d,<\/strong> frutos de uma <strong>\u201cmente que n\u00e3o \u00e9 mente\u201d,<\/strong> <\/em>uma vez que<em> DEUS E OS PENSAMENTOS DE DEUS S\u00c3O \u00daNICOS!<\/em><\/span><\/h2>\n<h2 style=\"text-align: center;\"><span style=\"color: #a86c4d;\">Fa\u00e7a da <em>\u201cPr\u00e1tica do Sil\u00eancio\u201d<\/em> o momento dedicado a reconhecer, de fato,\u00a0 que <strong><em>\u201ctodos os pensamentos do mundo s\u00e3o nadas&#8221;,<\/em><\/strong> enquanto <strong><em>a Mente de Deus e os pensamentos de Deus s\u00e3o a sua Mente e os seus pensamentos!<\/em> <\/strong><\/span><\/h2>\n<h2 style=\"text-align: center;\"><span style=\"color: #a86c4d;\">\u00c9 desse modo que as revela\u00e7\u00f5es absolutas nos libertam: quando vivemos <em>IDENTIFICADOS<\/em> com elas! <\/span><\/h2>\n<h2 style=\"text-align: center;\"><span style=\"color: #a86c4d;\">*<\/span><\/h2>\n","protected":false},"excerpt":{"rendered":"<p>Se perguntarmos a algu\u00e9m: \u201cOs seus pensamentos \u00a0s\u00e3o os pensamentos de Deus?\u201d, talvez ele nos dissesse: \u201cDeveriam ser, gostaria que fossem,\u00a0 mas&#8230;\u201d. \u00a0E se lhe fiz\u00e9ssemos uma segunda pergunta: \u201cVoc\u00ea acredita que a Mente de Deus \u00e9 Onipresente, que \u00e9 \u00fanica, e que est\u00e1 em todos n\u00f3s?\u201d, caso ele respondesse que sim, a sua primeira &hellip; <\/p>\n<p class=\"link-more\"><a href=\"https:\/\/www.fachodeluz.blog.br\/wp\/2016\/12\/02\/mente-humana-a-ilusao-aparecendo-como\/\" class=\"more-link\">Leia mais<span class=\"screen-reader-text\"> &#8220;Mente Humana: A Ilus\u00e3o Aparecendo Como &#8230;&#8221;<\/span><\/a><\/p>\n","protected":false},"author":2,"featured_media":0,"comment_status":"open","ping_status":"closed","sticky":false,"template":"","format":"standard","meta":{"nf_dc_page":"","_crdt_document":"","footnotes":""},"categories":[10],"tags":[],"class_list":["post-19378","post","type-post","status-publish","format-standard","hentry","category-darcio-dezolt"],"featured_media_urls":[],"_links":{"self":[{"href":"https:\/\/www.fachodeluz.blog.br\/wp\/wp-json\/wp\/v2\/posts\/19378","targetHints":{"allow":["GET"]}}],"collection":[{"href":"https:\/\/www.fachodeluz.blog.br\/wp\/wp-json\/wp\/v2\/posts"}],"about":[{"href":"https:\/\/www.fachodeluz.blog.br\/wp\/wp-json\/wp\/v2\/types\/post"}],"author":[{"embeddable":true,"href":"https:\/\/www.fachodeluz.blog.br\/wp\/wp-json\/wp\/v2\/users\/2"}],"replies":[{"embeddable":true,"href":"https:\/\/www.fachodeluz.blog.br\/wp\/wp-json\/wp\/v2\/comments?post=19378"}],"version-history":[{"count":0,"href":"https:\/\/www.fachodeluz.blog.br\/wp\/wp-json\/wp\/v2\/posts\/19378\/revisions"}],"wp:attachment":[{"href":"https:\/\/www.fachodeluz.blog.br\/wp\/wp-json\/wp\/v2\/media?parent=19378"}],"wp:term":[{"taxonomy":"category","embeddable":true,"href":"https:\/\/www.fachodeluz.blog.br\/wp\/wp-json\/wp\/v2\/categories?post=19378"},{"taxonomy":"post_tag","embeddable":true,"href":"https:\/\/www.fachodeluz.blog.br\/wp\/wp-json\/wp\/v2\/tags?post=19378"}],"curies":[{"name":"wp","href":"https:\/\/api.w.org\/{rel}","templated":true}]}}