{"id":19530,"date":"2016-12-28T12:20:30","date_gmt":"2016-12-28T14:20:30","guid":{"rendered":"http:\/\/fachodeluz.blog.br\/wp\/?p=19530"},"modified":"2016-12-28T12:48:44","modified_gmt":"2016-12-28T14:48:44","slug":"somente-deus-e-feliz-somente-em-deus-voce-e-feliz","status":"publish","type":"post","link":"https:\/\/www.fachodeluz.blog.br\/wp\/2016\/12\/28\/somente-deus-e-feliz-somente-em-deus-voce-e-feliz\/","title":{"rendered":"Somente Deus \u00c9 Feliz; Somente Em Deus Voc\u00ea \u00e9 Feliz!"},"content":{"rendered":"<h2 style=\"text-align: center;\"><span style=\"color: #800000;\"><a style=\"color: #800000;\" href=\"https:\/\/i0.wp.com\/fachodeluz.blog.br\/wp\/wp-content\/uploads\/2016\/12\/feliz.gif\"><img data-recalc-dims=\"1\" loading=\"lazy\" decoding=\"async\" loading=\"lazy\" class=\"aligncenter size-full wp-image-19531\" src=\"https:\/\/i0.wp.com\/fachodeluz.blog.br\/wp\/wp-content\/uploads\/2016\/12\/feliz.gif?resize=455%2C341\" alt=\"feliz\" width=\"455\" height=\"341\" \/><\/a><\/span><\/h2>\n<h2 style=\"text-align: center;\"><span style=\"color: #800000;\">O apego \u00e0s \u201capar\u00eancias\u201d, e \u00e0s supostas atividades que nos s\u00e3o mostradas como\u00a0 sendo de \u201cnossa responsabilidade\u201d, somente se esvai quando tomamos a firme resolu\u00e7\u00e3o de nos mantermos convictos da VERDADE de que vivemos, REALMENTE, num Universo consumado, em que TUDO EST\u00c1 FEITO! Sem esta determina\u00e7\u00e3o, facilmente veremos nossa aten\u00e7\u00e3o \u201cescorregar&#8221; para a aceita\u00e7\u00e3o err\u00f4nea de que \u201cas apar\u00eancias\u201d\u00a0 sejam fatos verdadeiros, e n\u00e3o as puras \u201cmiragens em muta\u00e7\u00e3o\u201d, j\u00e1 denunciadas como <em>ILUS\u00c3O<\/em> ou como um <em>\u201cMUNDO DO PAI DA MENTIRA&#8221;!<\/em><\/span><\/h2>\n<h2 style=\"text-align: center;\"><span style=\"color: #800000;\"><strong><em>\u201cBom s\u00f3 h\u00e1 um, que \u00e9 DEUS\u201d<\/em><\/strong> \u2013 disse Jesus. Podemos extrapolar esta Verdade, dizendo: <strong><em>\u201cFeliz s\u00f3 h\u00e1 um, que \u00e9 Deus\u201d.<\/em><\/strong> Por qu\u00ea? Para jamais crermos em \u201calgu\u00e9m feliz\u201d acreditando ser \u201calgu\u00e9m deste mundo\u201d! Para jamais colocarmos nossa felicidade em algo ou algu\u00e9m &#8220;existente&#8221; em puros \u201cefeitos hipn\u00f3ticos\u201d, ou \u201cmiragens\u201d! <\/span><\/h2>\n<h2 style=\"text-align: center;\"><span style=\"color: #800000;\"><strong><em>\u201cAquele que permanecer em MIM, dar\u00e1 frutos\u201d,<\/em> <\/strong>disse Jesus! Esta \u00e9 a FELICIDADE PERMANENTE de todo Filho de Deus.<\/span><\/h2>\n<h2 style=\"text-align: center;\"><span style=\"color: #800000;\">A \u201cPLENA FELICIDADE\u201d \u00e9 o FATO VIVENCIADO POR DEUS, QUANDO ENTENDIDO, RECONHECIDO E CONTEMPLADO COMO <strong><em>SENDO O FILHO QUE SOMOS!<\/em> <\/strong>Esta PLENITUDE INDIVIDUAL \u00e9 a que foi reconhecida por Jesus, em sua ora\u00e7\u00e3o absoluta: <strong><em>\u201cPai, TUDO que \u00e9 MEU \u00e9 TEU, E TUDO que \u00e9 TEU \u00e9 MEU\u201d, e nisto sou glorificado!\u201d. <\/em><\/strong><\/span><\/h2>\n<h2 style=\"text-align: center;\"><span style=\"color: #800000;\">Viver nesta <strong><em>Plenitude Consumada<\/em><\/strong> \u00e9 a FELICIDADE! Entretanto, a humanidade a busca na ilus\u00f3ria \u201cmat\u00e9ria\u201d, onde vive o \u201cSONHO DE AD\u00c3O\u201d, e onde coleciona supostas decep\u00e7\u00f5es, frustra\u00e7\u00f5es, trai\u00e7\u00f5es, desilus\u00f5es e desenganos!<\/span><\/h2>\n<h2 style=\"text-align: center;\"><span style=\"color: #800000;\">Pode algu\u00e9m se considerar rico ou pobre, pode achar que \u201ctendo muito dinheiro\u201d poder\u00e1 ser feliz; tudo isso \u00e9 <strong><em>ILUS\u00c3O!<\/em><\/strong> VOC\u00ca SOMENTE CONHECER\u00c1 A FELICIDADE ABSOLUTA QUANDO ADMITIR E VIVENCIAR A VERDADE DE QUE VOC\u00ca \u00c9 <strong><em>UNICAMENTE DEUS SE EXPRESSANDO,<\/em><\/strong> E MAIS NADA NEM NINGU\u00c9M!<\/span><\/h2>\n<h2 style=\"text-align: center;\"><span style=\"color: #800000;\">Jesus deixou tudo claro e devidamente estabelecido: <strong><em>\u201cN\u00e3o podeis servir a dois senhores!\u201d.<\/em><\/strong> Muitos se satisfazem com ensinamentos dualistas, que neles perpetuam\u00a0 a CREN\u00c7A de que s\u00e3o \u201cseres nascidos em mundo terreno\u201d! N\u00c3O H\u00c1 MAIOR ENGANA\u00c7\u00c3O! Vivem acreditando na &#8220;SEQU\u00caNCIA HIPN\u00d3TICA\u201d exibida como \u201cacontecimentos\u201d pela ilus\u00f3ria \u201cmente carnal\u201d, e, invariavelmente, se deparam com \u201csurpresas desagrad\u00e1veis\u201d, \u00a0que muitas vezes os levam a &#8220;culpar algu\u00e9m&#8221; e mesmo a \u201cculpar Deus\u201d por elas. O \u201cmundo do pai da mentira\u201d \u00e9 visto como VERDADE, enquanto a VERDADE sequer \u00e9 lembrada ou vista!<\/span><\/h2>\n<h2 style=\"text-align: center;\"><span style=\"color: #800000;\">FELIZ E PLENO S\u00d3 H\u00c1 UM, QUE \u00c9 DEUS! ISTO PORQUE <em>SOMENTE DEUS \u00c9 REALIDADE!<\/em> VOC\u00ca, COMO CRISTO, \u00c9 DEUS, \u00c9 FELIZ E \u00c9 PLENO! SUA FELICIDADE \u00c9 PERMANENTE COMO PERMANENTE \u00c9 DEUS &#8211; E\u00a0 TODAS AS SUAS OBRAS! <\/span><\/h2>\n<h2 style=\"text-align: center;\"><span style=\"color: #800000;\">MEDITE E CONTEMPLE SUA UNIDADE COM DEUS! RECONHE\u00c7A QUE \u201cTUDO QUE \u00c9 SEU, \u00c9 DE DEUS, E VICE-VERSA! COM ISTO, DEIXE DE DAR CR\u00c9DITO A PURAS \u201cAPAR\u00caNCIAS HIPN\u00d3TICAS\u201d! ASSIM, JAMAIS \u201cCULPAR\u00c1 A DEUS\u201d DE ALGUMA COISA! E JAMAIS CULPAR\u00c1 ALGU\u00c9M POR APARENTES M\u00c1GOAS, RESSENTIMENTOS E DEMAIS SENSA\u00c7\u00d5ES DA ILUS\u00c3O! VIVER\u00c1 UNO COM O <strong><em>CONSUMADO E PERFEITO REINO DA VERDADE,<\/em><\/strong>\u00a0 DESFRUTANDO DA \u201cVIDA COM ABUND\u00c2NCIA\u201d, <strong><em>QUE DEUS \u00c9, SENDO VOC\u00ca! <\/em><\/strong><\/span><\/h2>\n<h2 style=\"text-align: center;\"><span style=\"color: #800000;\"><strong><em>*<br \/>\n<\/em><\/strong><\/span><\/h2>\n<p>&nbsp;<\/p>\n","protected":false},"excerpt":{"rendered":"<p>O apego \u00e0s \u201capar\u00eancias\u201d, e \u00e0s supostas atividades que nos s\u00e3o mostradas como\u00a0 sendo de \u201cnossa responsabilidade\u201d, somente se esvai quando tomamos a firme resolu\u00e7\u00e3o de nos mantermos convictos da VERDADE de que vivemos, REALMENTE, num Universo consumado, em que TUDO EST\u00c1 FEITO! Sem esta determina\u00e7\u00e3o, facilmente veremos nossa aten\u00e7\u00e3o \u201cescorregar&#8221; para a aceita\u00e7\u00e3o err\u00f4nea &hellip; <\/p>\n<p class=\"link-more\"><a href=\"https:\/\/www.fachodeluz.blog.br\/wp\/2016\/12\/28\/somente-deus-e-feliz-somente-em-deus-voce-e-feliz\/\" class=\"more-link\">Leia mais<span class=\"screen-reader-text\"> &#8220;Somente Deus \u00c9 Feliz; Somente Em Deus Voc\u00ea \u00e9 Feliz!&#8221;<\/span><\/a><\/p>\n","protected":false},"author":2,"featured_media":0,"comment_status":"open","ping_status":"closed","sticky":false,"template":"","format":"standard","meta":{"nf_dc_page":"","_crdt_document":"","footnotes":""},"categories":[10],"tags":[],"class_list":["post-19530","post","type-post","status-publish","format-standard","hentry","category-darcio-dezolt"],"featured_media_urls":[],"_links":{"self":[{"href":"https:\/\/www.fachodeluz.blog.br\/wp\/wp-json\/wp\/v2\/posts\/19530","targetHints":{"allow":["GET"]}}],"collection":[{"href":"https:\/\/www.fachodeluz.blog.br\/wp\/wp-json\/wp\/v2\/posts"}],"about":[{"href":"https:\/\/www.fachodeluz.blog.br\/wp\/wp-json\/wp\/v2\/types\/post"}],"author":[{"embeddable":true,"href":"https:\/\/www.fachodeluz.blog.br\/wp\/wp-json\/wp\/v2\/users\/2"}],"replies":[{"embeddable":true,"href":"https:\/\/www.fachodeluz.blog.br\/wp\/wp-json\/wp\/v2\/comments?post=19530"}],"version-history":[{"count":0,"href":"https:\/\/www.fachodeluz.blog.br\/wp\/wp-json\/wp\/v2\/posts\/19530\/revisions"}],"wp:attachment":[{"href":"https:\/\/www.fachodeluz.blog.br\/wp\/wp-json\/wp\/v2\/media?parent=19530"}],"wp:term":[{"taxonomy":"category","embeddable":true,"href":"https:\/\/www.fachodeluz.blog.br\/wp\/wp-json\/wp\/v2\/categories?post=19530"},{"taxonomy":"post_tag","embeddable":true,"href":"https:\/\/www.fachodeluz.blog.br\/wp\/wp-json\/wp\/v2\/tags?post=19530"}],"curies":[{"name":"wp","href":"https:\/\/api.w.org\/{rel}","templated":true}]}}