{"id":19610,"date":"2017-01-11T10:20:58","date_gmt":"2017-01-11T12:20:58","guid":{"rendered":"http:\/\/fachodeluz.blog.br\/wp\/?p=19610"},"modified":"2017-01-11T12:07:07","modified_gmt":"2017-01-11T14:07:07","slug":"unicamente-deus-e-realidade","status":"publish","type":"post","link":"https:\/\/www.fachodeluz.blog.br\/wp\/2017\/01\/11\/unicamente-deus-e-realidade\/","title":{"rendered":"Unicamente Deus \u00c9 Realidade!"},"content":{"rendered":"<h2 style=\"text-align: center;\"><span style=\"color: #274fc4;\"><a style=\"color: #274fc4;\" href=\"https:\/\/i0.wp.com\/fachodeluz.blog.br\/wp\/wp-content\/uploads\/2017\/01\/Transfiguration234.gif\"><img data-recalc-dims=\"1\" loading=\"lazy\" decoding=\"async\" loading=\"lazy\" class=\"aligncenter size-full wp-image-19611\" src=\"https:\/\/i0.wp.com\/fachodeluz.blog.br\/wp\/wp-content\/uploads\/2017\/01\/Transfiguration234.gif?resize=455%2C341\" alt=\"transfiguration234\" width=\"455\" height=\"341\" \/><\/a><\/span><\/h2>\n<h2 style=\"text-align: center;\"><span style=\"color: #274fc4;\">Quando a Verdade \u00e9 revelada &#8220;a algu\u00e9m&#8221; em medita\u00e7\u00e3o, o que ocorre n\u00e3o \u00e9 bem isto! A Verdade n\u00e3o se revela a ningu\u00e9m! Houve o sumi\u00e7o deste \u201calgu\u00e9m\u201d e, a Verdade \u00e9 aflorada <strong><em>como a real identidade<\/em> <\/strong>do Ser, assim como os raios do Sol \u201cafloram\u201d entre as nuvens, em dia nublado.<\/span><\/h2>\n<h2 style=\"text-align: center;\"><span style=\"color: #274fc4;\">N\u00e3o existe nenhum \u201calgu\u00e9m\u201d reconhecido pela Verdade, e que possa estar presente para \u201creceber revela\u00e7\u00e3o ou ilumina\u00e7\u00e3o\u201d. A Verdade \u00e9 TUDO! Um TUDO ILUMINADO E PERMANENTE! \u00c9 por esse motivo que Jesus disse que \u201csomos Luz do mundo\u201d, sem jamais aludir \u00e0 falsa vis\u00e3o de que \u201csomos aspirantes \u00e0 Ilumina\u00e7\u00e3o!<\/span><\/h2>\n<h2 style=\"text-align: center;\"><span style=\"color: #274fc4;\">Um festival de cren\u00e7as, mentiras e apar\u00eancias ilude a humanidade! Que significa esta \u201cilus\u00e3o\u201d? Significa ocultar a Cristicidade de todos os seres, induzindo-os a acreditar em \u201cmundo material\u201d e em \u201ccorpos f\u00edsicos nascidos\u201d!<\/span><\/h2>\n<h2 style=\"text-align: center;\"><span style=\"color: #274fc4;\"><em>\u201cO maior, dentre os nascidos de mulher, foi Jo\u00e3o Batista\u201d,<\/em> disse Jesus, e<em> \u201co menor do Reino dos C\u00e9us \u00e9 maior do que ele\u201d!<\/em> Quis dizer que aquele que percebe estar em Deus, e n\u00e3o na mat\u00e9ria, \u00e9 \u201cmaior do que Jo\u00e3o\u201d, que acreditava estar no mundo!<\/span><\/h2>\n<h2 style=\"text-align: center;\"><span style=\"color: #274fc4;\">O fato \u00e9 o seguinte: N\u00c3O EXISTE MUNDO MATERIAL NENHUM! DEUS \u00c9 TUDO, E \u00c9 ESP\u00cdRITO! TODOS SOMOS UNICAMENTE ESP\u00cdRITO, UNICAMENTE DEUS!<\/span><\/h2>\n<h2 style=\"text-align: center;\"><span style=\"color: #274fc4;\">O que se requer, \u00e9 a ruptura das \u00a0falsas cren\u00e7as pela aceita\u00e7\u00e3o da Verdade na forma de IDENTIFICA\u00c7\u00c3O COM ELA, e n\u00e3o apenas como \u201cteoria aceita\u201d. \u00c9 de suma import\u00e2ncia que sejam abolidas as cren\u00e7as de que \u201ca Verdade nos vai sendo incorporada lentamente&#8221;! O brilho dos raios solares foram sendo \u201caos poucos\u201d incorporado a eles, quando os enxergamos aflorar de entre as nuvens? Sabemos que n\u00e3o! Estavam em pleno fulgor permanentemente! <\/span><\/h2>\n<h2 style=\"text-align: center;\"><span style=\"color: #274fc4;\">A LUZ DIVINA QUE SOMOS JAMAIS SE ALTERA, JAMAIS PODE NOS SER ACRESCENTADA NEM TIRADA! O SUPOSTO \u201cALGU\u00c9M\u201d, QUE \u201cBUSCA ILUMINA\u00c7\u00c3O\u201d, \u00c9 QUE\u00a0 \u00c9 A <strong><em>ILUS\u00c3O<\/em><\/strong> DESTINADA A SUMIR!<\/span><\/h2>\n<h2 style=\"text-align: center;\"><span style=\"color: #274fc4;\">O sumi\u00e7o das nuvens n\u00e3o as deixa iluminadas! Elas somem, o dia nublado se mostra iluminado, e a claridade se faz presente!<\/span><\/h2>\n<h2 style=\"text-align: center;\"><span style=\"color: #274fc4;\">O que acaba de ser exposto explica o motivo pelo qual o enfoque absoluto parte de DEUS, LUZ ONIPRESENTE, COMO TUDO! Jamais parte de \u201calgu\u00e9m do mundo\u201d! O SER QUE SOMOS \u00c9 DEUS E JAMAIS \u201cALGU\u00c9M DO MUNDO\u201d! Esta Verdade foi dita com todas as letras por Jesus: <strong><em>\u201cV\u00d3S, DESTE MUNDO, N\u00c3O SOIS\u201d.<\/em><\/strong><\/span><\/h2>\n<h2 style=\"text-align: center;\"><span style=\"color: #274fc4;\"><em>UNICAMENTE DEUS \u00c9 REALIDADE! DEUS \u00c9 LUZ, SOMOS LUZ, E NOSSO CORPO \u00c9 TEMPLO DE DEUS, SUBST\u00c2NCIA ILUMINADA NA FORMA!<\/em><\/span><\/h2>\n<h2 style=\"text-align: center;\"><span style=\"color: #274fc4;\">A B\u00edblia relata a experi\u00eancia da \u201ctransfigura\u00e7\u00e3o de Jesus\u201d, vivenciada por tr\u00eas dos seus disc\u00edpulos! Que teria havido? O SUMI\u00c7O DE \u201cALGU\u00c9M&#8221; CHAMADO &#8220;JESUS NASCIDO DE MARIA\u201d, POR TEREM, SEUS DISC\u00cdPULOS, VISTO O CRISTO, A VERDADE, EM SEU CORPO DE LUZ! <\/span><\/h2>\n<h2 style=\"text-align: center;\"><span style=\"color: #274fc4;\">Esta passagem figura na B\u00edblia para qu\u00ea? PARA VOC\u00ca VER A SI PR\u00d3PRIO, DE IMEDIATO,\u00a0 \u201cTRANSFIGURADO\u201d, OU MELHOR, <strong><em>VER A SI PR\u00d3PRIO SENDO DEUS, SENDO O CRISTO, SENDO A LUZ DO ETERNO!<\/em><\/strong><\/span><\/h2>\n<h2 style=\"text-align: center;\"><span style=\"color: #274fc4;\">Teria de ocorrer ALGO com VOC\u00ca? N\u00c3O! ESTA VERDADE \u00c9 ETERNA E J\u00c1 EST\u00c1 MANIFESTADA! OCORRE APENAS A \u201cIDENTIFICA\u00c7\u00c3O&#8221; COM A MENTE REAL,\u00a0 A &#8220;MENTE DE CRISTO, APTA A REFUGAR A MENTE CARNAL POR VER UNICAMENTE A VERDADE! <em>E A VERDADE \u00c9 QUE DEUS, ESP\u00cdRITO, \u00c9 TUDO!<\/em><\/span><\/h2>\n<h2 style=\"text-align: center;\"><span style=\"color: #274fc4;\"> *<\/span><\/h2>\n","protected":false},"excerpt":{"rendered":"<p>Quando a Verdade \u00e9 revelada &#8220;a algu\u00e9m&#8221; em medita\u00e7\u00e3o, o que ocorre n\u00e3o \u00e9 bem isto! A Verdade n\u00e3o se revela a ningu\u00e9m! Houve o sumi\u00e7o deste \u201calgu\u00e9m\u201d e, a Verdade \u00e9 aflorada como a real identidade do Ser, assim como os raios do Sol \u201cafloram\u201d entre as nuvens, em dia nublado. N\u00e3o existe nenhum &hellip; <\/p>\n<p class=\"link-more\"><a href=\"https:\/\/www.fachodeluz.blog.br\/wp\/2017\/01\/11\/unicamente-deus-e-realidade\/\" class=\"more-link\">Leia mais<span class=\"screen-reader-text\"> &#8220;Unicamente Deus \u00c9 Realidade!&#8221;<\/span><\/a><\/p>\n","protected":false},"author":2,"featured_media":0,"comment_status":"open","ping_status":"closed","sticky":false,"template":"","format":"standard","meta":{"nf_dc_page":"","_crdt_document":"","footnotes":""},"categories":[10],"tags":[],"class_list":["post-19610","post","type-post","status-publish","format-standard","hentry","category-darcio-dezolt"],"featured_media_urls":[],"_links":{"self":[{"href":"https:\/\/www.fachodeluz.blog.br\/wp\/wp-json\/wp\/v2\/posts\/19610","targetHints":{"allow":["GET"]}}],"collection":[{"href":"https:\/\/www.fachodeluz.blog.br\/wp\/wp-json\/wp\/v2\/posts"}],"about":[{"href":"https:\/\/www.fachodeluz.blog.br\/wp\/wp-json\/wp\/v2\/types\/post"}],"author":[{"embeddable":true,"href":"https:\/\/www.fachodeluz.blog.br\/wp\/wp-json\/wp\/v2\/users\/2"}],"replies":[{"embeddable":true,"href":"https:\/\/www.fachodeluz.blog.br\/wp\/wp-json\/wp\/v2\/comments?post=19610"}],"version-history":[{"count":0,"href":"https:\/\/www.fachodeluz.blog.br\/wp\/wp-json\/wp\/v2\/posts\/19610\/revisions"}],"wp:attachment":[{"href":"https:\/\/www.fachodeluz.blog.br\/wp\/wp-json\/wp\/v2\/media?parent=19610"}],"wp:term":[{"taxonomy":"category","embeddable":true,"href":"https:\/\/www.fachodeluz.blog.br\/wp\/wp-json\/wp\/v2\/categories?post=19610"},{"taxonomy":"post_tag","embeddable":true,"href":"https:\/\/www.fachodeluz.blog.br\/wp\/wp-json\/wp\/v2\/tags?post=19610"}],"curies":[{"name":"wp","href":"https:\/\/api.w.org\/{rel}","templated":true}]}}