{"id":19652,"date":"2017-01-19T10:23:14","date_gmt":"2017-01-19T12:23:14","guid":{"rendered":"http:\/\/fachodeluz.blog.br\/wp\/?p=19652"},"modified":"2017-01-19T12:39:36","modified_gmt":"2017-01-19T14:39:36","slug":"unicamente-deus-faz-parte-do-seu-ser","status":"publish","type":"post","link":"https:\/\/www.fachodeluz.blog.br\/wp\/2017\/01\/19\/unicamente-deus-faz-parte-do-seu-ser\/","title":{"rendered":"Unicamente Deus &#8220;Faz Parte Do Seu Ser&#8221;!"},"content":{"rendered":"<h2 style=\"text-align: center;\"><span style=\"color: #993300;\"><a style=\"color: #993300;\" href=\"https:\/\/i0.wp.com\/fachodeluz.blog.br\/wp\/wp-content\/uploads\/2017\/01\/reality1.gif\"><img data-recalc-dims=\"1\" loading=\"lazy\" decoding=\"async\" loading=\"lazy\" class=\"aligncenter size-full wp-image-19653\" src=\"https:\/\/i0.wp.com\/fachodeluz.blog.br\/wp\/wp-content\/uploads\/2017\/01\/reality1.gif?resize=455%2C472\" alt=\"reality1\" width=\"455\" height=\"472\" \/><\/a><\/span><\/h2>\n<h2 style=\"text-align: center;\"><span style=\"color: #993300;\">A Verdade Absoluta revela toda a Exist\u00eancia sendo \u00fanica e exclusivamente Deus! Al\u00e9m disso, revela que tudo \u00e9 permanente perfei\u00e7\u00e3o, raz\u00e3o pela qual unicamente a perfei\u00e7\u00e3o divina faz parte do Ser que somos. Por esse motivo, assim disse Paulo ap\u00f3stolo: <em>\u201cCristo \u00e9 TUDO em Todos\u201d<\/em> (Col. 3: 11),<\/span><\/h2>\n<h2 style=\"text-align: center;\"><span style=\"color: #993300;\">Se formos dar aten\u00e7\u00e3o e cr\u00e9dito \u00e0 suposta mente humana, esta Verdade aparentar\u00e1 ser inver\u00eddica! Por qu\u00ea?\u00a0 <strong><em>Porque esta mente n\u00e3o consegue enxergar o Cristo que somos!<\/em><\/strong> Em seu \u201cju\u00edzo pelas apar\u00eancias\u201d, ela nos mostra um suposto \u201cmundo material\u201d, habitado por \u201cseres carnais\u201d dotados de \u201cmentes pessoais avulsas\u201d,<strong><em> mundo este que JAMAIS EXISTIU!<\/em><\/strong><\/span><\/h2>\n<h2 style=\"text-align: center;\"><span style=\"color: #993300;\">Todo ensinamento que nos identifica com \u201cmundo inexistente\u201d, \u00a0com \u201cpersonalidades inexistentes&#8221;, com \u201cjulgamentos pelas apar\u00eancias\u201d, \u00e9 ensinamento FALSO! Em vez de revelar a <em>VERDADE,<\/em> revela a <em>ILUS\u00c3O!<\/em> E aquele que nele crer, estar\u00e1 frente a frente com a \u201cmiss\u00e3o imposs\u00edvel\u201d de\u00a0 \u201ctransformar irrealidade em realidade\u201d, como, por exemplo, querer \u201ctransformar personalidade imperfeita em Cristo\u201d! Da\u00ed \u00e9 que surgem as CREN\u00c7AS em evolu\u00e7\u00e3o, encarna\u00e7\u00e3o, reencarna\u00e7\u00e3o, ressurrei\u00e7\u00e3o, reformas interiores, etc.. <strong><em>ONDE TERIA FICADO O CRISTO, QUE \u00c9 TUDO EM N\u00d3S E EM TODOS?<\/em><\/strong> Continuaria sendo o SER QUE SOMOS, mas, aparentemente \u201cescondido\u201d por mera a\u00e7\u00e3o hipn\u00f3tica da \u201cmente carnal\u201d. N\u00e3o foi \u00e0 toa que Paulo a chamou de <em>\u201ca inimizade contra Deus\u201d!<\/em><\/span><\/h2>\n<h2 style=\"text-align: center;\"><span style=\"color: #993300;\">\u201cA\u00e7\u00e3o hipn\u00f3tica\u201d n\u00e3o \u00e9 atividade verdadeira! \u00c9 a\u00e7\u00e3o ilus\u00f3ria \u201cvista\u201d unicamente pela \u201cmente que n\u00e3o \u00e9 verdadeira\u201d! QUAL \u00c9 A MENTE VERDADEIRA? UNICAMENTE A MENTE DIVINA! QUAL \u00c9 A NOSSA MENTE VERDADEIRA? UNICAMENTE A MENTE DIVINA! Portanto, quando estudamos a VERDADE, fazemos nossa IDENTIFICA\u00c7\u00c3O com a Mente REAL, a Mente que sabe que TUDO \u00c9 UM, QUE ESTE \u201cUM\u201d \u00c9 DEUS, PERFEI\u00c7\u00c3O PERMANENTE, E QUE CONHECE A VERDADE DE QUE <em><strong>UNICAMENTE DEUS &#8220;FAZ PARTE DE NOSSO SER&#8221;!<\/strong><\/em><\/span><\/h2>\n<h2 style=\"text-align: center;\"><span style=\"color: #993300;\">A humanidade acredita possuir \u201cmente humana\u201d; assim, v\u00ea-se for\u00e7ada a viver resolvendo os problemas hipn\u00f3ticos que ela continuamente lhe sugere! Entretanto, o problema n\u00e3o \u00e9 nenhum dos sugeridos! <strong><em>O problema \u00e9 acreditar nesta mente irreal!<\/em><\/strong> Um hipnotizador poderia fazer algu\u00e9m acreditar em dezenas de problemas irreais sugeridos por ele, atrav\u00e9s de \u201ctranse hipn\u00f3tico\u201d. <strong><em>Se este algu\u00e9m n\u00e3o se permitisse hipnotizar, sequer tomaria conhecimento do teor das sugest\u00f5es mentais!<\/em><\/strong> <\/span><\/h2>\n<h2 style=\"text-align: center;\"><span style=\"color: #993300;\">Isto quer dizer o seguinte: se algu\u00e9m entrar em medita\u00e7\u00e3o contemplativa para \u201cresolver problema\u201d, dever\u00e1, antes que assim o fa\u00e7a, reconhecer que DEUS \u00c9 TUDO, E QUE, EM SUA CONTEMPLA\u00c7\u00c3O, \u00a0<strong><em>IR\u00c1 APENAS PERCEBER QUE UNICAMENTE DEUS &#8220;FAZ PARTE DE SEU SER&#8221;!<\/em><\/strong> Caso esteja \u201creconhecendo problema\u201d, estar\u00e1 <strong><em>HIPNOTIZADO!<\/em><\/strong><\/span><\/h2>\n<h2 style=\"text-align: center;\"><span style=\"color: #993300;\"><em>DEUS \u00c9 TUDO!<\/em> Seja qual for a aparente situa\u00e7\u00e3o de imperfei\u00e7\u00e3o,\u00a0 problema ou desarmonia, UMA S\u00d3 COISA LHE \u00c9 NECESS\u00c1RIA, como afirmou Jesus a Marta! ESTA COISA \u00daNICA EST\u00c1 EM RECONHECERMOS UNICAMENTE A MENTE DIVINA COMO SENDO A NOSSA! Um reconhecimento que EXCLUA a \u201cmente sob hipnose coletiva\u201d, \u00a0de forma que n\u00e3o aceitemos como verdadeiras suas sugest\u00f5es negativas! S\u00c3O HIPN\u00d3TICAS! <\/span><\/h2>\n<h2 style=\"text-align: center;\"><span style=\"color: #993300;\">IDENTIFICADOS COM A MENTE DE DEUS,\u00a0 NENHUMA ATEN\u00c7\u00c3O DAREMOS A TAIS SUGEST\u00d5ES! SEQUER SABEREMOS DE SUAS ALEGA\u00c7\u00d5ES! SEJAM QUAIS FOREM, S\u00c3O INTEIRAMENTE FALSAS!<\/span><\/h2>\n<h2 style=\"text-align: center;\"><span style=\"color: #993300;\">Em suas medita\u00e7\u00f5es, parta de Deus como TUDO, parta de sua Mente como sendo a Mente de Deus,\u00a0 consciente, portanto, de que <strong><em>UNICAMENTE DEUS \u201cFAZ PARTE DO SEU SER\u201d!\u00a0<\/em><\/strong><\/span><\/h2>\n<h2 style=\"text-align: center;\"><span style=\"color: #993300;\">*<\/span><\/h2>\n","protected":false},"excerpt":{"rendered":"<p>A Verdade Absoluta revela toda a Exist\u00eancia sendo \u00fanica e exclusivamente Deus! Al\u00e9m disso, revela que tudo \u00e9 permanente perfei\u00e7\u00e3o, raz\u00e3o pela qual unicamente a perfei\u00e7\u00e3o divina faz parte do Ser que somos. Por esse motivo, assim disse Paulo ap\u00f3stolo: \u201cCristo \u00e9 TUDO em Todos\u201d (Col. 3: 11), Se formos dar aten\u00e7\u00e3o e cr\u00e9dito \u00e0 &hellip; <\/p>\n<p class=\"link-more\"><a href=\"https:\/\/www.fachodeluz.blog.br\/wp\/2017\/01\/19\/unicamente-deus-faz-parte-do-seu-ser\/\" class=\"more-link\">Leia mais<span class=\"screen-reader-text\"> &#8220;Unicamente Deus &#8220;Faz Parte Do Seu Ser&#8221;!&#8221;<\/span><\/a><\/p>\n","protected":false},"author":2,"featured_media":0,"comment_status":"open","ping_status":"closed","sticky":false,"template":"","format":"standard","meta":{"nf_dc_page":"","_crdt_document":"","footnotes":""},"categories":[10],"tags":[],"class_list":["post-19652","post","type-post","status-publish","format-standard","hentry","category-darcio-dezolt"],"featured_media_urls":[],"_links":{"self":[{"href":"https:\/\/www.fachodeluz.blog.br\/wp\/wp-json\/wp\/v2\/posts\/19652","targetHints":{"allow":["GET"]}}],"collection":[{"href":"https:\/\/www.fachodeluz.blog.br\/wp\/wp-json\/wp\/v2\/posts"}],"about":[{"href":"https:\/\/www.fachodeluz.blog.br\/wp\/wp-json\/wp\/v2\/types\/post"}],"author":[{"embeddable":true,"href":"https:\/\/www.fachodeluz.blog.br\/wp\/wp-json\/wp\/v2\/users\/2"}],"replies":[{"embeddable":true,"href":"https:\/\/www.fachodeluz.blog.br\/wp\/wp-json\/wp\/v2\/comments?post=19652"}],"version-history":[{"count":0,"href":"https:\/\/www.fachodeluz.blog.br\/wp\/wp-json\/wp\/v2\/posts\/19652\/revisions"}],"wp:attachment":[{"href":"https:\/\/www.fachodeluz.blog.br\/wp\/wp-json\/wp\/v2\/media?parent=19652"}],"wp:term":[{"taxonomy":"category","embeddable":true,"href":"https:\/\/www.fachodeluz.blog.br\/wp\/wp-json\/wp\/v2\/categories?post=19652"},{"taxonomy":"post_tag","embeddable":true,"href":"https:\/\/www.fachodeluz.blog.br\/wp\/wp-json\/wp\/v2\/tags?post=19652"}],"curies":[{"name":"wp","href":"https:\/\/api.w.org\/{rel}","templated":true}]}}