{"id":19898,"date":"2017-03-06T11:10:37","date_gmt":"2017-03-06T14:10:37","guid":{"rendered":"http:\/\/fachodeluz.blog.br\/wp\/?p=19898"},"modified":"2017-03-06T11:27:22","modified_gmt":"2017-03-06T14:27:22","slug":"o-que-contamina-o-homem-e-o-que-lhe-sai-do-coracao-2","status":"publish","type":"post","link":"https:\/\/www.fachodeluz.blog.br\/wp\/2017\/03\/06\/o-que-contamina-o-homem-e-o-que-lhe-sai-do-coracao-2\/","title":{"rendered":"\u201cO Que Contamina O Homem \u00c9 O Que Lhe Sai Do Cora\u00e7\u00e3o!\u201d-2"},"content":{"rendered":"<h1 style=\"text-align: center;\"><a href=\"https:\/\/i0.wp.com\/fachodeluz.blog.br\/wp\/wp-content\/uploads\/2017\/03\/corpo5a.gif\"><img data-recalc-dims=\"1\" loading=\"lazy\" decoding=\"async\" loading=\"lazy\" class=\"aligncenter size-full wp-image-19899\" src=\"https:\/\/i0.wp.com\/fachodeluz.blog.br\/wp\/wp-content\/uploads\/2017\/03\/corpo5a.gif?resize=455%2C285\" alt=\"corpo5a\" width=\"455\" height=\"285\" \/><\/a><span style=\"color: #008080;\">2<\/span><\/h1>\n<h2 style=\"text-align: center;\"><span style=\"color: #1b4d61;\">Apesar de ser aceito como \u201creal\u201d, o suposto \u201cmundo material\u201d \u00e9 meramente um \u201cmundo de cren\u00e7as\u201d, sem ter nada a ver com o Universo REAL, \u00a0iluminado, onipresente, de perfei\u00e7\u00e3o permanente, assim mantido por Deus. Melhor dizendo, o Universo real \u00e9 o pr\u00f3prio Deus\u00a0 Se evidenciando com Sua Onipresen\u00e7a e Sua Onipot\u00eancia oniativa. <em>\u00c9 preciso sabermos distinguir o Mundo REAL do suposto \u201cmundo de cren\u00e7as\u201d!<\/em><\/span><\/h2>\n<h2 style=\"text-align: center;\"><span style=\"color: #1b4d61;\">Referindo-se ao \u201cmundo de cren\u00e7as\u201d, assim disse Jesus: <strong><em>\u201cCr\u00ea, somente, e seja-te feito segundo a tua cren\u00e7a\u201d.<\/em> <\/strong>Sabia que a humanidade, usando a \u201cmente humana\u201d e n\u00e3o a Mente de Cristo, aceitava o \u201cmundo de cren\u00e7as\u201d como real; desse modo, deixou a instru\u00e7\u00e3o de que \u00e9<strong><em> \u201cfeito de cren\u00e7as\u201d,<\/em><\/strong> para que as \u201ccren\u00e7as aceitas\u201d fossem todas positivas, e n\u00e3o divididas em \u201cboas e m\u00e1s\u201d.<\/span><\/h2>\n<h2 style=\"text-align: center;\"><span style=\"color: #1b4d61;\">Quando chapas radiogr\u00e1ficas de pacientes s\u00e3o trocadas por engano, s\u00e3o in\u00fameras as vezes que \u201cpacientes s\u00e3os\u201d comecem a sentir \u201csintomas irreais\u201d em seu corpo, ap\u00f3s terem visto os exames e <em>ACREDITADO<\/em> neles! Ao ser desfeito o engano, os ilus\u00f3rios sintomas \u201cdesaparecem\u201d.<\/span><\/h2>\n<h2 style=\"text-align: center;\"><span style=\"color: #1b4d61;\">Todas as CREN\u00c7AS DE PROBLEMAS\u00a0 s\u00e3o somente CREN\u00c7AS ACEITAS, sem jamais serem realidades expressas! Por qu\u00ea? <em>PORQUE A \u00daNICA REALIDADE EM EXPRESS\u00c3O \u00c9 DEUS, E DEUS \u00c9 PERFEI\u00c7\u00c3O ONIPRESENTE E PERMANENTE!<\/em><\/span><\/h2>\n<h2 style=\"text-align: center;\"><span style=\"color: #1b4d61;\">Por que o \u201cmundo de cren\u00e7as\u201d apresenta \u201cimagens de males, de doen\u00e7as e de doentes\u201d? Tais imagens s\u00e3o todas \u201ccren\u00e7as coletivas&#8221; tornadas vis\u00edveis \u00e0 &#8220;mente humana\u201d, exatamente como nela s\u00e3o \u201cvistos\u201d os sonhos e as imagens sugeridas por hipnotizadores.<\/span><\/h2>\n<h2 style=\"text-align: center;\"><span style=\"color: #1b4d61;\">Numa experi\u00eancia de hipnotismo, a pessoa recebeu gotas de \u00e1gua fria em seu corpo com a sugest\u00e3o hipn\u00f3tica de ser \u00e1gua fervente, e apareceram-lhe bolhas no local. A maioria acredita que exista realmente um \u201ccorpo material\u201d, enquanto <strong><em>SOMENTE EXISTE DEUS!<\/em><\/strong> O suposto \u201ccorpo f\u00edsico\u201d, aceito pela maioria como \u201cexist\u00eancia s\u00f3lida\u201d, n\u00e3o passa de <strong><em>\u201cimagem na mente\u201d,<\/em> <\/strong>e \u00e9 por isso que quando <em>Norman Vincent Peale<\/em> disseminou ao mundo o chamado \u201c<strong><em>Poder do Pensamento Positivo\u201d,<\/em><\/strong> milhares de suas obras foram vendidas. Ensinavam as pessoas a <em>ADOTAR CREN\u00c7AS POSITIVAS,<\/em> e a se beneficiarem com o que disse Jesus: <strong><em>\u201cSEJA-TE FEITO SEGUNDO A TUA CREN\u00c7A&#8221;!<\/em><\/strong><\/span><\/h2>\n<h2 style=\"text-align: center;\"><span style=\"color: #1b4d61;\">A B\u00edblia registra as palavras de J\u00f3: <em>\u201cTudo que eu temo me sobrev\u00eam\u201d.<\/em> J\u00e1 sabia que suas <em>CREN\u00c7AS DE TEMOR<\/em> lhe apareciam como <em>IMAGENS!<\/em><\/span><\/h2>\n<h3 style=\"text-align: right;\"><span style=\"color: #1b4d61;\"><em>Continua..&gt;<\/em><\/span><\/h3>\n","protected":false},"excerpt":{"rendered":"<p>2 Apesar de ser aceito como \u201creal\u201d, o suposto \u201cmundo material\u201d \u00e9 meramente um \u201cmundo de cren\u00e7as\u201d, sem ter nada a ver com o Universo REAL, \u00a0iluminado, onipresente, de perfei\u00e7\u00e3o permanente, assim mantido por Deus. Melhor dizendo, o Universo real \u00e9 o pr\u00f3prio Deus\u00a0 Se evidenciando com Sua Onipresen\u00e7a e Sua Onipot\u00eancia oniativa. \u00c9 preciso &hellip; <\/p>\n<p class=\"link-more\"><a href=\"https:\/\/www.fachodeluz.blog.br\/wp\/2017\/03\/06\/o-que-contamina-o-homem-e-o-que-lhe-sai-do-coracao-2\/\" class=\"more-link\">Leia mais<span class=\"screen-reader-text\"> &#8220;\u201cO Que Contamina O Homem \u00c9 O Que Lhe Sai Do Cora\u00e7\u00e3o!\u201d-2&#8221;<\/span><\/a><\/p>\n","protected":false},"author":2,"featured_media":0,"comment_status":"open","ping_status":"closed","sticky":false,"template":"","format":"standard","meta":{"nf_dc_page":"","_crdt_document":"","footnotes":""},"categories":[10],"tags":[],"class_list":["post-19898","post","type-post","status-publish","format-standard","hentry","category-darcio-dezolt"],"featured_media_urls":[],"_links":{"self":[{"href":"https:\/\/www.fachodeluz.blog.br\/wp\/wp-json\/wp\/v2\/posts\/19898","targetHints":{"allow":["GET"]}}],"collection":[{"href":"https:\/\/www.fachodeluz.blog.br\/wp\/wp-json\/wp\/v2\/posts"}],"about":[{"href":"https:\/\/www.fachodeluz.blog.br\/wp\/wp-json\/wp\/v2\/types\/post"}],"author":[{"embeddable":true,"href":"https:\/\/www.fachodeluz.blog.br\/wp\/wp-json\/wp\/v2\/users\/2"}],"replies":[{"embeddable":true,"href":"https:\/\/www.fachodeluz.blog.br\/wp\/wp-json\/wp\/v2\/comments?post=19898"}],"version-history":[{"count":0,"href":"https:\/\/www.fachodeluz.blog.br\/wp\/wp-json\/wp\/v2\/posts\/19898\/revisions"}],"wp:attachment":[{"href":"https:\/\/www.fachodeluz.blog.br\/wp\/wp-json\/wp\/v2\/media?parent=19898"}],"wp:term":[{"taxonomy":"category","embeddable":true,"href":"https:\/\/www.fachodeluz.blog.br\/wp\/wp-json\/wp\/v2\/categories?post=19898"},{"taxonomy":"post_tag","embeddable":true,"href":"https:\/\/www.fachodeluz.blog.br\/wp\/wp-json\/wp\/v2\/tags?post=19898"}],"curies":[{"name":"wp","href":"https:\/\/api.w.org\/{rel}","templated":true}]}}