{"id":19951,"date":"2017-03-15T12:03:20","date_gmt":"2017-03-15T15:03:20","guid":{"rendered":"http:\/\/fachodeluz.blog.br\/wp\/?p=19951"},"modified":"2017-03-15T18:23:41","modified_gmt":"2017-03-15T21:23:41","slug":"o-que-contamina-o-homem-e-o-que-lhe-sai-do-coracao-11","status":"publish","type":"post","link":"https:\/\/www.fachodeluz.blog.br\/wp\/2017\/03\/15\/o-que-contamina-o-homem-e-o-que-lhe-sai-do-coracao-11\/","title":{"rendered":"\u201cO Que Contamina O Homem \u00c9 O Que Lhe Sai Do Cora\u00e7\u00e3o!\u201d-11"},"content":{"rendered":"<h1 style=\"text-align: center;\"><a href=\"https:\/\/i0.wp.com\/fachodeluz.blog.br\/wp\/wp-content\/uploads\/2017\/03\/contamina11-1.gif\"><img data-recalc-dims=\"1\" loading=\"lazy\" decoding=\"async\" loading=\"lazy\" class=\"aligncenter size-full wp-image-19955\" src=\"https:\/\/i0.wp.com\/fachodeluz.blog.br\/wp\/wp-content\/uploads\/2017\/03\/contamina11-1.gif?resize=455%2C334\" alt=\"contamina11\" width=\"455\" height=\"334\" \/><\/a><span style=\"color: #808000;\">11<\/span><\/h1>\n<h2 style=\"text-align: center;\"><span style=\"color: #808000;\">Costumo dizer que \u201cDeus \u00e9 o <strong><em>Um<\/em><\/strong> brincando de ser <strong><em>muitos\u201d.<\/em><\/strong> A percep\u00e7\u00e3o deste UM, em lugar dos MUITOS, anula a CREN\u00c7A FALSA de dualidade! As \u201cmuitas ilhas\u201d passam a ser \u201cterra \u00fanica\u201d, se as \u00e1guas que as circundam forem removidas ou desconsideradas.<\/span><\/h2>\n<h2 style=\"text-align: center;\"><span style=\"color: #808000;\">Por que Jesus disse <strong><em>\u201cEu SOU a Luz do mundo\u201d<\/em><\/strong> e, tamb\u00e9m, <strong><em>\u201cV\u00f3s SOIS a Luz do mundo\u201d?<\/em> <\/strong>Por estar reconhecendo a Verdade da LUZ \u00daNICA E DIVINA EM EVID\u00caNCIA EM SI E EM TODOS &#8211;\u00a0 AQUI E AGORA! Seu <strong><em>Referencial de Exist\u00eancia<\/em><\/strong> estava na Verdade: <strong><em>\u201cDeus \u00e9 LUZ, e nele n\u00e3o h\u00e1 trevas nenhumas\u201d.<\/em><\/strong><\/span><\/h2>\n<h2 style=\"text-align: center;\"><span style=\"color: #808000;\"><strong><em>\u201cO que contamina o Homem \u00e9 o que lhe sai do cora\u00e7\u00e3o\u201d,<\/em><\/strong> disse Jesus. Em seu sentido absoluto, esta Verdade diz que <strong><em>&#8220;o que contamina o homem\u201d<\/em> <em>\u00e9 a FALTA DE RECONHECIMENTO<\/em><\/strong> de que <strong><em>DEUS \u00c9 LUZ,\u00a0 QUE ELE \u00c9 LUZ, QUE A LUZ \u00c9 \u00daNICA E \u00c9 TUDO, E QUE NOSSO \u201cPR\u00d3XIMO\u201d NUNCA \u00c9 \u201cOUTRO\u201d, SENDO, DE FATO, A PR\u00d3PRIA LUZ QUE SOMOS!<\/em><\/strong><\/span><\/h2>\n<h2 style=\"text-align: center;\"><span style=\"color: #808000;\">Suponhamos que algu\u00e9m saia \u00e0s ruas com \u201cmedo de ladr\u00e3o\u201d; se esta atitude mental n\u00e3o for corrigida, quem se far\u00e1 \u201ccontaminado\u201d ser\u00e1 ele pr\u00f3prio! Por qu\u00ea? Por estar acreditando em <em>\u201cilhas\u201d<\/em> e n\u00e3o no <strong><em>\u201csolo sagrado \u00fanico\u201d!<\/em><\/strong> Talvez algu\u00e9m retrucasse: <strong><em>\u201cN\u00e3o concordo, pois meu vizinho foi assaltado e disse que nunca teve medo de ladr\u00e3o!\u201d.<\/em> <\/strong>A lei mental assim diz: <strong><em>\u201cO que for reconhecido, aparecer\u00e1\u201d.<\/em> <\/strong><\/span><\/h2>\n<h2 style=\"text-align: center;\"><span style=\"color: #808000;\">A quest\u00e3o s\u00f3\u00a0 ser\u00e1 entendida com o conhecimento j\u00e1 aqui exposto de que a mente humana tem seu \u201cconsciente\u201d e seu \u201csubconsciente\u201d. A\u00a0 seguinte experi\u00eancia foi realizada: uma pessoa foi colocada diante de um arm\u00e1rio fechado que continha v\u00e1rios rem\u00e9dios. Foi avisado de que as portas desse arm\u00e1rio seriam abertas por alguns segundos, e que ele deveria observar os frascos dentro dele com aten\u00e7\u00e3o, para que, ap\u00f3s as portas serem fechadas, ele escrevesse os nomes dos medicamentos que conseguisse se lembrar. Assim se fez, e ele conseguiu se lembrar de alguns nomes. Em seguida, ele foi hipnotizado, e nessa condi\u00e7\u00e3o, foi-lhe perguntado novamente sobre os nomes dos medicamentos, <strong><em>e ele se lembrou de todos.<\/em><\/strong> A imagem completa estava gravada nitidamente em seu subconsciente.<\/span><\/h2>\n<h2 style=\"text-align: center;\"><span style=\"color: #808000;\">Por essa e por outras, \u00e9 de extrema import\u00e2ncia associarmos ao estudo do Absoluto \u00a0os conhecimentos da <strong><em>Ci\u00eancia Mental,<\/em><\/strong> que deixam o \u201csubconsciente\u201d seletivo, endossando as Verdades e repudiando as CREN\u00c7AS negativas. Conven\u00e7a-se desta Verdade: <strong><em>\u201cVOC\u00ca \u00c9 O \u00daNICO PENSADOR EM SEU UNIVERSO\u201d!\u00a0<\/em> <\/strong>DEUS \u00c9 TUDO, A MENTE <strong><em>\u00daNICA,<\/em> <\/strong>E \u00c9 A <strong><em>\u201cMENTE DE CRISTO\u201d<\/em><\/strong> QUE TODOS N\u00d3S J\u00c1 TEMOS!<\/span><\/h2>\n<h2 style=\"text-align: center;\"><span style=\"color: #808000;\">Que diz a ILUS\u00c3O? \u00a0Assim ela pode argumentar: <em>\u201cAh, a minha mente est\u00e1 sempre positiva; assim, o que me causa desgosto \u00e9 ter um filho envolvido com drogas!\u201d.<\/em> \u00c9 desse modo que as pessoas \u201cse contaminam\u201d, e sem saber o porqu\u00ea! N\u00e3o sabem enxergar o REAL subjacente \u00e0s \u201capar\u00eancias ilus\u00f3rias\u201d! N\u00e3o sabem VER A LUZ \u00daNICA E ONIPRESENTE, por se fixarem nas TREVAS exibidas como &#8220;OUTROS&#8221; pela ilus\u00f3ria \u201cmente do mundo\u201d!<\/span><\/h2>\n<h2 style=\"text-align: center;\"><span style=\"color: #808000;\">Escrevi h\u00e1 anos uma ora\u00e7\u00e3o, na linha de <em>AUTOTRATAMENTO,<\/em> e dei a ela o nome de <strong><em>\u201cF\u00d3RMULA M\u00c1GICA\u201d,<\/em><\/strong> ap\u00f3s \u00a0constatar sua efici\u00eancia e praticidade na obten\u00e7\u00e3o de bons resultados junto \u00e0queles que a levaram persistentemente a s\u00e9rio. \u00a0Transcrevo-a abaixo, por facilitar o reconhecimento de que \u201ceu e o outro somos um\u201d, uma <strong><em>Unidade Perfeita.<\/em><\/strong><\/span><\/h2>\n<p style=\"text-align: center;\"><span style=\"color: #808000;\"><strong><em>A F\u00d3RMULA M\u00c1GICA<\/em><\/strong><\/span><\/p>\n<p style=\"text-align: center;\"><span style=\"color: #808000;\"><strong><em>&#8230;&#8230;&#8230;&#8230;&#8230;&#8230;&#8230;&#8230;.(mentalizar o nome da suposta pessoa com problema), perdoe-me por t\u00ea-lo(a) visto como pessoa problem\u00e1tica (doente, desajustada, com v\u00edcios, etc)! Percebo, agora, que a falha estava em minha maneira de v\u00ea-lo(a).\u00a0 Voc\u00ea \u00e9 um ser espiritual perfeito! Voc\u00ea \u00e9 a pr\u00f3pria Vida de Deus, vivendo a meu lado para dar-me felicidade! Desejo-lhe, agora, toda a felicidade do mundo! Agrade\u00e7o-lhe por ter-me servido de treinamento , abrindo-me os olhos espirituais para a Exist\u00eancia verdadeira, que \u00e9 divina, espiritual e perfeita!<\/em><\/strong><\/span><\/p>\n<div dir=\"ltr\">\n<div>\n<div style=\"font-size: small; text-decoration: none; font-family: 'Calibri'; font-weight: normal; color: #000000; font-style: normal; display: inline;\">\n<div dir=\"ltr\">\n<div>\n<div style=\"font-size: small; text-decoration: none; font-family: 'Calibri'; font-weight: normal; color: #000000; font-style: normal; display: inline;\">\n<div align=\"center\">\n<div>\n<div style=\"text-align: center;\" align=\"left\"><span style=\"color: #808000;\"><strong><em>OBS: <span style=\"font-size: small;\">Fazer este reconhecimento em sil\u00eancio, duas vezes ao dia, durante 10-15min. No in\u00edcio, talvez a situa\u00e7\u00e3o pare\u00e7a estar piorando; \u00e9 normal, pois, para surgir a imagem vis\u00edvel harm\u00f4nica ocorre, antes, um rearranjo subconsciente. Permanecer na F\u00f3rmula M\u00e1gica; a solu\u00e7\u00e3o estar\u00e1 a caminho.<\/span><\/em><\/strong><\/span><\/div>\n<\/div>\n<div style=\"text-align: center;\" align=\"left\"><\/div>\n<h3 style=\"text-align: right;\" align=\"left\"><span style=\"color: #808000;\"><em>Continua&#8230;&gt;<\/em><\/span><\/h3>\n<\/div>\n<\/div>\n<\/div>\n<\/div>\n<\/div>\n<\/div>\n<\/div>\n","protected":false},"excerpt":{"rendered":"<p>11 Costumo dizer que \u201cDeus \u00e9 o Um brincando de ser muitos\u201d. A percep\u00e7\u00e3o deste UM, em lugar dos MUITOS, anula a CREN\u00c7A FALSA de dualidade! As \u201cmuitas ilhas\u201d passam a ser \u201cterra \u00fanica\u201d, se as \u00e1guas que as circundam forem removidas ou desconsideradas. Por que Jesus disse \u201cEu SOU a Luz do mundo\u201d e, &hellip; <\/p>\n<p class=\"link-more\"><a href=\"https:\/\/www.fachodeluz.blog.br\/wp\/2017\/03\/15\/o-que-contamina-o-homem-e-o-que-lhe-sai-do-coracao-11\/\" class=\"more-link\">Leia mais<span class=\"screen-reader-text\"> &#8220;\u201cO Que Contamina O Homem \u00c9 O Que Lhe Sai Do Cora\u00e7\u00e3o!\u201d-11&#8221;<\/span><\/a><\/p>\n","protected":false},"author":2,"featured_media":0,"comment_status":"open","ping_status":"closed","sticky":false,"template":"","format":"standard","meta":{"nf_dc_page":"","_crdt_document":"","footnotes":""},"categories":[10],"tags":[],"class_list":["post-19951","post","type-post","status-publish","format-standard","hentry","category-darcio-dezolt"],"featured_media_urls":[],"_links":{"self":[{"href":"https:\/\/www.fachodeluz.blog.br\/wp\/wp-json\/wp\/v2\/posts\/19951","targetHints":{"allow":["GET"]}}],"collection":[{"href":"https:\/\/www.fachodeluz.blog.br\/wp\/wp-json\/wp\/v2\/posts"}],"about":[{"href":"https:\/\/www.fachodeluz.blog.br\/wp\/wp-json\/wp\/v2\/types\/post"}],"author":[{"embeddable":true,"href":"https:\/\/www.fachodeluz.blog.br\/wp\/wp-json\/wp\/v2\/users\/2"}],"replies":[{"embeddable":true,"href":"https:\/\/www.fachodeluz.blog.br\/wp\/wp-json\/wp\/v2\/comments?post=19951"}],"version-history":[{"count":0,"href":"https:\/\/www.fachodeluz.blog.br\/wp\/wp-json\/wp\/v2\/posts\/19951\/revisions"}],"wp:attachment":[{"href":"https:\/\/www.fachodeluz.blog.br\/wp\/wp-json\/wp\/v2\/media?parent=19951"}],"wp:term":[{"taxonomy":"category","embeddable":true,"href":"https:\/\/www.fachodeluz.blog.br\/wp\/wp-json\/wp\/v2\/categories?post=19951"},{"taxonomy":"post_tag","embeddable":true,"href":"https:\/\/www.fachodeluz.blog.br\/wp\/wp-json\/wp\/v2\/tags?post=19951"}],"curies":[{"name":"wp","href":"https:\/\/api.w.org\/{rel}","templated":true}]}}