{"id":20053,"date":"2017-04-04T11:01:17","date_gmt":"2017-04-04T14:01:17","guid":{"rendered":"http:\/\/fachodeluz.blog.br\/wp\/?p=20053"},"modified":"2017-04-04T18:12:39","modified_gmt":"2017-04-04T21:12:39","slug":"sempre-seja-deus-verdadeiro","status":"publish","type":"post","link":"https:\/\/www.fachodeluz.blog.br\/wp\/2017\/04\/04\/sempre-seja-deus-verdadeiro\/","title":{"rendered":"&#8220;Sempre Seja Deus Verdadeiro!&#8221;"},"content":{"rendered":"<h2 style=\"text-align: center;\"><span style=\"color: #7a5825;\"><a style=\"color: #7a5825;\" href=\"https:\/\/i0.wp.com\/fachodeluz.blog.br\/wp\/wp-content\/uploads\/2017\/04\/jesus33.gif\"><img data-recalc-dims=\"1\" loading=\"lazy\" decoding=\"async\" loading=\"lazy\" class=\"aligncenter size-full wp-image-20054\" src=\"https:\/\/i0.wp.com\/fachodeluz.blog.br\/wp\/wp-content\/uploads\/2017\/04\/jesus33.gif?resize=455%2C472\" alt=\"jesus33\" width=\"455\" height=\"472\" \/><\/a><\/span><\/h2>\n<h2 style=\"text-align: center;\"><span style=\"color: #7a5825;\">Para a humanidade, \u201crealidade\u201d \u00e9 a vida material, em que continuamente nascem e morrem seus habitantes. Para a Verdade,\u00a0 \u201crealidade\u201d \u00e9 o Reino da imutabilidade divina em que Deus \u00e9 TUDO e que, em Sua totalidade, inclui tudo e todos em permanente Perfei\u00e7\u00e3o Absoluta.<\/span><\/h2>\n<h2 style=\"text-align: center;\"><span style=\"color: #7a5825;\"><strong><em>\u201cE viu Deus tudo quanto fizera, e eis que achou muito bom\u201d<\/em> <\/strong>\u2013 revela o G\u00eanesis. Mas quando a humanidade avalia a Exist\u00eancia, ela a divide em \u201calgo bom\u201d e \u201calgo mau\u201d. Isto significa que a \u201crealidade\u201d, vista humanamente, n\u00e3o \u00e9 a mesma testemunhada por Deus. Em outras palavras, \u00e9 \u201crealidade ilus\u00f3ria\u201d, uma <em>CREN\u00c7A COLETIVA<\/em> endossando \u201cbem e mal\u201d.<\/span><\/h2>\n<h2 style=\"text-align: center;\"><span style=\"color: #7a5825;\">Perceber que a real Exist\u00eancia \u00e9 a \u201cvista&#8221; por Deus, com tudo sendo considerado &#8220;MUITO BOM\u201d, \u00e9 o alicerce da pr\u00e1tica metaf\u00edsica. Se algu\u00e9m diz: <em>\u201cO meu rim n\u00e3o anda muito bom\u201d,<\/em> estar\u00e1 chamando Deus de mentiroso! Se diz: <em>\u201cOs meus relacionamentos n\u00e3o v\u00e3o indo bem\u201d,<\/em> estar\u00e1 chamando Deus de mentiroso, ou seja, <strong><em>QUALQUER AVALIA\u00c7\u00c3O QUE DISCORDE DO \u201cTUDO MUITO BOM\u201d, declarado por Deus, ser\u00e1 o mesmo que cham\u00e1-Lo de mentiroso.<\/em><\/strong><\/span><\/h2>\n<h2 style=\"text-align: center;\"><span style=\"color: #7a5825;\">O ensinamento absoluto reitera a necessidade de adotarmos o \u201cReferencial de Deus\u201c. O ap\u00f3stolo Paulo assim disse:<strong><em> \u201cSempre seja Deus verdadeiro, e todo o homem mentiroso; como est\u00e1 escrito\u201d<\/em><\/strong> (Rm. 3:4).<\/span><\/h2>\n<h2 style=\"text-align: center;\"><span style=\"color: #7a5825;\">Nossa concord\u00e2ncia com Deus, com o que Deus declara, com a Verdade, deve ser feita com serena confian\u00e7a e total radicalismo. <em>Joel S. Goldsmith,<\/em> como <em>praticista<\/em> de cura espiritual, disse que as curas se fazem com \u201csorriso nos l\u00e1bios\u201d, dando a entender que a mente deve debochar das \u201capar\u00eancias mentirosas\u201d! <strong><em>N\u00c3O S\u00c3O REALIDADES! S\u00c3O \u201cMIRAGENS ENGANADORAS\u201d!<\/em><\/strong><\/span><\/h2>\n<h2 style=\"text-align: center;\"><span style=\"color: #7a5825;\">Nada h\u00e1 de \u201cmuito profundo\u201d no estudo da Verdade; o que se requer, \u00e9 unicamente\u00a0 um endosso inabal\u00e1vel das revela\u00e7\u00f5es divinas, evitando que demos cr\u00e9dito ao suposto \u201cmal\u201d contido nas \u201capar\u00eancias\u201d. Os princ\u00edpios precisam ser treinados, e n\u00e3o apenas lidos! Jesus disse:<em> \u201cErrais por desconhecerdes as Escrituras e o poder de Deus\u201d!<\/em><\/span><\/h2>\n<h2 style=\"text-align: center;\"><span style=\"color: #7a5825;\">A cada aparente situa\u00e7\u00e3o de disc\u00f3rdia, fa\u00e7a a si mesmo a seguinte pergunta: <strong><em>\u201cEstou fazendo Deus de mentiroso, ou estou identificado com a Mente divina e chamando de mentirosa a suposta \u201cmente carnal\u201d?<\/em><\/strong> ISTO O LEVAR\u00c1 A CONCLUIR: <\/span><\/h2>\n<h2 style=\"text-align: center;\"><span style=\"color: #7a5825;\"><strong><em>\u201cDEUS ACHOU TUDO MUITO BOM, E A MINHA OPINI\u00c3O \u00c9 ID\u00caNTICA \u00c0 DELE, UMA VEZ QUE SOMOS UM\u201d!<\/em><\/strong><\/span><\/h2>\n<h2 style=\"text-align: center;\"><span style=\"color: #7a5825;\">*<\/span><\/h2>\n","protected":false},"excerpt":{"rendered":"<p>Para a humanidade, \u201crealidade\u201d \u00e9 a vida material, em que continuamente nascem e morrem seus habitantes. Para a Verdade,\u00a0 \u201crealidade\u201d \u00e9 o Reino da imutabilidade divina em que Deus \u00e9 TUDO e que, em Sua totalidade, inclui tudo e todos em permanente Perfei\u00e7\u00e3o Absoluta. \u201cE viu Deus tudo quanto fizera, e eis que achou muito &hellip; <\/p>\n<p class=\"link-more\"><a href=\"https:\/\/www.fachodeluz.blog.br\/wp\/2017\/04\/04\/sempre-seja-deus-verdadeiro\/\" class=\"more-link\">Leia mais<span class=\"screen-reader-text\"> &#8220;&#8220;Sempre Seja Deus Verdadeiro!&#8221;&#8221;<\/span><\/a><\/p>\n","protected":false},"author":2,"featured_media":0,"comment_status":"open","ping_status":"closed","sticky":false,"template":"","format":"standard","meta":{"nf_dc_page":"","_crdt_document":"","footnotes":""},"categories":[10],"tags":[],"class_list":["post-20053","post","type-post","status-publish","format-standard","hentry","category-darcio-dezolt"],"featured_media_urls":[],"_links":{"self":[{"href":"https:\/\/www.fachodeluz.blog.br\/wp\/wp-json\/wp\/v2\/posts\/20053","targetHints":{"allow":["GET"]}}],"collection":[{"href":"https:\/\/www.fachodeluz.blog.br\/wp\/wp-json\/wp\/v2\/posts"}],"about":[{"href":"https:\/\/www.fachodeluz.blog.br\/wp\/wp-json\/wp\/v2\/types\/post"}],"author":[{"embeddable":true,"href":"https:\/\/www.fachodeluz.blog.br\/wp\/wp-json\/wp\/v2\/users\/2"}],"replies":[{"embeddable":true,"href":"https:\/\/www.fachodeluz.blog.br\/wp\/wp-json\/wp\/v2\/comments?post=20053"}],"version-history":[{"count":0,"href":"https:\/\/www.fachodeluz.blog.br\/wp\/wp-json\/wp\/v2\/posts\/20053\/revisions"}],"wp:attachment":[{"href":"https:\/\/www.fachodeluz.blog.br\/wp\/wp-json\/wp\/v2\/media?parent=20053"}],"wp:term":[{"taxonomy":"category","embeddable":true,"href":"https:\/\/www.fachodeluz.blog.br\/wp\/wp-json\/wp\/v2\/categories?post=20053"},{"taxonomy":"post_tag","embeddable":true,"href":"https:\/\/www.fachodeluz.blog.br\/wp\/wp-json\/wp\/v2\/tags?post=20053"}],"curies":[{"name":"wp","href":"https:\/\/api.w.org\/{rel}","templated":true}]}}