{"id":20129,"date":"2017-04-17T10:51:26","date_gmt":"2017-04-17T13:51:26","guid":{"rendered":"http:\/\/fachodeluz.blog.br\/wp\/?p=20129"},"modified":"2017-04-17T10:56:49","modified_gmt":"2017-04-17T13:56:49","slug":"de-que-forma-a-graca-lhe-basta","status":"publish","type":"post","link":"https:\/\/www.fachodeluz.blog.br\/wp\/2017\/04\/17\/de-que-forma-a-graca-lhe-basta\/","title":{"rendered":"De Que Forma &#8220;A Gra\u00e7a Lhe Basta&#8221;?"},"content":{"rendered":"<h3 style=\"text-align: center;\"><span style=\"color: #42421f;\"><a style=\"color: #42421f;\" href=\"https:\/\/i0.wp.com\/fachodeluz.blog.br\/wp\/wp-content\/uploads\/2017\/04\/pastor11.gif\"><img data-recalc-dims=\"1\" loading=\"lazy\" decoding=\"async\" loading=\"lazy\" class=\"aligncenter size-full wp-image-20130\" src=\"https:\/\/i0.wp.com\/fachodeluz.blog.br\/wp\/wp-content\/uploads\/2017\/04\/pastor11.gif?resize=455%2C568\" alt=\"pastor11\" width=\"455\" height=\"568\" \/><\/a><\/span><\/h3>\n<h3 style=\"text-align: center;\"><span style=\"color: #42421f;\"><i>Ent\u00e3o, ele me disse: A minha gra\u00e7a te basta, porque o poder se aperfei\u00e7oa na fraqueza. De boa vontade, pois, mais me gloriarei nas fraquezas, para que sobre mim repouse o poder de Cristo.\u00a0 <\/i><\/span><\/h3>\n<h3 style=\"text-align: center;\"><span style=\"color: #42421f;\">2 Cor\u00edntios,\u00a0 12: 9<\/span><\/h3>\n<h2 style=\"text-align: center;\"><span style=\"color: #42421f;\">Lembro-me de ter falado com algu\u00e9m sobre o Absoluto, quando dele ouvi como resposta: <em>\u201cNada \u00e9 absoluto, tudo \u00e9 relativo!\u201d<\/em> E ent\u00e3o,\u00a0 fiz a ele a pergunta: <em>\u201cRelativo a qu\u00ea?\u201d.<\/em> N\u00e3o soube me dizer.<\/span><\/h2>\n<h2 style=\"text-align: center;\"><span style=\"color: #42421f;\">O ensinamento ABSOLUTO \u00e9 a Verdade eterna, revelada por todos os grandes mensageiros da Verdade que a humanidade teve! Todos, a seu modo, separaram o que \u00e9 ABSOLUTO \u00a0do que \u00a0\u00e9 \u201cfen\u00f4meno ilus\u00f3rio\u201d. Por\u00e9m, como o considerado \u201cpercept\u00edvel aos sentidos mortais\u201d \u00e9 puramente fenom\u00eanico, fugaz e relativo, n\u00e3o se dedicou a humanidade a atender aos chamados \u00e0 VERDADE, AO UNIVERSO\u00a0 REAL E CONSUMADO DO ABSOLUTO, inteiramente\u00a0 <em>impercept\u00edvel<\/em> \u00e0 suposta \u201cmente humana\u201d.\u00a0 Em vista disso, o \u201cpercept\u00edvel\u201d ficou sendo considerado como \u201cUniverso\u201d e como \u201cVerdade\u201d, enquanto, do PONTO DE VISTA DO ABSOLUTO, tudo que a \u201cmente humana\u201d registra e endossa como existente, \u00e9 <strong><em>ILUS\u00c3O!<\/em><\/strong><\/span><\/h2>\n<h2 style=\"text-align: center;\"><span style=\"color: #42421f;\">A convic\u00e7\u00e3o de que \u201cexiste mundo material\u201d \u00e9 CREN\u00c7A FALSA COLETIVA; POR ISSO, REVELA\u00c7\u00d5ES ABSOLUTAS NUNCA S\u00c3O VISTAS COMO VERDADEIRAS NO AGORA! Ou s\u00e3o desacreditadas, ou s\u00e3o entendidas como ALGO A SER MANIFESTADO EM ALGUM TEMPO FUTURO!<\/span><\/h2>\n<h2 style=\"text-align: center;\"><span style=\"color: #42421f;\"><strong><em> \u201cO Pai conhece as nossas necessidades antes de Lho pedirmos\u201d,<\/em> <\/strong>disse Jesus! Mas, sem ENXERGAR O ABSOLUTO, algu\u00e9m poder\u00e1 indagar: <em>\u201cMas onde est\u00e1 o dinheiro de que preciso?\u201d, \u201cOnde est\u00e1 a minha sa\u00fade perfeita?\u201d, \u201cOnde posso encontrar a companhia que acabaria com a minha solid\u00e3o?\u201d.<\/em> Perguntas desse tipo existem aos montes! ENTRETANTO, A RESPOSTA \u00c9 UMA S\u00d3: <strong><em>\u201cVINDE A MIM\u201d,<\/em><\/strong> OU SEJA, <em><strong>\u201cVINDE AO ABSOLUTO\u201d!<\/strong><\/em><\/span><\/h2>\n<h2 style=\"text-align: center;\"><span style=\"color: #42421f;\">Quando os diversos ensinamentos revelam que o suposto mundo material, com nascimentos e mortes, n\u00e3o existe, que \u00e9 uma ILUS\u00c3O DE MASSA, ou \u201cmundo do pai da mentira\u201d, n\u00e3o est\u00e3o dizendo que \u201cn\u00e3o existe Universo algum\u201d! <strong><em>EST\u00c3O DIZENDO QUE UNICAMENTE \u00c9 REAL O UNIVERSO DO ABSOLUTO!<\/em><\/strong> NELE N\u00c3O H\u00c1 MUDAN\u00c7AS, N\u00c3O H\u00c1 NASCIMENTOS NEM MORTES, <strong><em>E N\u00c3O H\u00c1 RELIGI\u00d5ES, DOUTRINAS E FILOSOFIAS QUE PREGUEM CREN\u00c7AS FALSAS!<\/em><\/strong><\/span><\/h2>\n<h2 style=\"text-align: center;\"><span style=\"color: #42421f;\">Quando o ap\u00f3stolo Paulo preveniu a todos sobre as<em> \u201cdoutrinas v\u00e1rias e estranhas\u201d,<\/em> baseadas em \u201cvida material\u201d, deixou claro que todas elas OCULTAM A GRA\u00c7A! EM OUTRAS PALAVRAS, ESTAVA REVELANDO QUE \u201cSOMOS O ABSOLUTO&#8221;, AQUI E AGORA \u2013 E VIVEMOS PELA GRA\u00c7A DO ALTO!<\/span><\/h2>\n<h2 style=\"text-align: center;\"><span style=\"color: #42421f;\">Jesus enaltecia um \u201ccora\u00e7\u00e3o de crian\u00e7a\u201d, uma ABERTURA AO ABSOLUTO PELO &#8220;CORA\u00c7\u00c3O&#8221;, E N\u00c3O PELO INTELECTO! PELO \u201cCORA\u00c7\u00c3O\u201d PODE ALGU\u00c9M \u201cSE CONTEMPLAR NO ABSOLUTO\u201d, NO REINO PRESENTE COM TODAS AS B\u00caN\u00c7\u00c3OS DO ETERNO! <\/span><\/h2>\n<h2 style=\"text-align: center;\"><span style=\"color: #42421f;\">Infelizmente, a maioria s\u00f3 acredita no que for percept\u00edvel \u00e0 ilus\u00f3ria \u201cmente humana\u201d, raz\u00e3o pela qual foi ela chamada por Paulo \u00a0de <em>\u201ca inimizade contra Deus\u201d.\u00a0<\/em> Aos <strong><em>\u201cTom\u00e9s da vida\u201d,<\/em><\/strong>\u00a0 dependentes do \u201cver para crer\u201d, deixou Jesus o seu iluminado parecer:<strong><em> \u201cBEM-AVENTURADOS OS QUE N\u00c3O VIRAM, E CRERAM!\u201d.<\/em> <\/strong>Ensinava o que praticava, vendo SA\u00daDE, onde a \u201cmente carnal\u201d via doen\u00e7a, vendo PUREZA. onde a \u201cmente carnal\u201d via pecador, vendo ALIMENTO PARA CINCO MIL, onde a \u201cmente carnal\u201d via \u201ccinco p\u00e3es e dois peixes\u201d, OU SEJA, <em><strong>VIA O ABSOLUTO EM MANIFESTA\u00c7\u00c3O INFINITA,<\/strong><\/em> onde a humanidade via UM MUNDO DE LIMITA\u00c7\u00d5ES, PROBLEMAS E CAR\u00caNCIAS!<\/span><\/h2>\n<h2 style=\"text-align: center;\"><span style=\"color: #42421f;\">O ensinamento absoluto explica\u00a0 que\u00a0 PRATICAR A VERDADE SIGNIFICA DESCARTARMOS O \u201cMUNDO FENOM\u00caNICO\u201d, PARA RECONHECERMOS O FATO REAL: <strong><em>O UNIVERSO \u00c9 O ABSOLUTO \u00a0ONIATIVO \u00a0EM EXPRESS\u00c3O ABSOLUTA, COM TODAS AS NECESSIDADES J\u00c1 ATENDIDAS!<\/em><\/strong> <\/span><\/h2>\n<h2 style=\"text-align: center;\"><span style=\"color: #42421f;\">IDENTIFIQUE-SE COM ELE, E N\u00c3O COM O ILUS\u00d3RIO \u201cMUNDO DE APAR\u00caNCIAS\u201d! VEJA-SE <strong><em>\u201cUM COM ELE\u201d,<\/em><\/strong> E PERCEBER\u00c1 QUE, DE FATO, <em><strong>A GRA\u00c7A LHE BASTA!<br \/>\n<\/strong><\/em><\/span><\/h2>\n<h2 style=\"text-align: center;\"><span style=\"color: #42421f;\">*<\/span><\/h2>\n","protected":false},"excerpt":{"rendered":"<p>Ent\u00e3o, ele me disse: A minha gra\u00e7a te basta, porque o poder se aperfei\u00e7oa na fraqueza. De boa vontade, pois, mais me gloriarei nas fraquezas, para que sobre mim repouse o poder de Cristo.\u00a0 2 Cor\u00edntios,\u00a0 12: 9 Lembro-me de ter falado com algu\u00e9m sobre o Absoluto, quando dele ouvi como resposta: \u201cNada \u00e9 absoluto, &hellip; <\/p>\n<p class=\"link-more\"><a href=\"https:\/\/www.fachodeluz.blog.br\/wp\/2017\/04\/17\/de-que-forma-a-graca-lhe-basta\/\" class=\"more-link\">Leia mais<span class=\"screen-reader-text\"> &#8220;De Que Forma &#8220;A Gra\u00e7a Lhe Basta&#8221;?&#8221;<\/span><\/a><\/p>\n","protected":false},"author":2,"featured_media":0,"comment_status":"open","ping_status":"closed","sticky":false,"template":"","format":"standard","meta":{"nf_dc_page":"","_crdt_document":"","footnotes":""},"categories":[10],"tags":[],"class_list":["post-20129","post","type-post","status-publish","format-standard","hentry","category-darcio-dezolt"],"featured_media_urls":[],"_links":{"self":[{"href":"https:\/\/www.fachodeluz.blog.br\/wp\/wp-json\/wp\/v2\/posts\/20129","targetHints":{"allow":["GET"]}}],"collection":[{"href":"https:\/\/www.fachodeluz.blog.br\/wp\/wp-json\/wp\/v2\/posts"}],"about":[{"href":"https:\/\/www.fachodeluz.blog.br\/wp\/wp-json\/wp\/v2\/types\/post"}],"author":[{"embeddable":true,"href":"https:\/\/www.fachodeluz.blog.br\/wp\/wp-json\/wp\/v2\/users\/2"}],"replies":[{"embeddable":true,"href":"https:\/\/www.fachodeluz.blog.br\/wp\/wp-json\/wp\/v2\/comments?post=20129"}],"version-history":[{"count":0,"href":"https:\/\/www.fachodeluz.blog.br\/wp\/wp-json\/wp\/v2\/posts\/20129\/revisions"}],"wp:attachment":[{"href":"https:\/\/www.fachodeluz.blog.br\/wp\/wp-json\/wp\/v2\/media?parent=20129"}],"wp:term":[{"taxonomy":"category","embeddable":true,"href":"https:\/\/www.fachodeluz.blog.br\/wp\/wp-json\/wp\/v2\/categories?post=20129"},{"taxonomy":"post_tag","embeddable":true,"href":"https:\/\/www.fachodeluz.blog.br\/wp\/wp-json\/wp\/v2\/tags?post=20129"}],"curies":[{"name":"wp","href":"https:\/\/api.w.org\/{rel}","templated":true}]}}