{"id":20242,"date":"2017-05-06T11:09:23","date_gmt":"2017-05-06T14:09:23","guid":{"rendered":"http:\/\/fachodeluz.blog.br\/wp\/?p=20242"},"modified":"2017-05-06T12:06:27","modified_gmt":"2017-05-06T15:06:27","slug":"a-renovacao-absoluta-de-entendimento","status":"publish","type":"post","link":"https:\/\/www.fachodeluz.blog.br\/wp\/2017\/05\/06\/a-renovacao-absoluta-de-entendimento\/","title":{"rendered":"A Renova\u00e7\u00e3o Absoluta De Entendimento!"},"content":{"rendered":"<h3 style=\"text-align: center;\"><span style=\"color: #521a1a;\">\u00a0\u00a0\u00a0 <a style=\"color: #521a1a;\" href=\"https:\/\/i0.wp.com\/fachodeluz.blog.br\/wp\/wp-content\/uploads\/2017\/05\/REN3.gif\"><img data-recalc-dims=\"1\" loading=\"lazy\" decoding=\"async\" loading=\"lazy\" class=\"aligncenter size-full wp-image-20243\" src=\"https:\/\/i0.wp.com\/fachodeluz.blog.br\/wp\/wp-content\/uploads\/2017\/05\/REN3.gif?resize=455%2C341\" alt=\"REN3\" width=\"455\" height=\"341\" \/><\/a><\/span><\/h3>\n<h3 style=\"text-align: center;\"><span style=\"color: #521a1a;\"><em>&#8220;E<span class=\"st\"> n\u00e3o vos conformeis com este mundo, mas transformai-vos pela renova\u00e7\u00e3o da vossa mente, para que proveis qual \u00e9 a boa, agrad\u00e1vel e perfeita vontade de Deus&#8221;.<\/span><\/em><\/span><\/h3>\n<h3 style=\"text-align: center;\"><span style=\"color: #521a1a;\">Romanos 12: 2 \u00a0 <\/span><\/h3>\n<h2 style=\"text-align: center;\"><span style=\"color: #521a1a;\">O ap\u00f3stolo Paulo assim disse:<em> &#8220;Transformai-vos pela renova\u00e7\u00e3o da vossa mente\u201d.<\/em> Esta instru\u00e7\u00e3o, levada a cabo em seu sentido absoluto, significa trocarmos todos os conceitos falhos e vis\u00edveis pela Verdade Absoluta, perfeita e invis\u00edvel para os sentidos mortais.<\/span><\/h2>\n<h2 style=\"text-align: center;\"><span style=\"color: #521a1a;\">A humanidade s\u00f3 deixar\u00e1 de ser iludida quando seguir\u00a0 \u00e0 risca as instru\u00e7\u00f5es reveladas e, de fato, cumpri-las em seu dia a dia.<\/span><\/h2>\n<h2 style=\"text-align: center;\"><span style=\"color: #521a1a;\">N\u00e3o h\u00e1 verdade alguma em \u201cmundo fenom\u00eanico\u201d nem em supostos \u201cmortais\u201d nele \u201cnascidos\u201d! Estas cren\u00e7as fraudulentas precisam ser\u00a0 derrubadas, banidas e anuladas! DEUS \u00c9 TUDO, E <em>&#8220;NELE VIVEMOS, NOS MOVEMOS E EXISTIMOS!\u201d.<\/em> \u00a0 <\/span><\/h2>\n<h2 style=\"text-align: center;\"><span style=\"color: #521a1a;\">Quando percebemos que o AMONTOADO DE CREN\u00c7AS COLETIVAS \u00c9 UMA ILUS\u00c3O, E N\u00c3O A VERDADE,<em> \u201cRENOVAMOS NOSSA MENTE&#8221;\u00a0<\/em> PARA NOS ALINHARMOS AO MESMO \u201cENTENDIMENTO DE DEUS\u201d SOBRE O UNIVERSO E SOBRE O SEU FILHO AMADO E PERFEITO QUE TODOS SOMOS!<\/span><\/h2>\n<h2 style=\"text-align: center;\"><span style=\"color: #521a1a;\">Esta \u201cRENOVA\u00c7\u00c3O\u201d \u00e9, portanto, nossa IDENTIFICA\u00c7\u00c3O com o \u201cponto de vista de Deus\u201d, com o \u201ctestemunho de Deus\u201d, com a <strong><em>MENTE DE DEUS!<\/em><\/strong><\/span><\/h2>\n<h2 style=\"text-align: center;\"><span style=\"color: #521a1a;\">Enquanto n\u00e3o houver um real e claro objetivo no sentido de aderirmos \u00e0 <strong><em>Verdade<\/em><\/strong> do Reino ONIPRESENTE, e da <strong><em>mentira<\/em><\/strong> do suposto \u201cmundo terreno\u201d, as revela\u00e7\u00f5es das <em>Escrituras<\/em> apenas ali figurar\u00e3o! Isto porque SOMENTE VERDADE CONHECIDA E PRATICADA SE REVELA COMO PODER! Jamais a ILUS\u00c3O ou suas \u201ccren\u00e7as ilus\u00f3rias\u201d far\u00e3o com que a Verdade seja por VOC\u00ca conhecida!<\/span><\/h2>\n<h2 style=\"text-align: center;\"><span style=\"color: #521a1a;\">A Mente REAL e J\u00c1 ATUANTE, como a Mente de todos n\u00f3s, \u00e9 a Mente DIVINA! Que ningu\u00e9m duvide desta Verdade Absoluta, s\u00f3 por acreditar e se achar iludido pela irreal &#8220;mente humana\u201d! \u00a0 Se algu\u00e9m SONHAR estar numa floresta, mesmo enquanto dure o sonho, <strong><em>a \u201cmente\u201d que sabe de sua presen\u00e7a no seu quarto JAMAIS \u00e9 anulada; tampouco a \u201cfloresta do sonho\u201d anula o quarto em que ele dorme! Por isso, ao acordar, o &#8220;quarto&#8221;\u00a0 lhe retorna inc\u00f3lume \u00e0 sua percep\u00e7\u00e3o!<br \/>\n<\/em><\/strong><\/span><\/h2>\n<h2 style=\"text-align: center;\"><span style=\"color: #521a1a;\">Esta analogia somente lhe ser\u00e1 \u00fatil quando a empregar com seriedade, determina\u00e7\u00e3o e radicalismo! Em que sentido? NO SENTIDO DE EFETIVAMENTE RENOVAR-LHE O ENTENDIMENTO! Ela deve lev\u00e1-lo a aceitar e aderir ao que \u00e9 ABSOLUTO:<\/span><\/h2>\n<h2 style=\"text-align: center;\"><span style=\"color: #521a1a;\">\u00a0<strong><em>\u201cEU, O EU QUE EU SOU, \u00c9 DEUS, O EU ABSOLUTO QUE \u00c9 A UNIDADE PERFEITA, E\u00a0 NELA, AQUI E AGORA, SE EVIDENCIA INDIVIDUALIZADO COMO O CRISTO, O FILHO DE DEUS &#8211; UNO COM DEUS &#8211; QUE EU SOU!&#8221;<\/em><\/strong><\/span><\/h2>\n<h2 style=\"text-align: center;\"><span style=\"color: #521a1a;\">Quando afirmamos e contemplamos estes FATOS ABSOLUTOS, as \u201ccren\u00e7as coletivas\u201d, que livremente sobre n\u00f3s atuavam, v\u00e3o se esvaindo! A Luz cr\u00edstica que somos incide sobre a suposta \u201cmente humana\u201d, e suas trevas ilus\u00f3rias se dissipam diante desta Luz divina!\u00a0 <\/span><\/h2>\n<h2 style=\"text-align: center;\"><span style=\"color: #521a1a;\">H\u00e1 ensinamentos que interpretam este acontecimento como \u201cevolu\u00e7\u00e3o da mente humana\u201d; ocorre, por\u00e9m, que <strong><em>&#8220;o que \u00e9 nada jamais evolui&#8221;!<\/em> <\/strong>Simplesmente SOME, dando lugar ao que \u00e9 REAL!\u00a0 <\/span><\/h2>\n<h2 style=\"text-align: center;\"><span style=\"color: #521a1a;\">NO CASO, <em>UNICAMENTE DEUS E A MENTE DE DEUS S\u00c3O REALIDADES!<\/em><\/span><\/h2>\n<h2 style=\"text-align: center;\"><span style=\"color: #521a1a;\">*<\/span><\/h2>\n","protected":false},"excerpt":{"rendered":"<p>\u00a0\u00a0\u00a0 &#8220;E n\u00e3o vos conformeis com este mundo, mas transformai-vos pela renova\u00e7\u00e3o da vossa mente, para que proveis qual \u00e9 a boa, agrad\u00e1vel e perfeita vontade de Deus&#8221;. Romanos 12: 2 \u00a0 O ap\u00f3stolo Paulo assim disse: &#8220;Transformai-vos pela renova\u00e7\u00e3o da vossa mente\u201d. Esta instru\u00e7\u00e3o, levada a cabo em seu sentido absoluto, significa trocarmos todos &hellip; <\/p>\n<p class=\"link-more\"><a href=\"https:\/\/www.fachodeluz.blog.br\/wp\/2017\/05\/06\/a-renovacao-absoluta-de-entendimento\/\" class=\"more-link\">Leia mais<span class=\"screen-reader-text\"> &#8220;A Renova\u00e7\u00e3o Absoluta De Entendimento!&#8221;<\/span><\/a><\/p>\n","protected":false},"author":2,"featured_media":0,"comment_status":"open","ping_status":"closed","sticky":false,"template":"","format":"standard","meta":{"nf_dc_page":"","_crdt_document":"","footnotes":""},"categories":[10],"tags":[],"class_list":["post-20242","post","type-post","status-publish","format-standard","hentry","category-darcio-dezolt"],"featured_media_urls":[],"_links":{"self":[{"href":"https:\/\/www.fachodeluz.blog.br\/wp\/wp-json\/wp\/v2\/posts\/20242","targetHints":{"allow":["GET"]}}],"collection":[{"href":"https:\/\/www.fachodeluz.blog.br\/wp\/wp-json\/wp\/v2\/posts"}],"about":[{"href":"https:\/\/www.fachodeluz.blog.br\/wp\/wp-json\/wp\/v2\/types\/post"}],"author":[{"embeddable":true,"href":"https:\/\/www.fachodeluz.blog.br\/wp\/wp-json\/wp\/v2\/users\/2"}],"replies":[{"embeddable":true,"href":"https:\/\/www.fachodeluz.blog.br\/wp\/wp-json\/wp\/v2\/comments?post=20242"}],"version-history":[{"count":0,"href":"https:\/\/www.fachodeluz.blog.br\/wp\/wp-json\/wp\/v2\/posts\/20242\/revisions"}],"wp:attachment":[{"href":"https:\/\/www.fachodeluz.blog.br\/wp\/wp-json\/wp\/v2\/media?parent=20242"}],"wp:term":[{"taxonomy":"category","embeddable":true,"href":"https:\/\/www.fachodeluz.blog.br\/wp\/wp-json\/wp\/v2\/categories?post=20242"},{"taxonomy":"post_tag","embeddable":true,"href":"https:\/\/www.fachodeluz.blog.br\/wp\/wp-json\/wp\/v2\/tags?post=20242"}],"curies":[{"name":"wp","href":"https:\/\/api.w.org\/{rel}","templated":true}]}}