{"id":20248,"date":"2017-05-07T10:52:00","date_gmt":"2017-05-07T13:52:00","guid":{"rendered":"http:\/\/fachodeluz.blog.br\/wp\/?p=20248"},"modified":"2017-05-07T10:58:58","modified_gmt":"2017-05-07T13:58:58","slug":"sois-o-templo-de-deus-2","status":"publish","type":"post","link":"https:\/\/www.fachodeluz.blog.br\/wp\/2017\/05\/07\/sois-o-templo-de-deus-2\/","title":{"rendered":"&#8220;Sois O Templo De Deus!&#8221;"},"content":{"rendered":"<h3 style=\"text-align: center;\"><span style=\"color: #800000;\"><a style=\"color: #800000;\" href=\"https:\/\/i0.wp.com\/fachodeluz.blog.br\/wp\/wp-content\/uploads\/2017\/05\/TEMPLO.gif\"><img data-recalc-dims=\"1\" loading=\"lazy\" decoding=\"async\" loading=\"lazy\" class=\"aligncenter size-full wp-image-20249\" src=\"https:\/\/i0.wp.com\/fachodeluz.blog.br\/wp\/wp-content\/uploads\/2017\/05\/TEMPLO.gif?resize=455%2C341\" alt=\"TEMPLO\" width=\"455\" height=\"341\" \/><\/a><\/span><\/h3>\n<h3 style=\"text-align: center;\"><span style=\"color: #800000;\"><em>&#8220;N\u00e3o sabeis v\u00f3s que sois o templo de Deus e que o Esp\u00edrito de Deus habita em v\u00f3s?&#8221;<\/em><\/span><\/h3>\n<h3 style=\"text-align: center;\"><span style=\"color: #800000;\">I Cor\u00edntios, 3: 16<\/span><\/h3>\n<h2 style=\"text-align: center;\"><span style=\"color: #800000;\">N\u00e3o basta apenas determinar que<em> \u201cn\u00e3o chamemos de pai a ningu\u00e9m sobre a face da Terra\u201d;<\/em> cada ilus\u00f3ria \u201cetapa\u201d, do grandioso \u201ctrote\u201d passado ao mundo como \u201cverdade\u201d, precisa ser <em>destru\u00edda<\/em> pela \u201cVERDADE VERDADEIRA\u201d.<\/span><\/h2>\n<h2 style=\"text-align: center;\"><span style=\"color: #800000;\">A Verdade \u00e9 conhecida pelo \u201cCora\u00e7\u00e3o\u201d e jamais pela suposta \u201craz\u00e3o humana\u201d. Deus, quando acreditado por algu\u00e9m, n\u00e3o pode ser entendido nem explicado no \u201cpatamar do trote\u201d; e, quando desacreditado, \u00e9 entendido como \u201cinexistente\u201d, porque aos chamados ateus, se Deus existisse, n\u00e3o deixaria \u201calgu\u00e9m sofrer no trote\u201d, aceito por eles pr\u00f3prios como \u201cexistente\u201d. Assim, \u201cateus\u201d s\u00e3o os seres ilus\u00f3rios que desacreditam de Deus por acreditarem existir como \u201cseres humanos\u201d. Diante disso, o mais s\u00e1bio ser\u00e1 \u201cimitarmos Jesus frente a Pilatos\u201d, silenciosos,\u00a0 em vez de pretendermos\u00a0 lhes explicar\u00a0 <em>&#8220;o que \u00e9 a Verdade\u201d.<\/em><\/span><\/h2>\n<h2 style=\"text-align: center;\"><span style=\"color: #800000;\">As\u00a0 <em>Mensagens do Facho de Luz<\/em> \u00a0n\u00e3o s\u00e3o direcionadas \u00e0 \u201cmente iludida\u201d, mas ao <em>\u201cCora\u00e7\u00e3o Aberto\u201d,<\/em>\u00a0 receptivo \u00e0 Verdade de a Mente divina\u00a0 estar sendo TUDO e sendo TODOS, aqui e agora! <\/span><\/h2>\n<h2 style=\"text-align: center;\"><span style=\"color: #800000;\">A REALIDADE \u00c9 O <strong><em>\u201cCORA\u00c7\u00c3O DA VERDADE&#8221;<\/em><\/strong> SE EVIDENCIANDO\u201d! Qualquer coisa que se diga, ao alcance apenas do intelecto, ser\u00e1 o mesmo que nada! Lao Ts\u00e9 j\u00e1 havia descoberto isso, ao declarar: <strong><em>\u201cSe pudermos defini-Lo, j\u00e1 n\u00e3o ser\u00e1 Ele!\u201d.<\/em><\/strong> Isto \u00e9 mais que not\u00f3rio! A Vida \u00e9 o maior exemplo, pois, n\u00e3o h\u00e1 \u201cateu negando Deus\u201d que possa \u201cnegar estar vivendo\u201d; por\u00e9m, se lhe dissermos: <em>\u201cDeus \u00e9 sua Vida&#8221;,<\/em> ele dar\u00e1 risada!<\/span><\/h2>\n<h2 style=\"text-align: center;\"><span style=\"color: #800000;\">O fato \u00e9 que a VERDADE \u00c9 CONHECIDA EM SI MESMA, E N\u00c3O NO MUNDO, ou na suposta \u201cmente de algu\u00e9m do mundo\u201d. ISTO QUER DIZER QUE A VERDADE \u00c9 CONHECIDA\u00a0 UNICAMENTE POR DEUS, <strong><em>E N\u00d3S A CONHECEMOS, PORTANTO, MEDIANTE A PLENA CONVIC\u00c7\u00c3O DE QUE DEUS \u00c9 \u201cQUEM SOMOS\u201d\u00a0 &#8211;<\/em><\/strong> NO REINO DO ABSOLUTO ETERNO!<\/span><\/h2>\n<h2 style=\"text-align: center;\"><span style=\"color: #800000;\">Enquanto o \u201creferencial do trote\u201d for empregado, teremos a <strong><em>ILUS\u00c3O<\/em><\/strong> sendo acreditada como real; e \u00e9 quando algu\u00e9m diz meditar, contemplar que DEUS \u00c9 TUDO, at\u00e9 que encerre sua medita\u00e7\u00e3o para <strong><em>VOLTAR A ENDOSSAR \u201cMUNDO MATERIAL\u201d, \u201cCORPO CARNAL NASCIDO\u201d, ETC..<\/em><\/strong><\/span><\/h2>\n<h2 style=\"text-align: center;\"><span style=\"color: #800000;\"><strong><em>DEUS \u00c9 ESP\u00cdRITO, \u00c9 IMUTABILIDADE, \u00c9 TOTALIDADE!<\/em><\/strong> Jamais existiram \u201ccorpos nascidos\u201d, \u201cencarnados\u201d, \u00a0\u201cadoecidos\u201d, \u201ccurados\u201d,\u00a0 &#8220;envelhecidos&#8221;, \u201cmortos\u201d, \u201cressuscitados\u201d ou \u201creencarnados\u201d. DESPOJE-SE DE CADA UM DELES COMO PUROS\u00a0 EMBUSTES! <\/span><\/h2>\n<h2 style=\"text-align: center;\"><span style=\"color: #800000;\">DEUS, EM SEU <strong><em>AGORA ETERNO,<\/em><\/strong> SE EVIDENCIA COMO \u201cCORPO\u201d SEM COME\u00c7O, SEM MUDAN\u00c7A E SEM FIM! POR ISSO, O SEU CORPO \u00c9 UM ILUMINADO \u201cTEMPLO DE DEUS\u201d \u2013 EXATAMENTE <em>AQUI E AGORA!<\/em> <\/span><\/h2>\n<h2 style=\"text-align: center;\"><span style=\"color: #800000;\">SAIBA DISSO NO &#8220;SIL\u00caNCIO&#8221; &#8211;\u00a0\u00a0 E COM <strong><em>O &#8220;CORA\u00c7\u00c3O&#8221;!<\/em><\/strong><\/span><\/h2>\n<h2 style=\"text-align: center;\"><span style=\"color: #800000;\">*<\/span><\/h2>\n","protected":false},"excerpt":{"rendered":"<p>&#8220;N\u00e3o sabeis v\u00f3s que sois o templo de Deus e que o Esp\u00edrito de Deus habita em v\u00f3s?&#8221; I Cor\u00edntios, 3: 16 N\u00e3o basta apenas determinar que \u201cn\u00e3o chamemos de pai a ningu\u00e9m sobre a face da Terra\u201d; cada ilus\u00f3ria \u201cetapa\u201d, do grandioso \u201ctrote\u201d passado ao mundo como \u201cverdade\u201d, precisa ser destru\u00edda pela \u201cVERDADE VERDADEIRA\u201d. &hellip; <\/p>\n<p class=\"link-more\"><a href=\"https:\/\/www.fachodeluz.blog.br\/wp\/2017\/05\/07\/sois-o-templo-de-deus-2\/\" class=\"more-link\">Leia mais<span class=\"screen-reader-text\"> &#8220;&#8220;Sois O Templo De Deus!&#8221;&#8221;<\/span><\/a><\/p>\n","protected":false},"author":2,"featured_media":0,"comment_status":"open","ping_status":"closed","sticky":false,"template":"","format":"standard","meta":{"nf_dc_page":"","_crdt_document":"","footnotes":""},"categories":[10],"tags":[],"class_list":["post-20248","post","type-post","status-publish","format-standard","hentry","category-darcio-dezolt"],"featured_media_urls":[],"_links":{"self":[{"href":"https:\/\/www.fachodeluz.blog.br\/wp\/wp-json\/wp\/v2\/posts\/20248","targetHints":{"allow":["GET"]}}],"collection":[{"href":"https:\/\/www.fachodeluz.blog.br\/wp\/wp-json\/wp\/v2\/posts"}],"about":[{"href":"https:\/\/www.fachodeluz.blog.br\/wp\/wp-json\/wp\/v2\/types\/post"}],"author":[{"embeddable":true,"href":"https:\/\/www.fachodeluz.blog.br\/wp\/wp-json\/wp\/v2\/users\/2"}],"replies":[{"embeddable":true,"href":"https:\/\/www.fachodeluz.blog.br\/wp\/wp-json\/wp\/v2\/comments?post=20248"}],"version-history":[{"count":0,"href":"https:\/\/www.fachodeluz.blog.br\/wp\/wp-json\/wp\/v2\/posts\/20248\/revisions"}],"wp:attachment":[{"href":"https:\/\/www.fachodeluz.blog.br\/wp\/wp-json\/wp\/v2\/media?parent=20248"}],"wp:term":[{"taxonomy":"category","embeddable":true,"href":"https:\/\/www.fachodeluz.blog.br\/wp\/wp-json\/wp\/v2\/categories?post=20248"},{"taxonomy":"post_tag","embeddable":true,"href":"https:\/\/www.fachodeluz.blog.br\/wp\/wp-json\/wp\/v2\/tags?post=20248"}],"curies":[{"name":"wp","href":"https:\/\/api.w.org\/{rel}","templated":true}]}}