{"id":20416,"date":"2017-06-09T11:38:15","date_gmt":"2017-06-09T14:38:15","guid":{"rendered":"http:\/\/fachodeluz.blog.br\/wp\/?p=20416"},"modified":"2017-06-09T12:04:38","modified_gmt":"2017-06-09T15:04:38","slug":"afirme-reconheca-e-se-abra-ao-divino-parecer","status":"publish","type":"post","link":"https:\/\/www.fachodeluz.blog.br\/wp\/2017\/06\/09\/afirme-reconheca-e-se-abra-ao-divino-parecer\/","title":{"rendered":"Afirme, Reconhe\u00e7a E Se Abra Ao Divino Parecer!"},"content":{"rendered":"<p>&nbsp;<\/p>\n<h2 style=\"text-align: center;\"><a href=\"https:\/\/i0.wp.com\/fachodeluz.blog.br\/wp\/wp-content\/uploads\/2017\/06\/profetas1.gif\"><img data-recalc-dims=\"1\" loading=\"lazy\" decoding=\"async\" loading=\"lazy\" class=\"aligncenter size-full wp-image-20417\" src=\"https:\/\/i0.wp.com\/fachodeluz.blog.br\/wp\/wp-content\/uploads\/2017\/06\/profetas1.gif?resize=455%2C455\" alt=\"profetas1\" width=\"455\" height=\"455\" \/><\/a><\/h2>\n<h2 style=\"text-align: center;\"><span style=\"color: #332828;\">A pr\u00e1tica da Verdade lida com o \u201cPARECER DIVINO\u201d dos FATOS, e jamais com o ERR\u00d4NEO E ILUS\u00d3RIO \u201cPARECER DA MENTE CARNAL\u201d. A aparente \u201cbatalha\u201d entre a VERDADE e a ILUS\u00c3O somente ser\u00e1 entendida como descabida quando O FATO ESPIRITUAL for reconhecido como <strong><em>PERFEI\u00c7\u00c3O PRESENTE,<\/em> <\/strong>por ser este o <strong><em>PARECER DIVINO<\/em><\/strong> sobre TODOS OS FATOS,\u00a0 e com o concomitante reconhecimento de que a <strong><em>SUPOSTA IMPERFEI\u00c7\u00c3O,<\/em><\/strong> sugerida pelo <em>\u201cPARECER DA MENTE CARNAL&#8221;<\/em> \u00c9 COMPLETAMENTE INV\u00c1LIDO E FALSO, <strong><em>PURA \u201cAUS\u00caNCIA\u201d SE FAZENDO PASSAR POR \u201cPRESEN\u00c7A\u201d.<\/em><\/strong><\/span><\/h2>\n<h2 style=\"text-align: center;\"><span style=\"color: #332828;\"><strong><em>\u201cComo est\u00e1 escrito: As coisas que o olho n\u00e3o viu, e o ouvido n\u00e3o ouviu, e n\u00e3o subiram ao cora\u00e7\u00e3o do homem, s\u00e3o as que Deus preparou para os que o amam. Mas Deus no-las revelou pelo seu Esp\u00edrito; porque o Esp\u00edrito penetra todas as coisas, ainda as profundezas de Deus\u201d<\/em><\/strong> (1 Cor. 2: 9-10).<\/span><\/h2>\n<h2 style=\"text-align: center;\"><span style=\"color: #332828;\">Esta cita\u00e7\u00e3o de Paulo exp\u00f5e o <em><strong>PARECER DE DEUS<\/strong><\/em> frente ao <strong><em>PARECER MENTIROSO DA MENTE CARNAL!<\/em> <\/strong>Revela que O FATO REAL \u00e9 testemunhado pelo <strong><em>Esp\u00edrito de Deus<\/em><\/strong> e que A ILUS\u00c3O \u00e9 supostamente testemunhada pela\u00a0 irreal \u201cmente carnal\u201d! Em outras palavras, em lugar do suposto \u201cmundo do pai da mentira\u201d, captado como mundo material pela suposta \u201cmente humana\u201d, <strong><em>encontra-se PRESENTE unicamente o PERFEITO E ESPLENDOROSO REINO DE DEUS!<\/em><\/strong> <\/span><\/h2>\n<h2 style=\"text-align: center;\"><span style=\"color: #332828;\">Isto explica a resposta dada por Jesus, ao ser indagado pelos disc\u00edpulos sobre <strong><em>\u201cquando viria o Reino de Deus\u201d.<\/em> <\/strong>Assim disse ele: <strong><em>\u201cO REINO EST\u00c1 PRESENTE NO MUNDO INTEIRO, MAS OS HOMENS \u2013 A MENTE CARNAL \u2013 N\u00c3O O ENXERGAM!\u201d<\/em> <\/strong>(Evangelho de Tom\u00e9).<\/span><\/h2>\n<h2 style=\"text-align: center;\"><span style=\"color: #332828;\">Esta Verdade \u00e9 ABSOLUTA, v\u00e1lida\u00a0 tanto para o Universo infinito como para cada &#8220;partezinha&#8221; dele!\u00a0 <\/span><em>\u201cE VIU DEUS TUDO QUANTO FIZERA, E EIS QUE ACHOU MUITO BOM\u201d<\/em> (G\u00eanesis 1: 31).<\/h2>\n<h2 style=\"text-align: center;\"><span style=\"color: #332828;\">No linguajar de Buda, a mesma revela\u00e7\u00e3o assim foi declarada: <strong><em>\u201cTUDO J\u00c1 \u00c9 ILUMINADO! OLHOS, OUVIDOS, NARIZ, L\u00cdNGUA, CORPO E MENTE S\u00c3O O NADA\u201d!<\/em><\/strong><\/span><\/h2>\n<h2 style=\"text-align: center;\"><span style=\"color: #332828;\">Os \u00a0supostos relatos &#8220;de cura\u201d, ou &#8220;de solu\u00e7\u00e3o de problemas\u201d, jamais se deram como costumeiramente s\u00e3o entendidos. Por qu\u00ea? POR SEREM VISTOS COMO <em>\u201cIMPERFEI\u00c7\u00d5ES CORRIGIDAS PELA VERDADE\u201d,<\/em> QUANDO O QUE, DE FATO ACONTECE. \u00c9 O ENDOSSO DO <strong><em>FATO VERDADEIRAMENTE\u00a0 PRESENTE,<\/em> <\/strong>SEGUNDO O <strong><em>\u201cPARECER DE DEUS\u201d,<\/em><\/strong> COM\u00a0 O ABANDONO DO \u201cFATO AUSENTE\u201d, QUE ERA MERAMENTE UMA <strong><em>ILUS\u00c3O<\/em><\/strong> SE FAZENDO PASSAR POR <strong><em>\u201cPARECER DA MENTE CARNAL\u201d.<\/em><\/strong><\/span><\/h2>\n<h2 style=\"text-align: center;\"><span style=\"color: #332828;\">Um exemplo simples, mas esclarecedor, encontrei num relato publicado pela\u00a0 Ci\u00eancia Crist\u00e3. Uma senhora, vendo sua filha pequena passando mal, saiu desesperada pelas ruas em busca de socorro. Vendo uma pens\u00e3o, nela entrou e contou o caso a duas senhoras que ali estavam. As duas concordaram em ver a menina, porque era um lugarejo e o m\u00e9dico local estava fora. Chegando \u00e0 casa, uma das duas senhoras, diante da menina, assim disse: <em>\u201cNossa! Est\u00e1 ardendo de febre!\u201d.<\/em> Entretanto, a segunda senhora assim afirmou: <em>\u201cN\u00e3o h\u00e1 nada de errado com esta crian\u00e7a!\u201d.<\/em> Puxou um assunto com a menina, que, logo depois, saltou da cama sem problema nenhum! Era uma praticista da <em>Ci\u00eancia Crist\u00e3!<\/em><\/span><\/h2>\n<h2 style=\"text-align: center;\"><span style=\"color: #332828;\">A pr\u00e1tica da Verdade est\u00e1 em afirmarmos, reconhecermos como v\u00e1lido o <strong><em>PARECER DE DEUS<\/em><\/strong> sobre os FATOS, e <strong><em>NOS ABRIRMOS \u00c0 SUA ONIA\u00c7\u00c3O!<\/em><\/strong><\/span><\/h2>\n<h2 style=\"text-align: center;\"><span style=\"color: #332828;\">\u00a0*<\/span><\/h2>\n","protected":false},"excerpt":{"rendered":"<p>&nbsp; A pr\u00e1tica da Verdade lida com o \u201cPARECER DIVINO\u201d dos FATOS, e jamais com o ERR\u00d4NEO E ILUS\u00d3RIO \u201cPARECER DA MENTE CARNAL\u201d. A aparente \u201cbatalha\u201d entre a VERDADE e a ILUS\u00c3O somente ser\u00e1 entendida como descabida quando O FATO ESPIRITUAL for reconhecido como PERFEI\u00c7\u00c3O PRESENTE, por ser este o PARECER DIVINO sobre TODOS OS &hellip; <\/p>\n<p class=\"link-more\"><a href=\"https:\/\/www.fachodeluz.blog.br\/wp\/2017\/06\/09\/afirme-reconheca-e-se-abra-ao-divino-parecer\/\" class=\"more-link\">Leia mais<span class=\"screen-reader-text\"> &#8220;Afirme, Reconhe\u00e7a E Se Abra Ao Divino Parecer!&#8221;<\/span><\/a><\/p>\n","protected":false},"author":2,"featured_media":0,"comment_status":"open","ping_status":"closed","sticky":false,"template":"","format":"standard","meta":{"nf_dc_page":"","_crdt_document":"","footnotes":""},"categories":[10],"tags":[],"class_list":["post-20416","post","type-post","status-publish","format-standard","hentry","category-darcio-dezolt"],"featured_media_urls":[],"_links":{"self":[{"href":"https:\/\/www.fachodeluz.blog.br\/wp\/wp-json\/wp\/v2\/posts\/20416","targetHints":{"allow":["GET"]}}],"collection":[{"href":"https:\/\/www.fachodeluz.blog.br\/wp\/wp-json\/wp\/v2\/posts"}],"about":[{"href":"https:\/\/www.fachodeluz.blog.br\/wp\/wp-json\/wp\/v2\/types\/post"}],"author":[{"embeddable":true,"href":"https:\/\/www.fachodeluz.blog.br\/wp\/wp-json\/wp\/v2\/users\/2"}],"replies":[{"embeddable":true,"href":"https:\/\/www.fachodeluz.blog.br\/wp\/wp-json\/wp\/v2\/comments?post=20416"}],"version-history":[{"count":0,"href":"https:\/\/www.fachodeluz.blog.br\/wp\/wp-json\/wp\/v2\/posts\/20416\/revisions"}],"wp:attachment":[{"href":"https:\/\/www.fachodeluz.blog.br\/wp\/wp-json\/wp\/v2\/media?parent=20416"}],"wp:term":[{"taxonomy":"category","embeddable":true,"href":"https:\/\/www.fachodeluz.blog.br\/wp\/wp-json\/wp\/v2\/categories?post=20416"},{"taxonomy":"post_tag","embeddable":true,"href":"https:\/\/www.fachodeluz.blog.br\/wp\/wp-json\/wp\/v2\/tags?post=20416"}],"curies":[{"name":"wp","href":"https:\/\/api.w.org\/{rel}","templated":true}]}}