{"id":20473,"date":"2017-06-17T12:28:12","date_gmt":"2017-06-17T15:28:12","guid":{"rendered":"http:\/\/fachodeluz.blog.br\/wp\/?p=20473"},"modified":"2017-06-17T12:49:16","modified_gmt":"2017-06-17T15:49:16","slug":"ninguem-pode-arrebata-las-da-mao-de-meu-pai","status":"publish","type":"post","link":"https:\/\/www.fachodeluz.blog.br\/wp\/2017\/06\/17\/ninguem-pode-arrebata-las-da-mao-de-meu-pai\/","title":{"rendered":"&#8220;Ningu\u00e9m Pode Arrebat\u00e1-las Da M\u00e3o De Meu Pai!&#8221;"},"content":{"rendered":"<h2 style=\"text-align: center;\"><a href=\"https:\/\/i0.wp.com\/fachodeluz.blog.br\/wp\/wp-content\/uploads\/2017\/06\/bom-pastor1.gif\"><img data-recalc-dims=\"1\" loading=\"lazy\" decoding=\"async\" loading=\"lazy\" class=\"aligncenter size-full wp-image-20474\" src=\"https:\/\/i0.wp.com\/fachodeluz.blog.br\/wp\/wp-content\/uploads\/2017\/06\/bom-pastor1.gif?resize=455%2C532\" alt=\"bom pastor1\" width=\"455\" height=\"532\" \/><\/a><\/h2>\n<h3 style=\"text-align: center;\"><span style=\"color: #276127;\"><em>\u201cE dou-lhes a Vida Eterna, e nunca h\u00e3o de perecer, e ningu\u00e9m as arrebatar\u00e1 da minha m\u00e3o. Meu Pai, que mas deu, \u00e9 maior do que todos; e ningu\u00e9m pode arrebat\u00e1-las da m\u00e3o de meu Pai. Eu e o Pai somos um\u201d.<\/em><\/span><\/h3>\n<h3 style=\"text-align: center;\"><span style=\"color: #276127;\">Jo\u00e3o 10: 28-30<\/span><\/h3>\n<h2 style=\"text-align: center;\"><span style=\"color: #276127;\">Vezes e mais vezes, \u00a0as postagens da Verdade endossam o FATO GRANDIOSO de que DEUS \u00c9 TUDO: <strong><em>ONIPOTENTE, ONIPRESENTE, ONISCIENTE E ONIATIVO. \u00a0<\/em><\/strong>Ler e afirmar estes aspectos de Deus demonstram a nossa concord\u00e2ncia com a Verdade, o que nos deixa abertos e receptivos \u00e0 PRESEN\u00c7A DE DEUS sendo CONTEMPLADA como a NOSSA PRESEN\u00c7A, ESPIRITUAL E PERMANENTE,<strong><em> inclusa em Sua TOTALIDADE.<\/em><\/strong><\/span><\/h2>\n<h2 style=\"text-align: center;\"><span style=\"color: #276127;\">O que h\u00e1, \u00e9 simplesmente uma CREN\u00c7A FALSA, admitindo a ILUS\u00c3O\u00a0 de um \u201crebanho\u201d esparramado de ovelhas desgarradas ou perdidas, algumas aos &#8220;olhos do \u201cpastor\u201d, e outras\u00a0 supostamente &#8220;afastadas ou sumidas dele&#8221;. Esta \u00e9 a CREN\u00c7A SEPARATISTA que nega a Verdade da <strong><em>UNIDADE INDISSOL\u00daVEL<\/em><\/strong> da Realidade divina,\u00a0 cren\u00e7a fraudulenta pregada e endossada por diversas\u00a0 igrejas e religi\u00f5es do mundo!<\/span><\/h2>\n<h2 style=\"text-align: center;\"><span style=\"color: #276127;\"><strong><em>\u201cO Bom Pastor \u00e9 AQUELE que D\u00c1 A VIDA pelas suas ovelhas\u201d,<\/em><\/strong> disse Jesus. Disse tamb\u00e9m: <strong><em>\u201cEU SOU O BOM PASTOR\u201d!<\/em><\/strong> Tendo em m\u00e3os estas revela\u00e7\u00f5es absolutas, por\u00e9m, lidando com elas a partir do FALSO REFERENCIAL ILUS\u00d3RIO E TERRENO, o mundo religioso veio pregando que, nesta par\u00e1bola, \u201csomos todos ovelhas&#8221;, e que s\u00f3 Jesus \u00e9 o bom pastor\u201d. Ao que parece, a resposta <strong><em>\u201cPor que me chamas bom? Bom s\u00f3 h\u00e1 UM que \u00e9 DEUS\u201d,<\/em><\/strong> \u00a0dada por Jesus \u00e0quele que o tratava por \u201cBom Mestre\u201d, passou em branco e foi desprezada por estes religiosos! Ou ent\u00e3o,\u00a0 seria uma\u00a0 tremenda contradi\u00e7\u00e3o, se as coloca\u00e7\u00f5es verdadeiras fossem no sentido pregado por eles!<\/span><\/h2>\n<h2 style=\"text-align: center;\"><span style=\"color: #276127;\">Jesus tinha por REFERENCIAL DE EXIST\u00caNCIA a <strong><em>UNIDADE PERFEITA,<\/em><\/strong> e jamais sua suposta \u201cpresen\u00e7a pessoal\u201d, isolada do TODO; assim, a <strong><em>\u00daNICA VIDA POSS\u00cdVEL DE SER &#8220;DADA PELAS OVELHAS&#8221;, SERIA A VIDA DO PAI\u00a0 SE REVELANDO E SUBSTITUINDO A FALSA CREN\u00c7A DUALISTA DE QUE ESTIVESSEM EXISTINDO \u00a0\u201cPASTOR E OVELHAS\u201d.<\/em> <\/strong><\/span><\/h2>\n<h2 style=\"text-align: center;\"><span style=\"color: #276127;\">ESTE \u00c9 O SENTIDO DO QUE FOI DITO: <strong><em>&#8220;NINGU\u00c9M PODE ARREBAT\u00c1-LAS DA M\u00c3O DE MEU PAI!&#8221;.<\/em> <\/strong><\/span><\/h2>\n<h2 style=\"text-align: center;\"><span style=\"color: #276127;\">Em Jo\u00e3o 10: 28-30, encontramos: <strong><em>\u201cE dou-lhes a Vida Eterna, e nunca h\u00e3o de perecer, e ningu\u00e9m as arrebatar\u00e1 da minha m\u00e3o. Meu Pai, que mas deu, \u00e9 maior do que todos; e ningu\u00e9m pode arrebat\u00e1-las da m\u00e3o de meu Pai. <\/em><\/strong>Eu e o Pai somos um\u201d. <\/span><\/h2>\n<h2 style=\"text-align: center;\"><span style=\"color: #276127;\">\u00c9, aqui, deixado bem claro o sentido verdadeiro das palavras de Jesus: O PASTOR QUE N\u00d3S D\u00c1 VIDA \u00c9 O PAI ONIPRESENTE <strong><em>SENDO UM COM O CRISTO QUE SOMOS,<\/em> <\/strong>A VIDA REAL ETERNA, que vinha sendo <em>ERRONEAMENTE<\/em> aceita como \u201cvida terrena, tempor\u00e1ria e mortal\u201d.<\/span><\/h2>\n<h2 style=\"text-align: center;\"><span style=\"color: #276127;\"><strong><em>\u201cQuem ama a sua vida a perder\u00e1, e quem neste mundo aborrece a sua vida, a guardar\u00e1 para a vida eterna\u201d<\/em> <\/strong>(Jo\u00e3o 12: 25). Em outras palavras, <strong><em>SOMENTE A VIDA ETERNA \u00c9 REAL, \u00c9 DEUS, E \u00c9 A NOSSA VIDA,<\/em><\/strong> enquanto toda \u201cvida pessoal\u201d, supostamente \u201cnascida em mundo material\u201d, \u00e9 ILUS\u00c3O, raz\u00e3o pela qual,\u00a0 aparentemente, SER\u00c1 PERDIDA!\u00a0 POR QU\u00ca? \u00b4PORQUE <\/span><strong><em><span style=\"color: #276127;\">JAMAIS ESTEVE SENDO \u201cVIDA VERDADEIRA&#8221; DE NINGU\u00c9M!<\/span><\/em><\/strong><\/h2>\n<h2 style=\"text-align: center;\"><span style=\"color: #276127;\"> *<\/span><\/h2>\n<p style=\"text-align: center;\">\n","protected":false},"excerpt":{"rendered":"<p>\u201cE dou-lhes a Vida Eterna, e nunca h\u00e3o de perecer, e ningu\u00e9m as arrebatar\u00e1 da minha m\u00e3o. Meu Pai, que mas deu, \u00e9 maior do que todos; e ningu\u00e9m pode arrebat\u00e1-las da m\u00e3o de meu Pai. Eu e o Pai somos um\u201d. Jo\u00e3o 10: 28-30 Vezes e mais vezes, \u00a0as postagens da Verdade endossam o &hellip; <\/p>\n<p class=\"link-more\"><a href=\"https:\/\/www.fachodeluz.blog.br\/wp\/2017\/06\/17\/ninguem-pode-arrebata-las-da-mao-de-meu-pai\/\" class=\"more-link\">Leia mais<span class=\"screen-reader-text\"> &#8220;&#8220;Ningu\u00e9m Pode Arrebat\u00e1-las Da M\u00e3o De Meu Pai!&#8221;&#8221;<\/span><\/a><\/p>\n","protected":false},"author":2,"featured_media":0,"comment_status":"open","ping_status":"closed","sticky":false,"template":"","format":"standard","meta":{"nf_dc_page":"","_crdt_document":"","footnotes":""},"categories":[10],"tags":[],"class_list":["post-20473","post","type-post","status-publish","format-standard","hentry","category-darcio-dezolt"],"featured_media_urls":[],"_links":{"self":[{"href":"https:\/\/www.fachodeluz.blog.br\/wp\/wp-json\/wp\/v2\/posts\/20473","targetHints":{"allow":["GET"]}}],"collection":[{"href":"https:\/\/www.fachodeluz.blog.br\/wp\/wp-json\/wp\/v2\/posts"}],"about":[{"href":"https:\/\/www.fachodeluz.blog.br\/wp\/wp-json\/wp\/v2\/types\/post"}],"author":[{"embeddable":true,"href":"https:\/\/www.fachodeluz.blog.br\/wp\/wp-json\/wp\/v2\/users\/2"}],"replies":[{"embeddable":true,"href":"https:\/\/www.fachodeluz.blog.br\/wp\/wp-json\/wp\/v2\/comments?post=20473"}],"version-history":[{"count":0,"href":"https:\/\/www.fachodeluz.blog.br\/wp\/wp-json\/wp\/v2\/posts\/20473\/revisions"}],"wp:attachment":[{"href":"https:\/\/www.fachodeluz.blog.br\/wp\/wp-json\/wp\/v2\/media?parent=20473"}],"wp:term":[{"taxonomy":"category","embeddable":true,"href":"https:\/\/www.fachodeluz.blog.br\/wp\/wp-json\/wp\/v2\/categories?post=20473"},{"taxonomy":"post_tag","embeddable":true,"href":"https:\/\/www.fachodeluz.blog.br\/wp\/wp-json\/wp\/v2\/tags?post=20473"}],"curies":[{"name":"wp","href":"https:\/\/api.w.org\/{rel}","templated":true}]}}