{"id":20480,"date":"2017-06-18T11:14:22","date_gmt":"2017-06-18T14:14:22","guid":{"rendered":"http:\/\/fachodeluz.blog.br\/wp\/?p=20480"},"modified":"2017-06-18T12:37:50","modified_gmt":"2017-06-18T15:37:50","slug":"vislumbre-a-perfeicao-incolume-sob-o-veu-da-mentira","status":"publish","type":"post","link":"https:\/\/www.fachodeluz.blog.br\/wp\/2017\/06\/18\/vislumbre-a-perfeicao-incolume-sob-o-veu-da-mentira\/","title":{"rendered":"Vislumbre A Perfei\u00e7\u00e3o Inc\u00f3lume Sob O &#8220;V\u00e9u Da Mentira&#8221;!"},"content":{"rendered":"<h2 style=\"text-align: center;\"><a href=\"https:\/\/i0.wp.com\/fachodeluz.blog.br\/wp\/wp-content\/uploads\/2017\/06\/Pinoquio-nariz-1.gif\"><img data-recalc-dims=\"1\" loading=\"lazy\" decoding=\"async\" loading=\"lazy\" class=\"aligncenter size-full wp-image-20481\" src=\"https:\/\/i0.wp.com\/fachodeluz.blog.br\/wp\/wp-content\/uploads\/2017\/06\/Pinoquio-nariz-1.gif?resize=455%2C303\" alt=\"Pinoquio-nariz\" width=\"455\" height=\"303\" \/><\/a><\/h2>\n<h2 style=\"text-align: center;\"><span style=\"color: #3c3c61;\">A Realidade \u00e9 DEUS Se expressando <em>como<\/em> Universo e <em>como<\/em> o Cristo que somos! Este FATO \u00e9 inalter\u00e1vel, sempre presente,\u00a0 inc\u00f3lume e perfeito, AQUI E AGORA. Por que isto precisa ser dito? Por um s\u00f3 motivo: esta perfei\u00e7\u00e3o divina e infinita APARENTA estar ausente, e isto, unicamente por APARENTAR ESTAR ENCOBERTA POR\u00a0 UMA SIMPLES \u201cMIRAGEM\u201d!<\/span><\/h2>\n<h2 style=\"text-align: center;\"><span style=\"color: #3c3c61;\">Na B\u00edblia encontramos a declara\u00e7\u00e3o de Jo\u00e3o: <em>\u201cO mundo inteiro jaz no maligno!\u201d.<\/em> Estaria dizendo que \u201co mal&#8221; est\u00e1 PRESENTE em toda parte? N\u00c3O! Explicava que A MENTIRA estava sendo aceita como VERDADE! A MENTE DIVINA, \u00daNICA E PERFEITA, estava sendo APARENTEMENTE substitu\u00edda por &#8220;OUTRA MENTE&#8221;, IRREAL E INEXISTENTE, raz\u00e3o pela qual h\u00e1 uma APARENTE necessidade de denunciarmos sua PRESEN\u00c7A ILUS\u00d3RIA como sendo mero <strong><em>\u201cefeito hipn\u00f3tico\u201d!<\/em><\/strong><\/span><\/h2>\n<h2 style=\"text-align: center;\"><span style=\"color: #3c3c61;\">O ap\u00f3stolo Paulo deu a esta \u201cmente fict\u00edcia\u201d o nome de \u201cmente carnal\u201d! Esta <strong><em>\u201cmente em ilus\u00e3o\u201d<\/em> <\/strong>\u00e9, na verdade, uma <em><strong>\u201cilus\u00e3o de mente\u201d!<\/strong><\/em> Jamais esteve, est\u00e1 ou estar\u00e1 \u201csendo realidade&#8221;! Entretanto, n\u00e3o s\u00f3 \u00e9 aceita pela maioria como existente, como, ainda por cima, \u00e9 entendida como \u201cpermiss\u00e3o de Deus\u201d, dada a todos n\u00f3s, para \u2018TERMOS LIVRE-ARB\u00cdTRIO\u201d, ou seja, termos \u201cpermiss\u00e3o&#8221; para acertar ou pecar, para agir bem ou agir mal, enfim, para acreditar em seu \u201cmundo de cren\u00e7as\u201d como se fosse um \u201cmundo verdadeiro\u201d!<\/span><\/h2>\n<h2 style=\"text-align: center;\"><span style=\"color: #3c3c61;\">Se assim fosse, DEUS N\u00c3O SERIA A \u201cMENTE\u00a0 \u00daNICA E ONIPRESENTE\u201d QUE ELE \u00c9! Contudo, a humanidade, aceitando esta \u201cmente com livre-arb\u00edtrio\u201d, aceita com a maior naturalidade as MENTIRAS DO <strong><em>\u201cMUNDO DO PAI DA MENTIRA\u201d!<\/em><\/strong><\/span><\/h2>\n<h2 style=\"text-align: center;\"><span style=\"color: #3c3c61;\">Quando eu fazia palestras, explicando a Verdade Absoluta de que DEUS \u00c9 TUDO, E \u00c9 A <strong><em>PERFEI\u00c7\u00c3O INC\u00d3LUME<\/em><\/strong> QUE COBRE O UNIVERSO EM SUA TOTALIDADE INFINITA,\u00a0 havia quem me perguntasse: <strong><em>\u201cVOC\u00ca SE ACHA MESMO INTEGRALMENTE PERFEITO?\u201d.\u00a0<\/em> <\/strong>De onde vinha esta d\u00favida ou pergunta? DA MENTE <strong><em>DIVINA<\/em><\/strong> OU DA \u201cMENTE <strong><em>CARNAL\u201d?<\/em><\/strong> SABEMOS A RESPOSTA!<\/span><\/h2>\n<h2 style=\"text-align: center;\"><span style=\"color: #3c3c61;\">A perfei\u00e7\u00e3o \u00e9 DEUS SENDO TUDO, e jamais algo ou algu\u00e9m ilusoriamente \u201cpercebido\u201d pela \u201cmente fict\u00edcia\u201d! <strong><em>\u201cSede PERFEITOS, como PERFEITO \u00e9 Vosso Pai celestial\u201d<\/em> <\/strong>\u2013 disse Jesus! Revelava ser MENTIRA nos julgarmos imperfeitos! Revelava o CRISTO QUE SOMOS, DOTADO DA <strong><em>MENTE DE CRISTO!<\/em><\/strong>\u00a0 Se fosse dada a resposta: <strong><em>\u201cEu n\u00e3o acho que sou perfeito: EU SOU PERFEITO, E N\u00c3O SOMENTE EU, MAS TODOS IGUALMENTE\u00a0 S\u00c3O!&#8221;<\/em><\/strong> \u2013 \u00e0quela pessoa que fez a pergunta, <em>ENQUANTO ELA SE MANTIVESSE IDENTIFICADA COM A \u201cMENTE INEXISTENTE\u201d, A RESPOSTA N\u00c3O SERIA ENTENDIDA NEM ACEITA!<\/em><\/span><\/h2>\n<h2 style=\"text-align: center;\"><span style=\"color: #3c3c61;\">A <strong><em>\u201cmente carnal \u00e9 a inimizade contra Deus\u201d,<\/em><\/strong> ou seja, \u00e9 a <em>\u201cilus\u00e3o de mente\u201d<\/em> que se mostra CONVICTA de que \u201co mundo fenom\u00eanico\u201d \u00e9 um \u201cmundo verdadeiro\u201d! DE QUE VALERIA CHAM\u00c1-LO DE <strong><em>\u201cMUNDO DE ILUS\u00c3O\u201d<\/em><\/strong> OU <strong><em>\u201cMUNDO DO PAI DA MENTIRA\u201d,<\/em> <\/strong>DIANTE DE ALGU\u00c9M ALHEIO \u00c0 SUA PR\u00d3PRIA MENTE DIVINA? DE NADA VALERIA, A N\u00c3O SER QUANDO ELE\u00a0 SE MOSTRASSE <strong><em>TOTALMENTE ABERTO<\/em><\/strong> \u00c0 VERDADE, E N\u00c3O FAZENDO PERGUNTAS DECORRENTES DE SUA <strong><em>ILUS\u00d3RIA CONVIC\u00c7\u00c3O!<\/em><\/strong><\/span><\/h2>\n<h2 style=\"text-align: center;\"><span style=\"color: #3c3c61;\">DEUS \u00c9 A MENTE \u00daNICA ONIPRESENTE, QUE SOMENTE V\u00ca, ACEITA E RECONHECE A SUA PR\u00d3PRIA PERFEI\u00c7\u00c3O. <strong><em>E QUANTO A N\u00d3S?<\/em><\/strong> A MENTE ONIPRESENTE, <strong><em>OBRIGATORIAMENTE,<\/em><\/strong> \u00c9 A MENTE DE TODOS, AQUI E AGORA, E TODOS A PERCEBER\u00c3O QUANDO, COM <strong><em>&#8220;CORA\u00c7\u00c3O DE CRIAN\u00c7A&#8221;,<\/em> <\/strong>ACEITAREM QUE \u201cO MUNDO DOS FEN\u00d4MENOS\u201d JAMAIS EXISTIU, E ACEITAREM &#8220;SER UM COM DEUS\u201d, <strong><em>VENDO EXATAMENTE COMO DEUS V\u00ca, E VENDO A SI MESMOS N\u00c3O MAIS COMO &#8220;CARNAIS&#8221;, MAS SIM, COMO \u201cO CRISTO\u201d!<\/em><\/strong><\/span><\/h2>\n<h2 style=\"text-align: center;\"><span style=\"color: #3c3c61;\"> *<\/span><\/h2>\n","protected":false},"excerpt":{"rendered":"<p>A Realidade \u00e9 DEUS Se expressando como Universo e como o Cristo que somos! Este FATO \u00e9 inalter\u00e1vel, sempre presente,\u00a0 inc\u00f3lume e perfeito, AQUI E AGORA. Por que isto precisa ser dito? Por um s\u00f3 motivo: esta perfei\u00e7\u00e3o divina e infinita APARENTA estar ausente, e isto, unicamente por APARENTAR ESTAR ENCOBERTA POR\u00a0 UMA SIMPLES \u201cMIRAGEM\u201d! &hellip; <\/p>\n<p class=\"link-more\"><a href=\"https:\/\/www.fachodeluz.blog.br\/wp\/2017\/06\/18\/vislumbre-a-perfeicao-incolume-sob-o-veu-da-mentira\/\" class=\"more-link\">Leia mais<span class=\"screen-reader-text\"> &#8220;Vislumbre A Perfei\u00e7\u00e3o Inc\u00f3lume Sob O &#8220;V\u00e9u Da Mentira&#8221;!&#8221;<\/span><\/a><\/p>\n","protected":false},"author":2,"featured_media":0,"comment_status":"open","ping_status":"closed","sticky":false,"template":"","format":"standard","meta":{"nf_dc_page":"","_crdt_document":"","footnotes":""},"categories":[10],"tags":[],"class_list":["post-20480","post","type-post","status-publish","format-standard","hentry","category-darcio-dezolt"],"featured_media_urls":[],"_links":{"self":[{"href":"https:\/\/www.fachodeluz.blog.br\/wp\/wp-json\/wp\/v2\/posts\/20480","targetHints":{"allow":["GET"]}}],"collection":[{"href":"https:\/\/www.fachodeluz.blog.br\/wp\/wp-json\/wp\/v2\/posts"}],"about":[{"href":"https:\/\/www.fachodeluz.blog.br\/wp\/wp-json\/wp\/v2\/types\/post"}],"author":[{"embeddable":true,"href":"https:\/\/www.fachodeluz.blog.br\/wp\/wp-json\/wp\/v2\/users\/2"}],"replies":[{"embeddable":true,"href":"https:\/\/www.fachodeluz.blog.br\/wp\/wp-json\/wp\/v2\/comments?post=20480"}],"version-history":[{"count":0,"href":"https:\/\/www.fachodeluz.blog.br\/wp\/wp-json\/wp\/v2\/posts\/20480\/revisions"}],"wp:attachment":[{"href":"https:\/\/www.fachodeluz.blog.br\/wp\/wp-json\/wp\/v2\/media?parent=20480"}],"wp:term":[{"taxonomy":"category","embeddable":true,"href":"https:\/\/www.fachodeluz.blog.br\/wp\/wp-json\/wp\/v2\/categories?post=20480"},{"taxonomy":"post_tag","embeddable":true,"href":"https:\/\/www.fachodeluz.blog.br\/wp\/wp-json\/wp\/v2\/tags?post=20480"}],"curies":[{"name":"wp","href":"https:\/\/api.w.org\/{rel}","templated":true}]}}