{"id":20500,"date":"2017-06-21T10:26:43","date_gmt":"2017-06-21T13:26:43","guid":{"rendered":"http:\/\/fachodeluz.blog.br\/wp\/?p=20500"},"modified":"2017-06-21T16:36:01","modified_gmt":"2017-06-21T19:36:01","slug":"vossa-vida-esta-escondida-com-cristo-em-deus","status":"publish","type":"post","link":"https:\/\/www.fachodeluz.blog.br\/wp\/2017\/06\/21\/vossa-vida-esta-escondida-com-cristo-em-deus\/","title":{"rendered":"&#8220;Vossa Vida Est\u00e1 Escondida Com Cristo Em Deus!&#8221;"},"content":{"rendered":"<h2 style=\"text-align: center;\"><span style=\"color: #2a2f3d;\"><a style=\"color: #2a2f3d;\" href=\"https:\/\/i0.wp.com\/fachodeluz.blog.br\/wp\/wp-content\/uploads\/2017\/06\/oculta1.gif\"><img data-recalc-dims=\"1\" loading=\"lazy\" decoding=\"async\" loading=\"lazy\" class=\"aligncenter size-full wp-image-20501\" src=\"https:\/\/i0.wp.com\/fachodeluz.blog.br\/wp\/wp-content\/uploads\/2017\/06\/oculta1.gif?resize=455%2C455\" alt=\"oculta1\" width=\"455\" height=\"455\" \/><\/a><\/span><\/h2>\n<h2 style=\"text-align: center;\"><span style=\"color: #2a2f3d;\">Paulo disse: <em>\u201cPorque j\u00e1 estais mortos, e vossa vida est\u00e1 escondida com Cristo em Deus. Quando Cristo, que \u00e9 a nossa vida, se manifestar, ent\u00e3o tamb\u00e9m vos manifestareis com ele em gl\u00f3ria\u201d<\/em> (Cl. 3, 3-4). <\/span><\/h2>\n<h2 style=\"text-align: center;\"><span style=\"color: #2a2f3d;\">De onde lhe veio a vis\u00e3o iluminada que via \u201cmortos\u201d dotados da &#8220;Vida oculta em Deus?\u201d Este discernimento lhe veio do \u201cReferencial da Luz\u201d, da vis\u00e3o da Exist\u00eancia a partir do \u201cpermanente\u201d e n\u00e3o do \u201cjulgamento segundo as apar\u00eancias\u201d. N\u00e3o existe Verdade alguma em \u201capar\u00eancias\u201d, que s\u00e3o puramente \u201cimagens mortas\u201d, cenas de natureza hipn\u00f3tica que em nada alteram as \u201cobras de Deus\u201d ou &#8220;o Cristo que somos&#8221;.<\/span><\/h2>\n<h2 style=\"text-align: center;\"><span style=\"color: #2a2f3d;\">Um dos erros mais graves que os ensinamentos relativos infundem, \u00e9 a \u201ccren\u00e7a no tempo\u201d, onde a palavra \u201cquando\u201d \u00e9 interpretada como \u201cVerdade ainda por acontecer futuramente\u201d. Deste erro surgem as \u201cprofecias\u201d e aqueles que as estudam e a elas se prendem! Deveriam estar entendendo a palavra \u201cquando\u201d como sendo \u201c O AGORA <em>SEM<\/em> ILUS\u00c3O\u201d; por\u00e9m, por partirem do \u201creferencial ilus\u00f3rio\u201d, que \u00e9 o das \u201capar\u00eancias\u201d, acabam negando a Onipresen\u00e7a j\u00e1 AGORA manifesta, e acabam se convencendo de que \u201cum dia\u201d, e n\u00e3o \u201cagora\u201d, ser\u00e3o &#8220;iluminados&#8221;, ou ser\u00e3o a &#8220;Luz do mundo&#8221;, ou &#8220;perfeitos como Deus&#8221;.\u00a0 A &#8220;cren\u00e7a no tempo&#8221; gera, portanto, a &#8220;cren\u00e7a em ilumina\u00e7\u00e3o paulatina do ego&#8221;, ou seja, gera uma &#8220;ilus\u00e3o&#8221;. <\/span><\/h2>\n<h2 style=\"text-align: center;\"><span style=\"color: #2a2f3d;\">Jesus disse: <em>\u201cNaquele dia conhecereis que estou em meu Pai, e v\u00f3s em mim, e eu, em v\u00f3s\u201d <\/em>(Jo\u00e3o, 14: 20). Que \u201cdia\u201d ser\u00e1 este? Ser\u00e1 sempre AGORA, mas este discernimento se d\u00e1 unicamente a partir do <em>Referencial Iluminado! <\/em>\u00c9 a partir do Fato que este Fato pode ser entendido como presente e j\u00e1 em absoluta manifesta\u00e7\u00e3o.<\/span><\/h2>\n<h2 style=\"text-align: center;\"><span style=\"color: #2a2f3d;\">Jesus estava \u201cvendo a Unidade pronta\u201d e n\u00e3o fazendo profecias como se \u201calgo estivesse por acontecer\u201d. &#8220;Renascer&#8221; \u00e9 simplesmente\u00a0 \u201cdespertar\u201d para a Verdade consumada! O \u201cdespertar\u201d n\u00e3o far\u00e1 com que um \u201cmorto\u201d ressuscite em sua gl\u00f3ria! Antes, o \u201cdespertar\u201d deixa cada Ser consciente unicamente da Verdade de que, ele pr\u00f3prio, desde sempre, \u00e9 \u201co Caminho, a Verdade e a Vida\u201d. A &#8220;cren\u00e7a no tempo\u201d \u00e9 desmantelada pela percep\u00e7\u00e3o do \u201cAgora Eterno\u201d, em que a Onipresen\u00e7a Se faz presente <em>como<\/em> a perfei\u00e7\u00e3o de todos n\u00f3s. N\u00e3o existe \u201cexperi\u00eancia em Deus\u201d em que se tenha qualquer no\u00e7\u00e3o de \u201cter ela se iniciado!\u201d Toda \u201cexperi\u00eancia em Deus\u201d, que, de fato, \u00e9 \u201cExperi\u00eancia\u201d do pr\u00f3prio Deus, \u00e9 <em>sem come\u00e7o e sem fim!<\/em> O que ocorre, em termos de conceitua\u00e7\u00e3o humana, \u00e9 simplesmente o \u201cdesaparecimento da ilus\u00e3o\u201d, o sumi\u00e7o do inexistente \u201ctempo\u201d, o \u201cdespertar\u201d para o que sempre fomos, somos e seremos: a <em>Unidade Perfeita<\/em> chamada Deus! <\/span><\/h2>\n<h2 style=\"text-align: center;\"><span style=\"color: #2a2f3d;\">Para o \u201creferencial falso\u201d, da suposta humanidade, h\u00e1 o linguajar em termos de \u201cera, \u00e9, e ser\u00e1\u201d, ou o linguajar dos \u201cs\u00e9culos dos s\u00e9culos\u201d; para o \u201cReferencial da Luz\u201d, entretanto, isso tudo simplesmente revela <em>este<\/em> AGORA! <\/span><\/h2>\n<h2 style=\"text-align: center;\"><span style=\"color: #2a2f3d;\"><em>\u201cEu sou o primeiro e o \u00faltimo, e aquele que vive; estive morto (n\u00e3o compreendido), mas eis que estou vivo pelos s\u00e9culos dos s\u00e9culos&#8221;. <\/em>Essa \u00e9 uma declara\u00e7\u00e3o m\u00edstica da eternidade do Cristo, e tamb\u00e9m \u00e9 uma alus\u00e3o ao &#8220;conceito humano do Jesus crucificado&#8221;. Por isso, \u00e9 vitalmente importante que nos identifiquemos <em>unicamente<\/em> com \u201cCristo\u201d, e que nos entendamos <em>inclusos<\/em> na \u201cdeclara\u00e7\u00e3o m\u00edstica da eternidade do Cristo\u201d. <\/span><\/h2>\n<h2 style=\"text-align: center;\"><span style=\"color: #2a2f3d;\">Fa\u00e7a radicalmente esta identifica\u00e7\u00e3o com fidelidade plena aos princ\u00edpios revelados! N\u00e3o honre as \u201capar\u00eancias fraudulentas\u201d de imperfei\u00e7\u00f5es e dualismo! Mesmo que uma suposta \u201coutra mente\u201d tente defini-lo como \u201chumano\u201d, \u201cmortal\u201d ou \u201caspirante \u00e0 ilumina\u00e7\u00e3o\u201d, jamais aceite estas \u201csugest\u00f5es mesm\u00e9ricas\u201d. H\u00e1, em VOC\u00ca, o Esp\u00edrito Santo,\u00a0 Presen\u00e7a divina e consciente, \u201csendo\u201d o Cristo <em>como<\/em> sua identidade eterna. <\/span><\/h2>\n<h2 style=\"text-align: center;\"><span style=\"color: #2a2f3d;\">Ore e ou\u00e7a <em>unicamente<\/em> esta &#8220;Voz interior\u201d, a \u00fanica capaz de revelar a Verdade sem distor\u00e7\u00f5es! <em>\u201cMas aquele Consolador, o Esp\u00edrito Santo, que o Pai enviar\u00e1 em meu nome, esse vos ensinar\u00e1 todas as coisas e vos far\u00e1 lembrar de tudo quanto vos tenho dito\u201d<\/em> (Jo\u00e3o, 14: 26). <\/span><\/h2>\n<h2 style=\"text-align: center;\"><span style=\"color: #2a2f3d;\">*<\/span><\/h2>\n","protected":false},"excerpt":{"rendered":"<p>Paulo disse: \u201cPorque j\u00e1 estais mortos, e vossa vida est\u00e1 escondida com Cristo em Deus. Quando Cristo, que \u00e9 a nossa vida, se manifestar, ent\u00e3o tamb\u00e9m vos manifestareis com ele em gl\u00f3ria\u201d (Cl. 3, 3-4). De onde lhe veio a vis\u00e3o iluminada que via \u201cmortos\u201d dotados da &#8220;Vida oculta em Deus?\u201d Este discernimento lhe veio &hellip; <\/p>\n<p class=\"link-more\"><a href=\"https:\/\/www.fachodeluz.blog.br\/wp\/2017\/06\/21\/vossa-vida-esta-escondida-com-cristo-em-deus\/\" class=\"more-link\">Leia mais<span class=\"screen-reader-text\"> &#8220;&#8220;Vossa Vida Est\u00e1 Escondida Com Cristo Em Deus!&#8221;&#8221;<\/span><\/a><\/p>\n","protected":false},"author":2,"featured_media":0,"comment_status":"open","ping_status":"closed","sticky":false,"template":"","format":"standard","meta":{"nf_dc_page":"","_crdt_document":"","footnotes":""},"categories":[10],"tags":[],"class_list":["post-20500","post","type-post","status-publish","format-standard","hentry","category-darcio-dezolt"],"featured_media_urls":[],"_links":{"self":[{"href":"https:\/\/www.fachodeluz.blog.br\/wp\/wp-json\/wp\/v2\/posts\/20500","targetHints":{"allow":["GET"]}}],"collection":[{"href":"https:\/\/www.fachodeluz.blog.br\/wp\/wp-json\/wp\/v2\/posts"}],"about":[{"href":"https:\/\/www.fachodeluz.blog.br\/wp\/wp-json\/wp\/v2\/types\/post"}],"author":[{"embeddable":true,"href":"https:\/\/www.fachodeluz.blog.br\/wp\/wp-json\/wp\/v2\/users\/2"}],"replies":[{"embeddable":true,"href":"https:\/\/www.fachodeluz.blog.br\/wp\/wp-json\/wp\/v2\/comments?post=20500"}],"version-history":[{"count":0,"href":"https:\/\/www.fachodeluz.blog.br\/wp\/wp-json\/wp\/v2\/posts\/20500\/revisions"}],"wp:attachment":[{"href":"https:\/\/www.fachodeluz.blog.br\/wp\/wp-json\/wp\/v2\/media?parent=20500"}],"wp:term":[{"taxonomy":"category","embeddable":true,"href":"https:\/\/www.fachodeluz.blog.br\/wp\/wp-json\/wp\/v2\/categories?post=20500"},{"taxonomy":"post_tag","embeddable":true,"href":"https:\/\/www.fachodeluz.blog.br\/wp\/wp-json\/wp\/v2\/tags?post=20500"}],"curies":[{"name":"wp","href":"https:\/\/api.w.org\/{rel}","templated":true}]}}