{"id":20556,"date":"2017-07-02T10:24:46","date_gmt":"2017-07-02T13:24:46","guid":{"rendered":"http:\/\/fachodeluz.blog.br\/wp\/?p=20556"},"modified":"2017-07-02T10:24:46","modified_gmt":"2017-07-02T13:24:46","slug":"seja-testemunha-da-verdade-que-voce-sempre-e","status":"publish","type":"post","link":"https:\/\/www.fachodeluz.blog.br\/wp\/2017\/07\/02\/seja-testemunha-da-verdade-que-voce-sempre-e\/","title":{"rendered":"Seja Testemunha Da Verdade Que Voc\u00ea Sempre \u00c9!"},"content":{"rendered":"<h2 style=\"text-align: center;\"><span style=\"color: #2f2f40;\"><a style=\"color: #2f2f40;\" href=\"https:\/\/i0.wp.com\/fachodeluz.blog.br\/wp\/wp-content\/uploads\/2017\/07\/body11.gif\"><img data-recalc-dims=\"1\" loading=\"lazy\" decoding=\"async\" loading=\"lazy\" class=\"aligncenter size-full wp-image-20557\" src=\"https:\/\/i0.wp.com\/fachodeluz.blog.br\/wp\/wp-content\/uploads\/2017\/07\/body11.gif?resize=455%2C288\" alt=\"body11\" width=\"455\" height=\"288\" \/><\/a><\/span><\/h2>\n<h2 style=\"text-align: center;\"><span style=\"color: #2f2f40;\">As \u201capar\u00eancias\u201d, como desenhos animados que entret\u00eam crian\u00e7as frente \u00e0 TV, iludem a humanidade com suas imagens renitentes, por\u00e9m vazias de subst\u00e2ncia, de modo que o UNIVERSO REAL E SUBSTANCIAL, divino, perfeito e \u00fanico, deixe de ser reconhecido como presente.<\/span><\/h2>\n<h2 style=\"text-align: center;\"><span style=\"color: #2f2f40;\">\u00c9 verdadeiro o fato de que as \u201capar\u00eancias\u201d s\u00e3o <strong><em>\u201cnadas em forma de imagens\u201d!<\/em><\/strong> Entretanto, para isto ser provado, algu\u00e9m ter\u00e1 de ficar frente a elas, mas, se reconhecendo INTEGRALMENTE no REINO DE DEUS. Algo como se a crian\u00e7a, frente a um desenho animado do pica-pau, por exemplo, interrompesse seu aparente envolvimento com o filme e se visse na sala em que, de fato, \u00a0ela\u00a0 estivesse!<\/span><\/h2>\n<h2 style=\"text-align: center;\"><span style=\"color: #2f2f40;\">A Verdade revelada precisa prevalecer\u00a0 INEQUIVOCAMENTE em nossa aceita\u00e7\u00e3o, diante das \u201capar\u00eancias ilus\u00f3rias\u201d, uma vez que elas teimam em se fazer presentes, mesmo sendo \u201cnadas\u201d. Se a crian\u00e7a, vendo o desenho, trope\u00e7ar no fio e desligar a TV, o \u201cmundo do pica-pau\u201d sumir\u00e1 por completo, juntamente com o seu ilus\u00f3rio envolvimento com ele! De igual modo, quando recha\u00e7amos a &#8220;mente carnal&#8221; com seus feitos, pela identifica\u00e7\u00e3o clara e cristalina com a Mente divina, a apresenta\u00e7\u00e3o fict\u00edcia das \u201capar\u00eancias\u201d se ver\u00e1 interrompida, desaparecendo\u00a0 em seu \u201cnada origin\u00e1rio\u201d. Por isso, \u00e9 ineficaz algu\u00e9m acreditar nas \u201capar\u00eancias\u201d e desejar ver o Reino de Deus sem, primeiro, &#8220;desligar&#8221; esta mente falsa que as projeta! Nesse sentido, assim disse Buda:<strong><em> \u201cN\u00e3o se elimina a ilus\u00e3o da mente com a mente em ilus\u00e3o\u201d!<\/em><\/strong><\/span><\/h2>\n<h2 style=\"text-align: center;\"><span style=\"color: #2f2f40;\">O real problema n\u00e3o \u00e9 \u201cfalta de ilumina\u00e7\u00e3o espiritual\u201d! O problema \u00e9 a IDENTIFICA\u00c7\u00c3O COM A MENTE QUE V\u00ca APAR\u00caNCIAS! Se vistas, e acreditadas, o que ser\u00e1 percebido, ser\u00e1 o \u201cmundo do pai da mentira\u201d, uma falsidade que, para ser desmantelada, requer nossa <strong><em>IDENTIFICA\u00c7\u00c3O TOTAL COM DEUS E COM A MENTE DE DEUS!<\/em><\/strong><\/span><\/h2>\n<h2 style=\"text-align: center;\"><span style=\"color: #2f2f40;\">Os artigos n\u00e3o repetem \u00e0 exaust\u00e3o nem por acaso, que DEUS \u00c9 TUDO, E QUE ESTE MUNDO \u00c9 ILUS\u00c3O! AS REPETI\u00c7\u00d5ES ATUAM COMO SUGEST\u00d5ES CONTR\u00c1RIAS AO HIPNOTISMO DE MASSA, ENFRAQUECENDO-O E LEVANDO AS PESSOAS \u00c0S \u201cCONTEMPLA\u00c7\u00d5ES ABSOLUTAS\u201d QUE LHES REVELAM, EM SI PR\u00d3PRIAS, ESTAS VERDADES!<\/span><\/h2>\n<h2 style=\"text-align: center;\"><span style=\"color: #2f2f40;\"><strong><em>\u201cA PALAVRA MATA, MAS O ESP\u00cdRITO A VIVIFICA\u201d!<\/em><\/strong> Quando os princ\u00edpios s\u00e3o lidos, e as Verdades s\u00e3o aceitas, ao serem CONTEMPLADAS NO SIL\u00caNCIO elas se mostrar\u00e3o sendo VERDADES VIVAS!<\/span><\/h2>\n<h2 style=\"text-align: center;\"><span style=\"color: #2f2f40;\">Adote uma disciplina que lhe permita ter tempo h\u00e1bil para, com assiduidade, poder meditar e constatar a Verdade lida! A Mente que se mostra aberta \u00e0 Verdade \u00e9 a Mente de Deus pronta para Se revelar como a nossa Mente! Desse modo, a TOTALIDADE DE DEUS E A NULIDADE DO \u201cMUNDO MATERIAL\u201d poder\u00e3o ser vivenciadas, neste exato AQUI E AGORA! <\/span><\/h2>\n<h2 style=\"text-align: center;\"><span style=\"color: #2f2f40;\">*<\/span><\/h2>\n","protected":false},"excerpt":{"rendered":"<p>As \u201capar\u00eancias\u201d, como desenhos animados que entret\u00eam crian\u00e7as frente \u00e0 TV, iludem a humanidade com suas imagens renitentes, por\u00e9m vazias de subst\u00e2ncia, de modo que o UNIVERSO REAL E SUBSTANCIAL, divino, perfeito e \u00fanico, deixe de ser reconhecido como presente. \u00c9 verdadeiro o fato de que as \u201capar\u00eancias\u201d s\u00e3o \u201cnadas em forma de imagens\u201d! Entretanto, &hellip; <\/p>\n<p class=\"link-more\"><a href=\"https:\/\/www.fachodeluz.blog.br\/wp\/2017\/07\/02\/seja-testemunha-da-verdade-que-voce-sempre-e\/\" class=\"more-link\">Leia mais<span class=\"screen-reader-text\"> &#8220;Seja Testemunha Da Verdade Que Voc\u00ea Sempre \u00c9!&#8221;<\/span><\/a><\/p>\n","protected":false},"author":2,"featured_media":0,"comment_status":"open","ping_status":"closed","sticky":false,"template":"","format":"standard","meta":{"nf_dc_page":"","_crdt_document":"","footnotes":""},"categories":[10],"tags":[],"class_list":["post-20556","post","type-post","status-publish","format-standard","hentry","category-darcio-dezolt"],"featured_media_urls":[],"_links":{"self":[{"href":"https:\/\/www.fachodeluz.blog.br\/wp\/wp-json\/wp\/v2\/posts\/20556","targetHints":{"allow":["GET"]}}],"collection":[{"href":"https:\/\/www.fachodeluz.blog.br\/wp\/wp-json\/wp\/v2\/posts"}],"about":[{"href":"https:\/\/www.fachodeluz.blog.br\/wp\/wp-json\/wp\/v2\/types\/post"}],"author":[{"embeddable":true,"href":"https:\/\/www.fachodeluz.blog.br\/wp\/wp-json\/wp\/v2\/users\/2"}],"replies":[{"embeddable":true,"href":"https:\/\/www.fachodeluz.blog.br\/wp\/wp-json\/wp\/v2\/comments?post=20556"}],"version-history":[{"count":0,"href":"https:\/\/www.fachodeluz.blog.br\/wp\/wp-json\/wp\/v2\/posts\/20556\/revisions"}],"wp:attachment":[{"href":"https:\/\/www.fachodeluz.blog.br\/wp\/wp-json\/wp\/v2\/media?parent=20556"}],"wp:term":[{"taxonomy":"category","embeddable":true,"href":"https:\/\/www.fachodeluz.blog.br\/wp\/wp-json\/wp\/v2\/categories?post=20556"},{"taxonomy":"post_tag","embeddable":true,"href":"https:\/\/www.fachodeluz.blog.br\/wp\/wp-json\/wp\/v2\/tags?post=20556"}],"curies":[{"name":"wp","href":"https:\/\/api.w.org\/{rel}","templated":true}]}}