{"id":20607,"date":"2017-07-13T13:51:21","date_gmt":"2017-07-13T16:51:21","guid":{"rendered":"http:\/\/fachodeluz.blog.br\/wp\/?p=20607"},"modified":"2017-07-13T13:51:21","modified_gmt":"2017-07-13T16:51:21","slug":"o-tempo-nao-existe-2","status":"publish","type":"post","link":"https:\/\/www.fachodeluz.blog.br\/wp\/2017\/07\/13\/o-tempo-nao-existe-2\/","title":{"rendered":"&#8220;O Tempo N\u00e3o Existe!&#8221;"},"content":{"rendered":"<h2 style=\"text-align: center;\"><a href=\"https:\/\/i0.wp.com\/fachodeluz.blog.br\/wp\/wp-content\/uploads\/2017\/07\/agora4.gif\"><img data-recalc-dims=\"1\" loading=\"lazy\" decoding=\"async\" loading=\"lazy\" class=\"aligncenter size-full wp-image-20608\" src=\"https:\/\/i0.wp.com\/fachodeluz.blog.br\/wp\/wp-content\/uploads\/2017\/07\/agora4.gif?resize=455%2C627\" alt=\"agora4\" width=\"455\" height=\"627\" \/><\/a><\/h2>\n<h2 style=\"text-align: center;\"><span style=\"color: #800000;\">\u201cHora vir\u00e1, <em>E AGORA \u00c9,<\/em>\u00a0 em que adorareis o Pai em Esp\u00edrito e em Verdade\u201d \u2013 disse Jesus! Explicava o ESP\u00cdRITO DE DEUS QUE SOMOS, aparentemente ausente unicamente por ser aceita coletivamente\u00a0 uma imagem hipn\u00f3tica, sem realidade e sem respaldo divino, ou seja,\u00a0 uma ILUS\u00c3O!<\/span><\/h2>\n<h2 style=\"text-align: center;\"><span style=\"color: #800000;\">Jesus deixava claro o AGORA EM QUE EM DEUS VIVEMOS, e dizer que \u201chora vir\u00e1\u201d \u00e9 mera for\u00e7a de express\u00e3o, reveladora de um &#8220;despertar&#8221; ao FATO de JAMAIS EXISTIU OU EXISTE O CHAMADO \u201cTEMPO\u201d!<\/span><\/h2>\n<h2 style=\"text-align: center;\"><span style=\"color: #800000;\">Por que h\u00e1 ensinamentos com a pretens\u00e3o de \u201cevoluir seres humanos\u201d, de \u201ctorn\u00e1-los&#8221; perfect\u00edveis e de v\u00ea-los como \u201cfrutos de nove meses de gesta\u00e7\u00e3o\u201d? A resposta \u00e9 a seguinte: <em>ACREDITAM NO TEMPO E NAS MUDAN\u00c7AS ATRIBU\u00cdDAS AO TEMPO!<\/em> <em>Em Eclesiastes 14:3, est\u00e1 revelado: AS OBRAS DE DEUS S\u00c3O PERMANENTES \u2013 NADA PODE SER-LHES ACRESCENTADO NEM TIRADO\u201d.<\/em><\/span><\/h2>\n<h2 style=\"text-align: center;\"><span style=\"color: #800000;\">Lillian DeWaters assim disse: \u201c<em>A cren\u00e7a de que somos um homem ou criatura, um corpo ou uma imagem, n\u00e3o \u00e9 a Verdade. A cren\u00e7a de que cada um \u00e9 uma consci\u00eancia humana individual, e que seu bem \u00e9 criado por seu pensamento, e que ele \u00e9 dotado de mente, vontade e corpo pr\u00f3prios, a serem redimidos e purificados, n\u00e3o \u00e9 a Verdade. O esfor\u00e7o crescente para aplicar a Verdade \u00e0 mente, pensamento ou condi\u00e7\u00e3o chegou ao fim: e por este motivo: a Verdade \u00e9 aquilo que SOMOS, e n\u00e3o o que poder\u00edamos pretender nos tornar\u201d. <\/em><\/span><\/h2>\n<h2 style=\"text-align: center;\"><span style=\"color: #800000;\">A cren\u00e7a \u00a0de que \u201calgo ou algu\u00e9m&#8221;, al\u00e9m de Deus\u201d, possam estar existindo \u00e9 a ILUS\u00c3O a ser vista como ILUS\u00c3O ou como NADA. A Verdade que SOMOS \u00e9 o ESP\u00cdRITO DE DEUS, neste exato AGORA! Tamb\u00e9m n\u00e3o existe \u201calgu\u00e9m\u201d para ADORAR A DEUS! O sentido da frase de Jesus est\u00e1 em contemplarmos, exatamente AGORA,\u00a0 o Esp\u00edrito de Deus no AGORA ATEMPORAL, em que entendemos\u00a0 Sua Presen\u00e7a\u00a0 sendo a PRESEN\u00c7A QUE SOMOS NA \u201cUNIDADE PERFEITA\u201d!\u00a0 <\/span><\/h2>\n<h2 style=\"text-align: center;\"><span style=\"color: #800000;\">\u00c9 necess\u00e1rio que, na &#8220;Pr\u00e1tica do Sil\u00eancio&#8221;, reconhe\u00e7amos o\u201ctempo como nada\u201d, para desmantelarmos sua \u201ctela temporal de imagens hipn\u00f3ticas\u201d! <\/span><\/h2>\n<h2 style=\"text-align: center;\"><span style=\"color: #800000;\"><em>DEUS \u00c9 TUDO AGORA! \u00c9, portanto, AGORA que DEUS SE EVIDENCIA COMO A SUA TOTALIDADE \u00a0E UNICIDADE, EMANANDO DE SEU VERBO O \u201cCRISTO ILUMINADO\u00a0 QUE SOMOS\u201d!<\/em><\/span><\/h2>\n<h2 style=\"text-align: center;\"><span style=\"color: #800000;\"><em>*<\/em><\/span><\/h2>\n","protected":false},"excerpt":{"rendered":"<p>\u201cHora vir\u00e1, E AGORA \u00c9,\u00a0 em que adorareis o Pai em Esp\u00edrito e em Verdade\u201d \u2013 disse Jesus! Explicava o ESP\u00cdRITO DE DEUS QUE SOMOS, aparentemente ausente unicamente por ser aceita coletivamente\u00a0 uma imagem hipn\u00f3tica, sem realidade e sem respaldo divino, ou seja,\u00a0 uma ILUS\u00c3O! Jesus deixava claro o AGORA EM QUE EM DEUS VIVEMOS, &hellip; <\/p>\n<p class=\"link-more\"><a href=\"https:\/\/www.fachodeluz.blog.br\/wp\/2017\/07\/13\/o-tempo-nao-existe-2\/\" class=\"more-link\">Leia mais<span class=\"screen-reader-text\"> &#8220;&#8220;O Tempo N\u00e3o Existe!&#8221;&#8221;<\/span><\/a><\/p>\n","protected":false},"author":2,"featured_media":0,"comment_status":"open","ping_status":"closed","sticky":false,"template":"","format":"standard","meta":{"nf_dc_page":"","_crdt_document":"","footnotes":""},"categories":[10],"tags":[],"class_list":["post-20607","post","type-post","status-publish","format-standard","hentry","category-darcio-dezolt"],"featured_media_urls":[],"_links":{"self":[{"href":"https:\/\/www.fachodeluz.blog.br\/wp\/wp-json\/wp\/v2\/posts\/20607","targetHints":{"allow":["GET"]}}],"collection":[{"href":"https:\/\/www.fachodeluz.blog.br\/wp\/wp-json\/wp\/v2\/posts"}],"about":[{"href":"https:\/\/www.fachodeluz.blog.br\/wp\/wp-json\/wp\/v2\/types\/post"}],"author":[{"embeddable":true,"href":"https:\/\/www.fachodeluz.blog.br\/wp\/wp-json\/wp\/v2\/users\/2"}],"replies":[{"embeddable":true,"href":"https:\/\/www.fachodeluz.blog.br\/wp\/wp-json\/wp\/v2\/comments?post=20607"}],"version-history":[{"count":0,"href":"https:\/\/www.fachodeluz.blog.br\/wp\/wp-json\/wp\/v2\/posts\/20607\/revisions"}],"wp:attachment":[{"href":"https:\/\/www.fachodeluz.blog.br\/wp\/wp-json\/wp\/v2\/media?parent=20607"}],"wp:term":[{"taxonomy":"category","embeddable":true,"href":"https:\/\/www.fachodeluz.blog.br\/wp\/wp-json\/wp\/v2\/categories?post=20607"},{"taxonomy":"post_tag","embeddable":true,"href":"https:\/\/www.fachodeluz.blog.br\/wp\/wp-json\/wp\/v2\/tags?post=20607"}],"curies":[{"name":"wp","href":"https:\/\/api.w.org\/{rel}","templated":true}]}}